{"id":14790,"date":"2019-12-06T18:11:15","date_gmt":"2019-12-06T18:11:15","guid":{"rendered":"https:\/\/redsemlac.com\/semmexico\/?p=14790"},"modified":"2023-07-21T15:15:29","modified_gmt":"2023-07-21T20:15:29","slug":"mujer-y-poder-35","status":"publish","type":"post","link":"https:\/\/redsemlac.com\/semmexico\/mujer-y-poder-35\/","title":{"rendered":"Mujer y Poder"},"content":{"rendered":"\n<h2 class=\"wp-block-heading\"><strong>Divisi\u00f3n de poderes\u2026 no de mexicanos<\/strong><\/h2>\n\n\n\n<p class=\"wp-block-paragraph\"><strong>*Natalia Vidales Rodr\u00edguez<\/strong><\/p>\n\n\n\n<p class=\"wp-block-paragraph\">SemM\u00e9xico. Sonora. 6 de diciembre de 2019.- Tras un a\u00f1o de pasmo de la oposici\u00f3n ante el arrollador triunfo de L\u00f3pez Obrador y de un ejercicio del poder de corte autoritario parece que , por fin, se advierte un camino que podr\u00eda llegar a contrapesarlo, y el cual qued\u00f3 evidenciado con la marcha ciudadana del pasado d\u00eda&nbsp;&nbsp;domingo primero ( el mismo del festejo de AMLO&nbsp;&nbsp;tras un a\u00f1o de gobierno).<\/p>\n\n\n\n<p class=\"wp-block-paragraph\">Y, como suele suceder ante la imprevisibilidad del futuro, por cercano que sea,&nbsp;&nbsp;la v\u00eda no provino&nbsp;&nbsp;de los partidos pol\u00edticos,&nbsp;&nbsp;ni&nbsp;&nbsp;de sus actores&nbsp;&nbsp;estereotipados&nbsp;&nbsp;(algunos, de plano, impresentables y&nbsp;&nbsp;representando papeles de villanos),&nbsp;&nbsp;&nbsp;sino de la sociedad&nbsp;&nbsp;civil: para que la cu\u00f1a apriete, dice el refr\u00e1n, ha de ser del mismo palo. Y, as\u00ed, parece que&nbsp;&nbsp;un Movimiento popular&nbsp;&nbsp;en contra del gobierno actual podr\u00eda compensar el poder del Movimiento que llev\u00f3 a la Presidencia a AMLO,&nbsp;&nbsp;y lograrse el af\u00e1n de que la Democracia no puede&nbsp;&nbsp;y menos debe, ejercerse de&nbsp;&nbsp;un solo lado.<\/p>\n\n\n\n<p class=\"wp-block-paragraph\">Si a divisiones vamos &#8212; se escuch\u00f3 durante la marcha del domingo &#8212;&nbsp;&nbsp;que la separaci\u00f3n sea, como dice la Constituci\u00f3n, de poderes, precisamente para equilibrarlos. Pero no el fraccionamiento&nbsp;&nbsp;de la sociedad como mexicanos \u2013que promueve el Presidente&#8211;&nbsp;&nbsp;sino en virtud de las diferencias de pensar y de actuar&nbsp;&nbsp;que aporten lo mejor de cada cual a la colectividad, desech\u00e1ndose&nbsp;&nbsp;lo pernicioso al pasarlas&nbsp;&nbsp;por el cedazo de la opini\u00f3n p\u00fablica.<\/p>\n\n\n\n<p class=\"wp-block-paragraph\">La divisi\u00f3n que conviene hoy al autoritarismo es la de los mexicanos, no la de los poderes. Contando con una base fiel de&nbsp;&nbsp;seguidores ( con&nbsp;&nbsp;alguna dotaci\u00f3n de \u201cfans\u201d, abreviatura de fan\u00e1ticos)&nbsp;&nbsp;distingui\u00e9ndola&nbsp;&nbsp;maniqueamente&nbsp;&nbsp;de los opositores,&nbsp;&nbsp;se intenta la discordia nacional entre dos&nbsp;&nbsp;M\u00e9xicos,&nbsp;&nbsp;cuando, en&nbsp;&nbsp;realidad, existen decenas e incluso miles de ellos.<\/p>\n\n\n\n<p class=\"wp-block-paragraph\">&nbsp;Ortega y Gasset dec\u00eda que \u201cen&nbsp;&nbsp;los pueblos hay tanta mayor energ\u00eda cuanta m\u00e1s grande diversidad de pareceres\u2026en el c\u00famulo de las visiones individuales o de grupo, comunicadas de mil modos en la conversaci\u00f3n, en los peri\u00f3dicos, en los libros, en los discursos&nbsp;&nbsp;&#8211;y ahora tambi\u00e9n en las delirantes redes sociales&#8211;&nbsp;&nbsp;se forman las grandes corrientes pol\u00edticas\u201d.<\/p>\n\n\n\n<p class=\"wp-block-paragraph\">El \u201cdivide y vencer\u00e1s\u201d de Maquiavelo en favor del&nbsp;&nbsp;gobernante&nbsp;&nbsp;prehist\u00f3rico, y que es la t\u00f3nica del actual r\u00e9gimen,&nbsp;&nbsp;&nbsp;va en contra de la conseja de separar y de fortalecer&nbsp;&nbsp;a los poderes en bien de la Democracia que defiende Montesquieu en pro del bien com\u00fan.&nbsp;&nbsp;<\/p>\n\n\n\n<p class=\"wp-block-paragraph\">Sin embargo el divisionismo de AMLO es discrecional: ahora que Cuauht\u00e9moc C\u00e1rdenas lo calific\u00f3 como ajeno al cardenismo (uno de los s\u00edmbolos de la 4T),&nbsp;&nbsp;y previno sobre un&nbsp;&nbsp;\u201csexenio perdido\u201d,&nbsp;&nbsp;el Presidente no lo llama&nbsp;<em>fif\u00ed&nbsp;<\/em>ni&nbsp;<em>conservador<\/em>&nbsp;( con que&nbsp;&nbsp;hubiera fulminado a cualquier otro), sino que \u201clo respeta\u201d (pues s\u00ed, porque con&nbsp;&nbsp;el&nbsp;&nbsp;l\u00edder moral&nbsp;&nbsp;e \u00edcono de la izquierda no le conviene enemistarse, aunque le diga sus verdades).<\/p>\n\n\n\n<p class=\"wp-block-paragraph\">En la marcha del domingo en contra del af\u00e1n separatista del Presidente y del&nbsp;&nbsp;fracaso de la pol\u00edtica en contra de la inseguridad y de la violencia en M\u00e9xico, as\u00ed como por la falta de crecimiento econ\u00f3mico,&nbsp;&nbsp;&nbsp;fueron las organizaciones civiles&nbsp;&nbsp;y colectivos ( de todo tipo ), as\u00ed como&nbsp;&nbsp;ciudadanos espont\u00e1neos&nbsp;&nbsp;&nbsp;quienes&nbsp;&nbsp;la encabezaron,&nbsp;&nbsp;llevando a remolque a los directivos y&nbsp;&nbsp;militantes de los&nbsp;&nbsp;partidos pol\u00edticos de la oposici\u00f3n y no como podr\u00eda esperarse ( o como ocurr\u00eda antes), al rev\u00e9s, en que aquellos lideraban&nbsp;&nbsp;( o acarreaban) a las personas.<\/p>\n\n\n\n<p class=\"wp-block-paragraph\">Esa marcha de dis\u00edmbolos&nbsp;&nbsp;juntos, as\u00ed fuera por la circunstancia que los convoc\u00f3&nbsp;&nbsp;en contra del actual r\u00e9gimen&nbsp;&nbsp;\u2013por sus excesos de poder, por un lado,&nbsp;&nbsp;y por&nbsp;&nbsp;sus deficiencias por el otro&#8211;&nbsp;&nbsp;&nbsp;fue un primer paso&nbsp;&nbsp;concreto y efectivo para que, a contrapelo de AMLO, los mexicanos estemos unidos\u2026pero los poderes separados.&nbsp;<\/p>\n","protected":false},"excerpt":{"rendered":"<p>Divisi\u00f3n de poderes\u2026 no de mexicanos<\/p>\n","protected":false},"author":3,"featured_media":14791,"comment_status":"open","ping_status":"open","sticky":false,"template":"","format":"standard","meta":{"_monsterinsights_skip_tracking":false,"footnotes":""},"categories":[690,100,72],"tags":[],"class_list":["post-14790","post","type-post","status-publish","format-standard","has-post-thumbnail","category-690","category-mujer-y-poder","category-natalia-vidales"],"_links":{"self":[{"href":"https:\/\/redsemlac.com\/semmexico\/wp-json\/wp\/v2\/posts\/14790","targetHints":{"allow":["GET"]}}],"collection":[{"href":"https:\/\/redsemlac.com\/semmexico\/wp-json\/wp\/v2\/posts"}],"about":[{"href":"https:\/\/redsemlac.com\/semmexico\/wp-json\/wp\/v2\/types\/post"}],"author":[{"embeddable":true,"href":"https:\/\/redsemlac.com\/semmexico\/wp-json\/wp\/v2\/users\/3"}],"replies":[{"embeddable":true,"href":"https:\/\/redsemlac.com\/semmexico\/wp-json\/wp\/v2\/comments?post=14790"}],"version-history":[{"count":0,"href":"https:\/\/redsemlac.com\/semmexico\/wp-json\/wp\/v2\/posts\/14790\/revisions"}],"wp:featuredmedia":[{"embeddable":true,"href":"https:\/\/redsemlac.com\/semmexico\/wp-json\/wp\/v2\/media\/14791"}],"wp:attachment":[{"href":"https:\/\/redsemlac.com\/semmexico\/wp-json\/wp\/v2\/media?parent=14790"}],"wp:term":[{"taxonomy":"category","embeddable":true,"href":"https:\/\/redsemlac.com\/semmexico\/wp-json\/wp\/v2\/categories?post=14790"},{"taxonomy":"post_tag","embeddable":true,"href":"https:\/\/redsemlac.com\/semmexico\/wp-json\/wp\/v2\/tags?post=14790"}],"curies":[{"name":"wp","href":"https:\/\/api.w.org\/{rel}","templated":true}]}}