{"id":14784,"date":"2019-12-06T01:12:14","date_gmt":"2019-12-06T01:12:14","guid":{"rendered":"https:\/\/redsemlac.com\/semmexico\/?p=14784"},"modified":"2023-07-21T15:15:29","modified_gmt":"2023-07-21T20:15:29","slug":"reportan-dos-jovenes-desparecidas-en-la-cdmx","status":"publish","type":"post","link":"https:\/\/redsemlac.com\/semmexico\/reportan-dos-jovenes-desparecidas-en-la-cdmx\/","title":{"rendered":"Reportan dos j\u00f3venes desparecidas en la CDMX"},"content":{"rendered":"\n<p class=\"wp-block-paragraph\"><strong>* Reclaman\nnegligencia de las autoridades capitalinas en uno de los casos<\/strong><\/p>\n\n\n\n<p class=\"wp-block-paragraph\"><strong>* Piden a la\nciudadan\u00eda hacer visibles en redes sociales ambos casos<\/strong><\/p>\n\n\n\n<p class=\"wp-block-paragraph\"><strong>Lorena\nVaniezcot<\/strong><\/p>\n\n\n\n<p class=\"wp-block-paragraph\">SemM\u00e9xico, Cd. de M\u00e9xico, 5\ndiciembre 2019.- Jessica S\u00e1nchez Ugalde y Laura Sabina Gonz\u00e1lez Rodr\u00edguez, una\nde 16 y la otra de 20 a\u00f1os de edad, respectivamente, est\u00e1n desaparecidas,\norganizaciones y activistas urgen a la ciudadan\u00eda a hacer virales los carteles\nde b\u00fasqueda.<\/p>\n\n\n\n<p class=\"wp-block-paragraph\">Jessica S\u00e1nchez Ugalde esta no\nlocalizada desde el 3 de diciembre de 2019, en la Colonia Axotla, Alcald\u00eda en \u00c1lvaro\nObreg\u00f3n, Ciudad de M\u00e9xico y que contrario a lo que se ha dicho en algunas redes\nsociales, la menor de edad a\u00fan no ha sido localizada.<\/p>\n\n\n\n<p class=\"wp-block-paragraph\">Por otra parte, de Laura Sabina Gonz\u00e1lez\nRodr\u00edguez no se sabe nada desde el pasado 30 de noviembre, su \u00faltima ubicaci\u00f3n\nfue en Iztapalapa, tambi\u00e9n en la capital mexicana.<\/p>\n\n\n\n<p class=\"wp-block-paragraph\">De igual forma, organizaciones\ndefensoras de derechos humanos, hacen un llamado a seguir haciendo visible en\nredes sociales que la joven no ha sido localizada, ya que tiene una condici\u00f3n\nde salud delicada y urge que tome medicamentos.<\/p>\n\n\n\n<p class=\"wp-block-paragraph\">El Colectivo Aequus. Promoci\u00f3n y\nDefensa de Derechos Humanos, exigi\u00f3 que las autoridades de la Ciudad de M\u00e9xico\nimplementen de inmediato el protocolo homologado para personas desaparecidas conforme\na la Ley General en materia de Desaparici\u00f3n Forzada, Desaparici\u00f3n cometida por particulares y del Sistema Nacional\nde B\u00fasqueda, todo ello con perspectiva de g\u00e9nero.<\/p>\n\n\n\n<p class=\"wp-block-paragraph\">El representante de la organizaci\u00f3n, V\u00edctor Rogelio Caballero\nSierra, se\u00f1al\u00f3 que en el caso de Laura Sabina Gonz\u00e1lez Rodr\u00edguez las\nautoridades se negaron a levantar la denuncia y fue hasta ayer cuando se\npermiti\u00f3 hacerlo.<\/p>\n\n\n\n<p class=\"wp-block-paragraph\">De nuevo la indolencia de las autoridades nos motivan a hacerlas\nresponsables por la seguridad, la integridad f\u00edsica y cualquier deterioro en la\nsalud de Laura Sabina Gonz\u00e1lez Rodr\u00edguez, dijo.<\/p>\n\n\n\n<p class=\"wp-block-paragraph\">SEM\/lv\/sj<\/p>\n","protected":false},"excerpt":{"rendered":"<p>Reclaman negligencia de las autoridades capitalinas en uno de los casos<\/p>\n","protected":false},"author":3,"featured_media":14785,"comment_status":"open","ping_status":"open","sticky":false,"template":"","format":"standard","meta":{"_monsterinsights_skip_tracking":false,"footnotes":""},"categories":[690,47],"tags":[],"class_list":["post-14784","post","type-post","status-publish","format-standard","has-post-thumbnail","category-690","category-no-mas-impunidad"],"_links":{"self":[{"href":"https:\/\/redsemlac.com\/semmexico\/wp-json\/wp\/v2\/posts\/14784","targetHints":{"allow":["GET"]}}],"collection":[{"href":"https:\/\/redsemlac.com\/semmexico\/wp-json\/wp\/v2\/posts"}],"about":[{"href":"https:\/\/redsemlac.com\/semmexico\/wp-json\/wp\/v2\/types\/post"}],"author":[{"embeddable":true,"href":"https:\/\/redsemlac.com\/semmexico\/wp-json\/wp\/v2\/users\/3"}],"replies":[{"embeddable":true,"href":"https:\/\/redsemlac.com\/semmexico\/wp-json\/wp\/v2\/comments?post=14784"}],"version-history":[{"count":0,"href":"https:\/\/redsemlac.com\/semmexico\/wp-json\/wp\/v2\/posts\/14784\/revisions"}],"wp:featuredmedia":[{"embeddable":true,"href":"https:\/\/redsemlac.com\/semmexico\/wp-json\/wp\/v2\/media\/14785"}],"wp:attachment":[{"href":"https:\/\/redsemlac.com\/semmexico\/wp-json\/wp\/v2\/media?parent=14784"}],"wp:term":[{"taxonomy":"category","embeddable":true,"href":"https:\/\/redsemlac.com\/semmexico\/wp-json\/wp\/v2\/categories?post=14784"},{"taxonomy":"post_tag","embeddable":true,"href":"https:\/\/redsemlac.com\/semmexico\/wp-json\/wp\/v2\/tags?post=14784"}],"curies":[{"name":"wp","href":"https:\/\/api.w.org\/{rel}","templated":true}]}}