{"id":14779,"date":"2019-12-06T00:47:53","date_gmt":"2019-12-06T00:47:53","guid":{"rendered":"https:\/\/redsemlac.com\/semmexico\/?p=14779"},"modified":"2023-07-21T15:15:29","modified_gmt":"2023-07-21T20:15:29","slug":"ana-margarita-rios-farjat-nueva-ministra-de-la-scjn","status":"publish","type":"post","link":"https:\/\/redsemlac.com\/semmexico\/ana-margarita-rios-farjat-nueva-ministra-de-la-scjn\/","title":{"rendered":"Ana Margarita R\u00edos-Farjat nueva ministra de la SCJN"},"content":{"rendered":"\n<p class=\"wp-block-paragraph\"><strong>* Electa por\n94 votos a favor en el Senado<\/strong><\/p>\n\n\n\n<p class=\"wp-block-paragraph\"><strong>* M\u00f3nica\nFern\u00e1ndez, presidenta de la mesa directiva del Senado, le tom\u00f3 protesta<\/strong><\/p>\n\n\n\n<p class=\"wp-block-paragraph\"><strong>Lorena\nVaniezcot<\/strong><\/p>\n\n\n\n<p class=\"wp-block-paragraph\">SemM\u00e9xico, Cd. de M\u00e9xico, 5 diciembre 2019.-\nAna Margarita R\u00edos-Farjat fue electa como nueva Ministra de la Suprema Corte de\nJusticia de la Naci\u00f3n, por 94 votos a favor por parte de las y los integrantes\ndel Senado de la Rep\u00fablica.<\/p>\n\n\n\n<p class=\"wp-block-paragraph\">La nueva Ministra obtuvo una\nmayor\u00eda de votos frente a las aspirantes Diana \u00c1lvarez quien obtuvo un voto y\nLaura Magaloni quien alcanz\u00f3 25 votos. No hubo abstenciones y s\u00ed dos votos\nnulos durante la sesi\u00f3n. Adem\u00e1s, en la urna fueron depositados dos sobres vac\u00edos\ny dos objetos de papel. Dos de ellos en forma de barco y otro en forma de avi\u00f3n.<\/p>\n\n\n\n<p class=\"wp-block-paragraph\">Tras la votaci\u00f3n, la\nPresidenta de la Mesa Directiva, la Senadora M\u00f3nica Fern\u00e1ndez Balboa, tom\u00f3 la\nprotesta a la nueva ministra que ocupar\u00e1 la vacante que dej\u00f3 Eduardo Medina\nMora, quien renunci\u00f3 al cargo en octubre pasado.<\/p>\n\n\n\n<p class=\"wp-block-paragraph\">R\u00edos-Farjar, ex titular del\nSistema de Administraci\u00f3n Tributario, ocupara el nuevo cargo en la Corte para\nel periodo 2019-2034.<\/p>\n\n\n\n<p class=\"wp-block-paragraph\">Durante su comparecencia, Ana Margarita R\u00edos-Farjat destac\u00f3 la importancia de fortalecer a las instituciones y la independencia del Poder Judicial y su autonom\u00eda presupuestal, para no afectar su funcionamiento. Opin\u00f3 que la Corte no debe ser ni oposici\u00f3n, ni partidaria, sino tener \u201cun discreto y potente papel a la hora de clarificar la Constituci\u00f3n\u201d.<\/p>\n\n\n\n<p class=\"wp-block-paragraph\">Consider\u00f3\nque la Corte tiene un papel fundamental en la salvaguarda de los bienes\nnacionales y en el funcionamiento del mercado, ya que el objetivo es garantizar\nel crecimiento en t\u00e9rminos de justicia, igualdad y equidad. <\/p>\n\n\n\n<p class=\"wp-block-paragraph\">Tambi\u00e9n destac\u00f3 que el pa\u00eds\nrequiere de instituciones s\u00f3lidas y profesionales incorruptibles para\ngarantizar la seguridad jur\u00eddica.<\/p>\n\n\n\n<p class=\"wp-block-paragraph\">La nueva Ministra tiene 46\na\u00f1os y naci\u00f3 en Monterrey, la norte\u00f1a capital de Nuevo Le\u00f3n. Es egresada de la\nFacultad de Derecho y Ciencias Sociales de la Universidad Aut\u00f3noma de Nuevo\nLe\u00f3n, donde estudi\u00f3 la licenciatura en Derecho y despu\u00e9s una maestr\u00eda en\nDerecho Fiscal y un doctorado en Pol\u00edtica P\u00fablica por la Escuela de Gobierno y\nTransformaci\u00f3n P\u00fablica del Tecnol\u00f3gico de Monterrey.<\/p>\n\n\n\n<p class=\"wp-block-paragraph\">Ha sido funcionaria y\ncatedr\u00e1tica. Ha publicado diversos libros especializados en Derecho y poes\u00eda.<\/p>\n\n\n\n<p class=\"wp-block-paragraph\">SEM\/lv\/sj<\/p>\n","protected":false},"excerpt":{"rendered":"<p>Electa por 94 votos a favor en el Senado<\/p>\n","protected":false},"author":3,"featured_media":14780,"comment_status":"open","ping_status":"open","sticky":false,"template":"","format":"standard","meta":{"_monsterinsights_skip_tracking":false,"footnotes":""},"categories":[690,50],"tags":[],"class_list":["post-14779","post","type-post","status-publish","format-standard","has-post-thumbnail","category-690","category-congreso"],"_links":{"self":[{"href":"https:\/\/redsemlac.com\/semmexico\/wp-json\/wp\/v2\/posts\/14779","targetHints":{"allow":["GET"]}}],"collection":[{"href":"https:\/\/redsemlac.com\/semmexico\/wp-json\/wp\/v2\/posts"}],"about":[{"href":"https:\/\/redsemlac.com\/semmexico\/wp-json\/wp\/v2\/types\/post"}],"author":[{"embeddable":true,"href":"https:\/\/redsemlac.com\/semmexico\/wp-json\/wp\/v2\/users\/3"}],"replies":[{"embeddable":true,"href":"https:\/\/redsemlac.com\/semmexico\/wp-json\/wp\/v2\/comments?post=14779"}],"version-history":[{"count":0,"href":"https:\/\/redsemlac.com\/semmexico\/wp-json\/wp\/v2\/posts\/14779\/revisions"}],"wp:featuredmedia":[{"embeddable":true,"href":"https:\/\/redsemlac.com\/semmexico\/wp-json\/wp\/v2\/media\/14780"}],"wp:attachment":[{"href":"https:\/\/redsemlac.com\/semmexico\/wp-json\/wp\/v2\/media?parent=14779"}],"wp:term":[{"taxonomy":"category","embeddable":true,"href":"https:\/\/redsemlac.com\/semmexico\/wp-json\/wp\/v2\/categories?post=14779"},{"taxonomy":"post_tag","embeddable":true,"href":"https:\/\/redsemlac.com\/semmexico\/wp-json\/wp\/v2\/tags?post=14779"}],"curies":[{"name":"wp","href":"https:\/\/api.w.org\/{rel}","templated":true}]}}