{"id":14723,"date":"2019-12-04T19:20:22","date_gmt":"2019-12-04T19:20:22","guid":{"rendered":"https:\/\/redsemlac.com\/semmexico\/?p=14723"},"modified":"2023-07-21T15:15:31","modified_gmt":"2023-07-21T20:15:31","slug":"alcanzar-una-generacion-libre-de-vih-es-posible","status":"publish","type":"post","link":"https:\/\/redsemlac.com\/semmexico\/alcanzar-una-generacion-libre-de-vih-es-posible\/","title":{"rendered":"Alcanzar una generaci\u00f3n libre de VIH es posible"},"content":{"rendered":"\n<p class=\"wp-block-paragraph\"><strong>Por Redacci\u00f3n<\/strong><\/p>\n\n\n\n<p class=\"wp-block-paragraph\">SemM\u00e9xico\/AmecoPress. Madrid, 4 dic. 19.- El pasado 1 de diciembre se vivi\u00f3 una vez m\u00e1s el D\u00eda Mundial de la Lucha contra el Sida, una enfermedad que a\u00fan est\u00e1 muy presente para millones de personas en el mundo. Ya han pasado 38 a\u00f1os desde que se conocieron los primeros casos de sida. Desde entonces se ha recorrido un largo camino en los que se han descubierto diferentes avances m\u00e9dicos en la infecci\u00f3n del VIH. Pero tambi\u00e9n se han vivido casi 40 a\u00f1os llenos de luces y de sombras que ha costado la vida a 35 millones de personas en el mundo y que ha dejado en evidencia las terribles desigualdades ligadas al g\u00e9nero, la orientaci\u00f3n sexual y la identidad de g\u00e9nero, la pobreza y la exclusi\u00f3n social.<\/p>\n\n\n\n<p class=\"wp-block-paragraph\">\u00abLas epidemias mostraban las peores debilidades del hombre, pero tambi\u00e9n sus mejores virtudes\u00bb, dijo Albert Camus. En este caso las debilidades pronto salieron a la luz; las personas enfermas no solo sufr\u00edan un padecimiento grave, sino que adem\u00e1s, diversos grupos sociales los acosaban y les negaban los m\u00e1s elementales cuidados. Esta situaci\u00f3n, que parece lejana en Espa\u00f1a, sigue siendo una realidad en demasiadas partes del mundo e incluye ostracismo, rechazo, discriminaci\u00f3n y nulo contacto con la persona infectada.<\/p>\n\n\n\n<p class=\"wp-block-paragraph\">Como consecuencia de este estigma las personas seropositivas tuvieron que sufrir la baja participaci\u00f3n en el asesoramiento sobre la enfermedad, el poco inter\u00e9s en la realizaci\u00f3n de las pruebas del VIH y la falta de inter\u00e9s en saber si se tiene el virus en personas que desconocen su estado serol\u00f3gico. Por otro lado el aislamiento social, la soledad, la baja autoestima, la crisis de identidad o la depresi\u00f3n fueron siendo una realidad para todas aquellas personas diagnosticadas con el VIH.<\/p>\n\n\n\n<p class=\"wp-block-paragraph\">\u00abQueremos ser testigos del final de esta epidemia y, creemos que es posible. Pero para terminar con el VIH necesitamos acabar con la SEROFOBIA, que es el prejuicio, miedo, rechazo y discriminaci\u00f3n hacia las personas seropositivas\u00bb, afirman desde Cesida.<\/p>\n\n\n\n<p class=\"wp-block-paragraph\">La serofobia lastra la respuesta ante el VIH y est\u00e1 interseccionada con otra serie de prejuicios asociados al g\u00e9nero, la pobreza, la orientaci\u00f3n sexual e identidad de g\u00e9nero, el origen racial o \u00e9tnico, la edad o a la sexualidad. En algunos pa\u00edses la discriminaci\u00f3n institucional incluye restricciones a la libertad de circulaci\u00f3n, al derecho de propiedad, al acceso al trabajo, escuela, servicios sociales e incluso vivienda.<\/p>\n\n\n\n<p class=\"wp-block-paragraph\">En este a\u00f1o 2019 es importante recordar que en todas estas minor\u00edas quien peor parte se lleva son las mujeres. Hay que entender c\u00f3mo los mandatos de g\u00e9nero y la socializaci\u00f3n sexista a las que est\u00e1n expuestas las mujeres, las sit\u00faa en una doble o triple discriminaci\u00f3n. Entendiendo triple si a\u00f1adimos a estas dos variables, ser mujer y tener VIH, otras realidades como, mujer transexual, migrante, drogodependiente, que ejerce la prostituci\u00f3n, etc.<\/p>\n\n\n\n<p class=\"wp-block-paragraph\">Cada semana, alrededor de 7.000 mujeres j\u00f3venes de entre 15 y 24 a\u00f1os contraen la infecci\u00f3n por el VIH. En \u00c1frica Subsahariana, tres de cada cuatro infecciones nuevas afectan a las adolescentes de entre 15 y 19 a\u00f1os. Las mujeres j\u00f3venes de entre 15 y 24 a\u00f1os tienen el doble de probabilidades de vivir con el VIH que los hombres. M\u00e1s de un tercio (35%) de las mujeres de todo el mundo ha sufrido violencia f\u00edsica o sexual en alg\u00fan momento de su vida. En algunas regiones, las mujeres que son v\u00edctimas de la violencia tienen un 50% m\u00e1s de probabilidades de contraer la infecci\u00f3n por el VIH, seg\u00fan los datos de Onusida.<\/p>\n\n\n\n<p class=\"wp-block-paragraph\">En nuestro pa\u00eds, entre las mujeres, la transmisi\u00f3n heterosexual constituye la gran mayor\u00eda, con un 85 % de los nuevos diagn\u00f3sticos. Las mujeres se diagnostican cada vez a una edad mayor, y en una situaci\u00f3n inmunol\u00f3gica peor que los hombres. Entre los nuevos diagn\u00f3sticos de VIH en las mujeres, m\u00e1s de la mitad son en mujeres inmigrantes.<\/p>\n\n\n\n<p class=\"wp-block-paragraph\">Las poblaciones migrantes y desplazadas, tambi\u00e9n son vulnerables a la infecci\u00f3n por VIH, tanto por las presiones sociales y econ\u00f3micas como por nuestra limitada comprensi\u00f3n sobre c\u00f3mo proporcionarles prevenci\u00f3n, cuidados y tratamiento, siendo los obst\u00e1culos principales a los que se enfrentan: estigma, ausencia de derechos b\u00e1sicos, acceso limitado a servicios y recursos econ\u00f3micos y restricciones fronterizas para las personas positivas.<\/p>\n\n\n\n<p class=\"wp-block-paragraph\">En el D\u00eda Internacional contra el Sida hay que reivindicar una sanidad universal y gratuita que favorezca la atenci\u00f3n a las personas inmigrantes que a\u00fan hoy tienen dificultades en algunas comunidades aut\u00f3nomas para el acceso al sistema sanitario p\u00fablico.<\/p>\n\n\n\n<p class=\"wp-block-paragraph\">Tampoco hay que olvidar a las personas con alg\u00fan tipo de patolog\u00eda mental. Seg\u00fan los expertos, es posible que dispongamos de las herramientas biol\u00f3gicas para poner fin a la epidemia del sida, pero no podremos alcanzar este objetivo si no abordamos salud mental entre las poblaciones m\u00e1s vulnerables.<\/p>\n\n\n\n<p class=\"wp-block-paragraph\">Las personas que viven con VIH pueden enfrentarse a desigualdad de trato tanto social como institucionalmente. A pesar de que a\u00fan el VIH sigue siendo un virus que no tiene cura, hoy en d\u00eda el tratamiento permite a las personas con VIH no s\u00f3lo tener una esperanza de vida igual a las personas no infectadas sin llegar nunca a desarrollar SIDA, sino que mantiene al virus indetectable y, por lo tanto, intransmisible.<\/p>\n\n\n\n<p class=\"wp-block-paragraph\">Desde el pasado 1 de diciembre ha habido en nuestro pa\u00eds momentos para la esperanza. Se ha asistido al final de las exclusiones de las personas con VIH en el acceso al empleo de la funci\u00f3n p\u00fablica, lo que supone un gran avance contra la discriminaci\u00f3n y exclusi\u00f3n en el \u00e1mbito laboral, que se debe implementar con una adecuada legislaci\u00f3n que impida la discriminaci\u00f3n de las personas seropositivas tanto en el acceso al empleo como en su permanencia.<\/p>\n\n\n\n<p class=\"wp-block-paragraph\">Durante el d\u00eda mundial del sida del 2018 el Ministerio de Sanidad lanzaba el pacto social contra la discriminaci\u00f3n asociada al VIH. Un documento muy esperado e impulsado por el Plan Nacional del Sida del ministerio de Sanidad con la participaci\u00f3n de otros ministerios, sociedades cient\u00edficas, universidades, sindicatos y sociedad civil, pero que tras un a\u00f1o de su presentaci\u00f3n a\u00fan requiere de una implementaci\u00f3n real y efectiva.<\/p>\n\n\n\n<p class=\"wp-block-paragraph\">La incorporaci\u00f3n de la Prep en la prestaci\u00f3n farmac\u00e9utica del Sistema Nacional Salud a partir del 1 de noviembre es otra de las grandes demandas de las organizaciones y profesionales del VIH alcanzadas en este a\u00f1o y cuya implementaci\u00f3n efectiva deber ser realizada con la mayor diligencia por las Comunidades Aut\u00f3nomas de forma que el acceso a la PrEP sea una realidad en todo el territorio del Estado de forma equitativa lo antes posible. La PrEP ha de servir para articular un nuevo abordaje de la salud sexual capaz de dar respuesta a las nuevas necesidades a las que nos enfrentamos y que requiere se complemente con mayores esfuerzos en el \u00e1mbito de la prevenci\u00f3n, el diagn\u00f3stico precoz y el tratamiento temprano, porque en nuestro pa\u00eds m\u00e1s del 45% de nuevos diagn\u00f3sticos son tard\u00edos, lo que pone en riesgo la vida de las personas afectadas y ocasiona que el VIH siga expandi\u00e9ndose.<\/p>\n\n\n\n<p class=\"wp-block-paragraph\">El diagn\u00f3stico y tratamiento es una herramienta eficaz para evitar la expansi\u00f3n, porque cuando el virus es indetectable en sangre tenemos la certeza cient\u00edfica de que es intransmisible. Por ello hay que seguir abogando por promover el diagnostico en la atenci\u00f3n primaria y tambi\u00e9n en la especializada, impulsando tambi\u00e9n los programas de la prueba que desarrollan las organizaciones que trabajan en VIH.<\/p>\n\n\n\n<p class=\"wp-block-paragraph\">Pero existen otros muchos retos que abordar; los problemas de salud relacionados con el envejecimiento de las personas con VIH, las reivindicaciones de las personas supervivientes del VIH, la atenci\u00f3n sanitaria en el medio penitenciario, la atenci\u00f3n social a las personas con VIH en riesgo de exclusi\u00f3n social, la asistencia sanitaria a personas inmigrantes en situaci\u00f3n irregular, la contribuci\u00f3n de Espa\u00f1a a la respuesta global al VIH y en la que ya el Gobierno ha anunciado que aportar\u00e1 100 millones al Fondo Global para la lucha contra el sida, la malaria y la Tuberculosis, la pendiente creaci\u00f3n de la especialidad de enfermedades infecciosas y un largo etc\u00e9tera que organizaciones que trabajamos en VIH seguiremos reclamando todos los d\u00edas.<\/p>\n\n\n\n<p class=\"wp-block-paragraph\">Alcanzar una generaci\u00f3n libre de VIH es posible, pero solo se alcanzar\u00e1 al poner en primer lugar la lucha contra la serofobia y para eso se debe visibilizar a las personas con VIH que tantas veces son olvidadas.<\/p>\n\n\n\n<p class=\"wp-block-paragraph\">Por eso el lema de este a\u00f1o es: Contigo sin serofobia.<br><\/p>\n","protected":false},"excerpt":{"rendered":"<p>Ya han pasado 38 a\u00f1os desde que se conocieron los primeros casos de sida. Desde entonces se ha recorrido un largo camino en los que se han descubierto diferentes avances m\u00e9dicos en la infecci\u00f3n del VIH.<\/p>\n","protected":false},"author":3,"featured_media":14724,"comment_status":"open","ping_status":"open","sticky":false,"template":"","format":"standard","meta":{"_monsterinsights_skip_tracking":false,"footnotes":""},"categories":[690,53],"tags":[],"class_list":["post-14723","post","type-post","status-publish","format-standard","has-post-thumbnail","category-690","category-internacional"],"_links":{"self":[{"href":"https:\/\/redsemlac.com\/semmexico\/wp-json\/wp\/v2\/posts\/14723","targetHints":{"allow":["GET"]}}],"collection":[{"href":"https:\/\/redsemlac.com\/semmexico\/wp-json\/wp\/v2\/posts"}],"about":[{"href":"https:\/\/redsemlac.com\/semmexico\/wp-json\/wp\/v2\/types\/post"}],"author":[{"embeddable":true,"href":"https:\/\/redsemlac.com\/semmexico\/wp-json\/wp\/v2\/users\/3"}],"replies":[{"embeddable":true,"href":"https:\/\/redsemlac.com\/semmexico\/wp-json\/wp\/v2\/comments?post=14723"}],"version-history":[{"count":0,"href":"https:\/\/redsemlac.com\/semmexico\/wp-json\/wp\/v2\/posts\/14723\/revisions"}],"wp:featuredmedia":[{"embeddable":true,"href":"https:\/\/redsemlac.com\/semmexico\/wp-json\/wp\/v2\/media\/14724"}],"wp:attachment":[{"href":"https:\/\/redsemlac.com\/semmexico\/wp-json\/wp\/v2\/media?parent=14723"}],"wp:term":[{"taxonomy":"category","embeddable":true,"href":"https:\/\/redsemlac.com\/semmexico\/wp-json\/wp\/v2\/categories?post=14723"},{"taxonomy":"post_tag","embeddable":true,"href":"https:\/\/redsemlac.com\/semmexico\/wp-json\/wp\/v2\/tags?post=14723"}],"curies":[{"name":"wp","href":"https:\/\/api.w.org\/{rel}","templated":true}]}}