{"id":14714,"date":"2019-12-03T23:20:50","date_gmt":"2019-12-03T23:20:50","guid":{"rendered":"https:\/\/redsemlac.com\/semmexico\/?p=14714"},"modified":"2023-07-21T15:15:31","modified_gmt":"2023-07-21T20:15:31","slug":"como-chingados-no-voy-a-estar-enojada-el-grito-desesperado-de-yesenia-activista-mujer-y-madre-de-una-hija-asesinada","status":"publish","type":"post","link":"https:\/\/redsemlac.com\/semmexico\/como-chingados-no-voy-a-estar-enojada-el-grito-desesperado-de-yesenia-activista-mujer-y-madre-de-una-hija-asesinada\/","title":{"rendered":"\u201cC\u00f3mo chingados no voy a estar enojada\u201d: el grito desesperado de Yesenia, activista, mujer y madre de una hija asesinada"},"content":{"rendered":"\n<ul class=\"wp-block-list\"><li><strong> Fue una de miles de mujeres que marcharon en contra de la violencia de g\u00e9nero. Su caso es triste testimonio del drama que se vive en M\u00e9xico y que ha motivado protestas masivas <\/strong><\/li><\/ul>\n\n\n\n<p class=\"wp-block-paragraph\"> Por\u00a0<strong>Diana Zavala<\/strong><\/p>\n\n\n\n<p class=\"wp-block-paragraph\">SemM\u00e9xico\/Infobae. Ciudad de M\u00e9xico. 03 de diciembre 2019.- <strong>\u201cC\u00f3mo chingados no voy a estar enojada. Lo quiero quemar todo, me mataron a mi hija\u201d<\/strong>, grit\u00f3<strong>\u00a0Yesenia Zamudio en la marcha del 25 de noviembre,<\/strong>\u00a0D\u00eda Internacional de la Eliminaci\u00f3n de la Violencia Contra la Mujer. \u201cNo es posible que cuiden m\u00e1s una pared que a nuestras hijas.\u00a0Les deber\u00eda dar verg\u00fcenza, en esta ciudad asesinan a nuestras hijas dentro y fuera de las escuelas\u201d, retumbaron sus palabras en las calles de la capital del pa\u00eds.<\/p>\n\n\n\n<p class=\"wp-block-paragraph\">Su grito de hartazgo, que se hizo viral en redes sociales,&nbsp;<strong>represent\u00f3 el de muchas otras madres que durante a\u00f1os han luchado por justicia para sus v\u00edctimas de feminicidio.&nbsp;<\/strong>Como ellas, Yesenia no s\u00f3lo ha tenido que sufrir la p\u00e9rdida de su hija. Tambi\u00e9n ha enfrentado a las autoridades, a la idea de que los asesinos se encuentran en libertad, y la violaci\u00f3n a sus derechos humanos.<\/p>\n\n\n\n<p class=\"wp-block-paragraph\">Una mujer es asesinada cada dos horas y media en M\u00e9xico.<strong>&nbsp;Tan solo en los primero seis meses del 2019 se registraron 448 feminicidios, 1.364 casos de homicidio doloso y 2.586 abusos sexuales,<\/strong>&nbsp;seg\u00fan datos del Secretariado Ejecutivo del Sistema Nacional de Seguridad P\u00fablica.<\/p>\n\n\n\n<p class=\"wp-block-paragraph\">Estas cifras han provocado protestas y demandas desesperadas por parte de las mexicanas que piden seguridad. Adem\u00e1s, la mayor\u00eda de los cr\u00edmenes quedan impunes y la justicia por las mujeres asesinadas nunca llega:<strong>&nbsp;90% de los casos que se investigan permanecen sin sentencia<\/strong>, seg\u00fan el Diagn\u00f3stico de Acceso a la Justicia y la Violencia Feminicida de la Comisi\u00f3n Nacional de los Derechos Humanos (CNDH).<\/p>\n\n\n\n<p class=\"wp-block-paragraph\"><strong>Marichuy: v\u00edctima de un feminicidio que sigue impune<\/strong><\/p>\n\n\n\n<p class=\"wp-block-paragraph\"><strong>Marichuy, como le dec\u00edan de cari\u00f1o, fue asesinada cuando ten\u00eda 19 a\u00f1os.&nbsp;<\/strong>Era estudiante de Ingenier\u00eda Petrolera en el Instituto Polit\u00e9cnico Nacional (IPN) y viv\u00eda en un departamento de la alcald\u00eda Gustavo A. Madero, colonia Ticom\u00e1n, Ciudad de M\u00e9xico, junto a otras estudiantes.&nbsp;<strong>El 15 de enero del 2016 le avis\u00f3 a su mam\u00e1 que saldr\u00eda con sus compa\u00f1eras.<\/strong><\/p>\n\n\n\n<figure class=\"wp-block-image\"><a href=\"https:\/\/twitter.com\/intent\/tweet?text=%E2%80%9CC%C3%B3mo%20chingados%20no%20voy%20a%20estar%20enojada%E2%80%9D:%20el%20grito%20desesperado%20de%20Yesenia,%20activista,%20mujer%20y%20madre%20de%20una%20hija%20asesinada&amp;url=https:\/\/www.infobae.com\/america\/mexico\/2019\/11\/29\/como-chingados-no-voy-a-estar-enojada-el-grito-desesperado-de-yesenia-activista-mujer-madre-de-una-hija-asesinada\/%23N6I6JZCVMRFTFD5WANZGWB4ZKY\" target=\"_blank\" rel=\"noreferrer noopener\"><img decoding=\"async\" src=\"https:\/\/www.infobae.com\/new-resizer\/A3JT_qZxyWKAJg_7OeMSdQMi5s8=\/750x0\/filters:quality(100)\/arc-anglerfish-arc2-prod-infobae.s3.amazonaws.com\/public\/N6I6JZCVMRFTFD5WANZGWB4ZKY.jpg\" alt=\"(Foto: Facebook Ni una Chuy menos)\"\/><\/a><figcaption>(Foto: Facebook Ni una Chuy menos)<\/figcaption><\/figure>\n\n\n\n<p class=\"wp-block-paragraph\">\u201cDe repente recibo una llamada y me dicen que sufri\u00f3 un accidente. Yo pens\u00e9 que chocaron o algo, como puede llegar a pasar con los j\u00f3venes de su edad cuando est\u00e1n divirti\u00e9ndose.&nbsp;<strong>Cuando me presento al hospital donde me dijeron que la ten\u00edan, no estaba\u201d<\/strong>, cont\u00f3 Yesenia Zamudio, su mam\u00e1, a&nbsp;<strong>Infobae M\u00e9xico.<\/strong><\/p>\n\n\n\n<p class=\"wp-block-paragraph\">Pregunt\u00f3 por su ubicaci\u00f3n y sobre lo que hab\u00eda pasado, pero nadie le dio informaci\u00f3n clara. Ya era la madrugada del 16 de enero<strong>. Hasta el d\u00eda siguiente la encontr\u00f3 en el Hospital Balbuena, en donde hab\u00eda sido ingresada en calidad de desconocida. Estaba en coma, ten\u00eda los brazos, piernas y el cr\u00e1neo fracturados.<\/strong><\/p>\n\n\n\n<p class=\"wp-block-paragraph\">Sujetos que hab\u00edan estado con Mari, ahora presuntos responsables del feminicidio, daban distintas versiones sobre lo ocurrido&nbsp;<strong>\u201cNo se pon\u00edan de acuerdo, por lo que al final crearon una mentira\u201d<\/strong>, cont\u00f3 Yesenia. Declararon que despu\u00e9s de haber salido a un karaoke, un grupo de cuatro amigos y Julio Iv\u00e1n Ru\u00edz, un profesor, volvieron al edificio en donde viv\u00eda la joven. Relataron que no quer\u00eda subir, as\u00ed que ellos la metieron a su departamento para que estuviera m\u00e1s segura.&nbsp;<strong>Ah\u00ed, dijeron, se lanz\u00f3 del quinto piso.<\/strong><\/p>\n\n\n\n<figure class=\"wp-block-image\"><a href=\"https:\/\/twitter.com\/intent\/tweet?text=%E2%80%9CC%C3%B3mo%20chingados%20no%20voy%20a%20estar%20enojada%E2%80%9D:%20el%20grito%20desesperado%20de%20Yesenia,%20activista,%20mujer%20y%20madre%20de%20una%20hija%20asesinada&amp;url=https:\/\/www.infobae.com\/america\/mexico\/2019\/11\/29\/como-chingados-no-voy-a-estar-enojada-el-grito-desesperado-de-yesenia-activista-mujer-madre-de-una-hija-asesinada\/%23SIY7BHN7WZHC5ABU23BWYYGQSY\" target=\"_blank\" rel=\"noreferrer noopener\"><img decoding=\"async\" src=\"https:\/\/www.infobae.com\/new-resizer\/VFeNxa-tcz4e_BxYPetS-TU1M-U=\/750x0\/filters:quality(100)\/arc-anglerfish-arc2-prod-infobae.s3.amazonaws.com\/public\/SIY7BHN7WZHC5ABU23BWYYGQSY.jpg\" alt=\"(Foto: Facebook Ni una Chuy menos)\"\/><\/a><figcaption>(Foto: Facebook Ni una Chuy menos)<\/figcaption><\/figure>\n\n\n\n<p class=\"wp-block-paragraph\">Algo no le cuadraba a Yesenia. Quer\u00eda saber qu\u00e9 hab\u00eda sucedido realmente, as\u00ed que cuando Marichuy a\u00fan estaba en terapia intensiva, visit\u00f3 en repetidas ocasiones al Ministerio P\u00fablico de la alcald\u00eda para que se hicieran una investigaci\u00f3n sobre el caso.<strong>&nbsp;\u201cIntentaron decir que mi hija era alcoh\u00f3lica y estaba deprimida\u201d<\/strong>, dijo Yesenia. Pero ella sab\u00eda sab\u00eda que no era cierto. Cuando ingres\u00f3 al hospital,&nbsp;la joven ten\u00eda ropa desgarrada y ADN de otras personas en las u\u00f1as; se\u00f1al de que&nbsp;<strong>hab\u00eda sido atacada e intent\u00f3 defenderse.<\/strong><\/p>\n\n\n\n<p class=\"wp-block-paragraph\">\u201cNadie atendi\u00f3 el asunto de mi hija cuando todav\u00eda estaba con vida.&nbsp;<strong>Hubo indiferencia desde que ocurri\u00f3 todo. Por eso nos siguen matando todos los d\u00edas, porque nadie tiene inter\u00e9s en hacer su trabajo<\/strong>\u201d, coment\u00f3 Zamudio a&nbsp;<strong>Infobae M\u00e9xico.<\/strong><\/p>\n\n\n\n<p class=\"wp-block-paragraph\">Las lesiones de la joven fueron tan graves que<strong>&nbsp;el 25 de agosto, Marichuy, de 19 a\u00f1os, falleci\u00f3.&nbsp;<\/strong>Y las ganas de Yesenia porque se hicieran justicia aumentaron. Desde ese d\u00eda no se ha cansado de exigir a la sociedad y autoridades que se deje de asesinar mujeres, que se investigue con perspectiva de g\u00e9nero y que se haga justicia por su hija y por todas las v\u00edctimas de femincidio.<\/p>\n\n\n\n<figure class=\"wp-block-image\"><a href=\"https:\/\/twitter.com\/intent\/tweet?text=%E2%80%9CC%C3%B3mo%20chingados%20no%20voy%20a%20estar%20enojada%E2%80%9D:%20el%20grito%20desesperado%20de%20Yesenia,%20activista,%20mujer%20y%20madre%20de%20una%20hija%20asesinada&amp;url=https:\/\/www.infobae.com\/america\/mexico\/2019\/11\/29\/como-chingados-no-voy-a-estar-enojada-el-grito-desesperado-de-yesenia-activista-mujer-madre-de-una-hija-asesinada\/%23ZXUTO6J7JJFNPIAFGKT66IW4NE\" target=\"_blank\" rel=\"noreferrer noopener\"><img decoding=\"async\" src=\"https:\/\/www.infobae.com\/new-resizer\/VOqHmrltA7QFgLHLKUStpHmEHU8=\/750x0\/filters:quality(100)\/arc-anglerfish-arc2-prod-infobae.s3.amazonaws.com\/public\/ZXUTO6J7JJFNPIAFGKT66IW4NE.jpg\" alt=\"(Foto: Facebook Ni una Chuy menos)\"\/><\/a><figcaption>(Foto: Facebook Ni una Chuy menos)<\/figcaption><\/figure>\n\n\n\n<p class=\"wp-block-paragraph\"><strong>Yesenia y la lucha incansable por la justicia<\/strong><\/p>\n\n\n\n<p class=\"wp-block-paragraph\">Desde el primer momento en que intervino la polic\u00eda en el caso, lo hizo mal. Yesenia Zamudio ha denunciado que despu\u00e9s de que se dio anuncio a las autoridades que Maruchuy hab\u00eda sido lanzada por el quinto piso de su departamento, un polic\u00eda lleg\u00f3 al sitio, pero&nbsp;<strong>no interrog\u00f3 a los presentes y los dej\u00f3 irse. Tampoco intent\u00f3 recolectar los datos de la joven. S\u00f3lo la envi\u00f3 en ambulancia a un hospital al otro lado de la ciudad, por eso su mam\u00e1 no pod\u00eda encontrarla.<\/strong><\/p>\n\n\n\n<p class=\"wp-block-paragraph\">Como las autoridades no resguardaron la zona, recolectar la evidencia despu\u00e9s fue complicado. Sin embargo, los testimonios recogidos de vecinos y testigos de lo sucedido indicaron que no fue un suicidio<strong>. Ellos dijeron haber visto c\u00f3mo met\u00edan a Marichuy a la fuerza al departamento, y c\u00f3mo la empujaron; ella no se lanz\u00f3 por su propia voluntad. \u201cLa mataron por decir que no. Porque su profesor, alguien que ten\u00eda una jerarqu\u00eda mayor y a quien ella le dio su confianza, no acept\u00f3 un no. Porque no fue lo que ella diga, ten\u00eda que ser lo que \u00e9l quer\u00eda hacer\u201d<\/strong>, coment\u00f3 Zamudio.<\/p>\n\n\n\n<p class=\"wp-block-paragraph\">Las autoridades decidieron reclasificar el caso como homicidio doloso. Pero&nbsp;le impidieron a Yesenia saber la manera en la que se realizaba la investigaci\u00f3n y cu\u00e1les eran los avances.&nbsp;Ella iba a las instalaciones a pedirles informaci\u00f3n, pero&nbsp;<strong>ni siquiera le daban acceso al expediente.<\/strong>&nbsp;Le negaron su derecho a la verdad y a la justicia.<\/p>\n\n\n\n<figure class=\"wp-block-image\"><a href=\"https:\/\/twitter.com\/intent\/tweet?text=%E2%80%9CC%C3%B3mo%20chingados%20no%20voy%20a%20estar%20enojada%E2%80%9D:%20el%20grito%20desesperado%20de%20Yesenia,%20activista,%20mujer%20y%20madre%20de%20una%20hija%20asesinada&amp;url=https:\/\/www.infobae.com\/america\/mexico\/2019\/11\/29\/como-chingados-no-voy-a-estar-enojada-el-grito-desesperado-de-yesenia-activista-mujer-madre-de-una-hija-asesinada\/%236X56TSIW7FAM7JRHVTGQ7K67UU\" target=\"_blank\" rel=\"noreferrer noopener\"><img decoding=\"async\" src=\"https:\/\/www.infobae.com\/new-resizer\/cB2gYmXk-oIBIy3XyrS1I6He3kY=\/750x0\/filters:quality(100)\/arc-anglerfish-arc2-prod-infobae.s3.amazonaws.com\/public\/6X56TSIW7FAM7JRHVTGQ7K67UU.jpg\" alt=\"(Foto: Facebook Ni una Chuy menos)\"\/><\/a><figcaption>(Foto: Facebook Ni una Chuy menos)<\/figcaption><\/figure>\n\n\n\n<p class=\"wp-block-paragraph\">La mam\u00e1 de Marichuy tambi\u00e9n se dio cuenta de que los Ministerios P\u00fablicos no estaban capacitados para investigar con perspectiva de g\u00e9nero. Sab\u00eda que el asesinato de su hija era un feminicidio, sin embargo, las autoridades de la Ciudad de M\u00e9xico se negaban a tratarlo como tal.<\/p>\n\n\n\n<p class=\"wp-block-paragraph\">Por lo que decidi\u00f3 acudir a otras instancias defensoras de los derechos humanos: \u201cY como todo eso es tardado, mientras empec\u00e9 a decirle a la ciudadan\u00eda lo que estaba sucediendo. Las autoridades y sus procesos se quedaron atoradas en el tiempo y no tienen actitud de hacer las cosas. Aparte, la indiferencia de la ciudadan\u00eda. Por eso mi manifestaci\u00f3n. Se los he dicho de muchas formas: art\u00edsticas, con bailes y&nbsp;<em>performance<\/em>.<strong>&nbsp;Todo el tiempo se los he dicho, hasta que llega el momento en que se los grito, porque con una chingada, \u00bfya nos van a escuchar?\u201d,&nbsp;<\/strong>dijo Yesenia a&nbsp;<strong>Infobae M\u00e9xico.<\/strong><\/p>\n\n\n\n<p class=\"wp-block-paragraph\">Desde que decidi\u00f3 alzar la voz, ha recibido amenazas de muerte y maltrato de las autoridades.<\/p>\n\n\n\n<figure class=\"wp-block-image\"><a href=\"https:\/\/twitter.com\/intent\/tweet?text=%E2%80%9CC%C3%B3mo%20chingados%20no%20voy%20a%20estar%20enojada%E2%80%9D:%20el%20grito%20desesperado%20de%20Yesenia,%20activista,%20mujer%20y%20madre%20de%20una%20hija%20asesinada&amp;url=https:\/\/www.infobae.com\/america\/mexico\/2019\/11\/29\/como-chingados-no-voy-a-estar-enojada-el-grito-desesperado-de-yesenia-activista-mujer-madre-de-una-hija-asesinada\/%23ARAL7QVQBRCYRDUMGNJSHJH2TY\" target=\"_blank\" rel=\"noreferrer noopener\"><img decoding=\"async\" src=\"https:\/\/www.infobae.com\/new-resizer\/xT6WXMu4Pofk3wroo7dqtzrqpvY=\/750x0\/filters:quality(100)\/arc-anglerfish-arc2-prod-infobae.s3.amazonaws.com\/public\/ARAL7QVQBRCYRDUMGNJSHJH2TY.jpg\" alt=\"(Foto: Facebook Ni una Chuy menos)\"\/><\/a><figcaption>(Foto: Facebook Ni una Chuy menos)<\/figcaption><\/figure>\n\n\n\n<p class=\"wp-block-paragraph\"><strong>Manifestaciones, la \u00faltima v\u00eda<\/strong><\/p>\n\n\n\n<p class=\"wp-block-paragraph\">Yesenia dice que Mari ya no puede hablar, no puede defenderse. Pero ella lo hace por su hija. Ahora se dedica a abogar por los derechos humanos de las personas, y a protestar por la violencia contra las mujeres. \u201c<strong>Yo no ten\u00eda por qu\u00e9 llegar a esta situaci\u00f3n de desesperaci\u00f3n, pero toqu\u00e9 muchas puertas y oficinas. Habl\u00e9 con mucha gente. Por eso mi inconformidad, mi hartazgo<\/strong>\u201d, dijo Yesenia.<\/p>\n\n\n\n<p class=\"wp-block-paragraph\">En abril de este 2019, tres a\u00f1os despu\u00e9s del asesinato,<strong>&nbsp;Yesenia logr\u00f3 hacer que el caso de su hija se reclasificara y se investigara como feminicidio.<\/strong>&nbsp;Sin embargo,&nbsp;a\u00fan no hay una orden de aprehensi\u00f3n en contra de los presuntos asesinos de la joven.<\/p>\n\n\n\n<p class=\"wp-block-paragraph\">Este peque\u00f1o avance en el caso de su hija se ha logrado por ejercer presi\u00f3n medi\u00e1tica y a trav\u00e9s de manifestaciones&nbsp;<strong>\u201cPorque de otras formas no nos atienden. Estamos hablando de tres a\u00f1os y todav\u00eda sigue la investigaci\u00f3n porque resulta que ten\u00edan hecho todo mal y lo tuvieron que volver a hacer\u201d<\/strong>, coment\u00f3.<\/p>\n\n\n\n<p class=\"wp-block-paragraph\">Por eso se incorporado al colectivo&nbsp;<strong>#NiUnaMenos<\/strong>, en donde multitudes de mujeres de M\u00e9xico y todo el mundo se han unido para exigir justicia y respeto por su vida.<strong>&nbsp;\u201cEn la marcha repet\u00ed lo mismo que han dicho miles de ciudadanos. Ya no les vamos a pedir por favor, porque el favor fue el voto para cambiar el gobierno. Ya no hay una segunda oportunidad\u201d,<\/strong>&nbsp;dijo Yesenia.<\/p>\n\n\n\n<p class=\"wp-block-paragraph\">Para ella, las paredes y monumentos son una plataforma internacional para que el mundo entero se d\u00e9 cuenta de que las est\u00e1n matando. \u201cVan a gastar miles para reparar una pared que es nuestro peri\u00f3dico nacional. Estamos pidiendo auxilio, un grito desesperado de ayuda, pero las autoridades dicen al pueblo que nosotras somos las malas. Los ponen en nuestra contra.\u00a0<strong>Entonces, al limpiar las paredes, lo que est\u00e1n haciendo es que est\u00e1n censurando lo que decimos, que nos est\u00e1n matando. Lo que les importa es que no se lea el mensaje\u201d<\/strong>, coment\u00f3 Yesenia.<\/p>\n\n\n\n<p class=\"wp-block-paragraph\">SEM-Infobae<\/p>\n","protected":false},"excerpt":{"rendered":"<p>Fue una de miles de mujeres que marcharon en contra de la violencia de g\u00e9nero. Su caso es triste testimonio del drama que se vive en M\u00e9xico y que ha motivado protestas masivas<\/p>\n","protected":false},"author":3,"featured_media":14715,"comment_status":"open","ping_status":"open","sticky":false,"template":"","format":"standard","meta":{"_monsterinsights_skip_tracking":false,"footnotes":""},"categories":[690,56],"tags":[],"class_list":["post-14714","post","type-post","status-publish","format-standard","has-post-thumbnail","category-690","category-redes"],"_links":{"self":[{"href":"https:\/\/redsemlac.com\/semmexico\/wp-json\/wp\/v2\/posts\/14714","targetHints":{"allow":["GET"]}}],"collection":[{"href":"https:\/\/redsemlac.com\/semmexico\/wp-json\/wp\/v2\/posts"}],"about":[{"href":"https:\/\/redsemlac.com\/semmexico\/wp-json\/wp\/v2\/types\/post"}],"author":[{"embeddable":true,"href":"https:\/\/redsemlac.com\/semmexico\/wp-json\/wp\/v2\/users\/3"}],"replies":[{"embeddable":true,"href":"https:\/\/redsemlac.com\/semmexico\/wp-json\/wp\/v2\/comments?post=14714"}],"version-history":[{"count":0,"href":"https:\/\/redsemlac.com\/semmexico\/wp-json\/wp\/v2\/posts\/14714\/revisions"}],"wp:featuredmedia":[{"embeddable":true,"href":"https:\/\/redsemlac.com\/semmexico\/wp-json\/wp\/v2\/media\/14715"}],"wp:attachment":[{"href":"https:\/\/redsemlac.com\/semmexico\/wp-json\/wp\/v2\/media?parent=14714"}],"wp:term":[{"taxonomy":"category","embeddable":true,"href":"https:\/\/redsemlac.com\/semmexico\/wp-json\/wp\/v2\/categories?post=14714"},{"taxonomy":"post_tag","embeddable":true,"href":"https:\/\/redsemlac.com\/semmexico\/wp-json\/wp\/v2\/tags?post=14714"}],"curies":[{"name":"wp","href":"https:\/\/api.w.org\/{rel}","templated":true}]}}