{"id":14711,"date":"2019-12-03T23:04:24","date_gmt":"2019-12-03T23:04:24","guid":{"rendered":"https:\/\/redsemlac.com\/semmexico\/?p=14711"},"modified":"2023-07-21T15:15:31","modified_gmt":"2023-07-21T20:15:31","slug":"mas-alla-de-la-reforma-constitucional","status":"publish","type":"post","link":"https:\/\/redsemlac.com\/semmexico\/mas-alla-de-la-reforma-constitucional\/","title":{"rendered":"M\u00e1s all\u00e1 de la reforma constitucional"},"content":{"rendered":"\n<p class=\"wp-block-paragraph\"><strong>Por Lirians Gordillo Pi\u00f1a<\/strong><\/p>\n\n\n\n<p class=\"wp-block-paragraph\">SemM\u00e9xico\/SEMlac. Cuba. 3 de diciembre de 2019.- El art\u00edculo 43 de la reci\u00e9n aprobada Constituci\u00f3n de la Rep\u00fablica de Cuba establece que el estado protege a las mujeres \u201c\u2026de la violencia de g\u00e9nero en cualquiera de sus manifestaciones y espacios, y crea los mecanismos institucionales y legales para ello.\u201d<\/p>\n\n\n\n<p class=\"wp-block-paragraph\">Para especialistas y feministas en el pa\u00eds, este art\u00edculo representa un paso importante que debiera materializar avances en la respuesta legal e integral a las violencias machistas en la naci\u00f3n del Caribe. Para Juventina Soler, activista y coordinadora del proyecto Musas Inquietantes, en la provincia Granma, este paso es el resultado de a\u00f1os de trabajo y promete avances importantes.<\/p>\n\n\n\n<p class=\"wp-block-paragraph\"><strong>\u00bfQu\u00e9 significado tiene la inclusi\u00f3n de la violencia por motivos de g\u00e9nero en la Constituci\u00f3n de la Rep\u00fablica?<\/strong><\/p>\n\n\n\n<p class=\"wp-block-paragraph\">Es decisivo que se haya incluido este art\u00edculo, porque se supone que una vez aprobada la Constituci\u00f3n exista un sistema de leyes que regulen todo lo relacionado con la violencia por motivos de g\u00e9nero.<\/p>\n\n\n\n<p class=\"wp-block-paragraph\">Pero me parece que tambi\u00e9n hay que tener en cuenta lo que significa el g\u00e9nero, como categor\u00eda para superar la visi\u00f3n dicot\u00f3mica e incluir otras identidades y expresiones de g\u00e9nero, debates que a nivel internacional hablan incluso de los g\u00e9neros. Quedarnos en una visi\u00f3n binaria puede confundir y dejar fuera a las mujeres trans. Por eso tengo la esperanza de que se especifique y visibilice esta complejidad relacionada con el g\u00e9nero y las diferentes manifestaciones de la violencia machista, entre ellas las microviolencias.<\/p>\n\n\n\n<p class=\"wp-block-paragraph\"><strong>\u00bfCu\u00e1l ha sido el rol del activismo y la academia en este resultado?<\/strong><\/p>\n\n\n\n<p class=\"wp-block-paragraph\">Me parece que el art\u00edculo 43 es el resultado de todo el empuje que han tenido los estudios de g\u00e9nero y de la violencia machista en Cuba, desde la academia, pero tambi\u00e9n desde el activismo.<\/p>\n\n\n\n<p class=\"wp-block-paragraph\">La academia ha jugado un papel importante con investigaciones desde la Sociolog\u00eda y la Psicolog\u00eda, y el apoyo de organizaciones no gubernamentales en Cuba. Respecto al activismo, hay quien piensa que es algo sencillo y menor, pero hacer activismo presupone un conocimiento, un esfuerzo y un seguimiento. En Cuba se ha mantenido un activismo feminista con las condiciones propias del pa\u00eds y que ha defendido mucho la atenci\u00f3n integral a la violencia por motivos de g\u00e9nero.<\/p>\n\n\n\n<p class=\"wp-block-paragraph\">Por otra parte, ha sido estrat\u00e9gico contar con personas que han defendido este tema en espacios clave, como el Parlamento, y lograr que se incluyera en la agenda constitucional.<\/p>\n\n\n\n<p class=\"wp-block-paragraph\"><strong>\u00bfQu\u00e9 medidas debi\u00e9ramos esperar para el futuro?<\/strong><\/p>\n\n\n\n<p class=\"wp-block-paragraph\">La Constituci\u00f3n enuncia un fen\u00f3meno y expresa un compromiso, pero deben seguirle un cuerpo de leyes que la desarrolle. Yo creo que tenemos que establecer en leyes el protocolo que vamos a seguir en el acompa\u00f1amiento a las v\u00edctimas de violencia machista. Para m\u00ed ese protocolo en Cuba no est\u00e1 claro y es necesario para que apoye al art\u00edculo 43 de la Constituci\u00f3n.<\/p>\n\n\n\n<p class=\"wp-block-paragraph\">Necesitamos establecer un sistema integrado y multisectorial, donde quede bien definida la funci\u00f3n de cada parte. El protocolo tiene que integrar a todos los factores, porque no podemos continuar con la polic\u00eda, por un lado, Medicina legal por el otro y lo mismo pasa con los tribunales, las Casas de Orientaci\u00f3n a la Mujer y la Familia, las pocas consejer\u00edas que hay en el pa\u00eds, etc\u00e9tera.<\/p>\n\n\n\n<p class=\"wp-block-paragraph\">Desde mi militancia feminista, como activista e investigadora en este campo, me parece que es necesario establecer en las agendas escolares el estudio de la perspectiva de g\u00e9nero, aumentar la presencia y la prevenci\u00f3n desde los medios de comunicaci\u00f3n, trabajar m\u00e1s con el activismo, sacar las investigaciones de las universidades para que se devuelvan en una transformaci\u00f3n social y apoyar los proyectos comunitarios, porque me parece que se nos est\u00e1n quedando fuera espacios importantes.<\/p>\n\n\n\n<p class=\"wp-block-paragraph\">Creo fundamental que estas discusiones salgan tambi\u00e9n de los predios de las mujeres; hay que superar los guetos de gays, trans, de especialistas, del \u00e1mbito cultural. Tenemos que unirnos y articularnos, si no, dif\u00edcilmente superemos la naturalizaci\u00f3n de la violencia como problema cultural y logremos romper esa cadena de transmisi\u00f3n del patriarcado.<\/p>\n","protected":false},"excerpt":{"rendered":"<p>\u00bfQu\u00e9 significado tiene la inclusi\u00f3n de la violencia por motivos de g\u00e9nero en la Constituci\u00f3n de la Rep\u00fablica?<\/p>\n","protected":false},"author":3,"featured_media":14712,"comment_status":"open","ping_status":"open","sticky":false,"template":"","format":"standard","meta":{"_monsterinsights_skip_tracking":false,"footnotes":""},"categories":[690,53],"tags":[],"class_list":["post-14711","post","type-post","status-publish","format-standard","has-post-thumbnail","category-690","category-internacional"],"_links":{"self":[{"href":"https:\/\/redsemlac.com\/semmexico\/wp-json\/wp\/v2\/posts\/14711","targetHints":{"allow":["GET"]}}],"collection":[{"href":"https:\/\/redsemlac.com\/semmexico\/wp-json\/wp\/v2\/posts"}],"about":[{"href":"https:\/\/redsemlac.com\/semmexico\/wp-json\/wp\/v2\/types\/post"}],"author":[{"embeddable":true,"href":"https:\/\/redsemlac.com\/semmexico\/wp-json\/wp\/v2\/users\/3"}],"replies":[{"embeddable":true,"href":"https:\/\/redsemlac.com\/semmexico\/wp-json\/wp\/v2\/comments?post=14711"}],"version-history":[{"count":0,"href":"https:\/\/redsemlac.com\/semmexico\/wp-json\/wp\/v2\/posts\/14711\/revisions"}],"wp:featuredmedia":[{"embeddable":true,"href":"https:\/\/redsemlac.com\/semmexico\/wp-json\/wp\/v2\/media\/14712"}],"wp:attachment":[{"href":"https:\/\/redsemlac.com\/semmexico\/wp-json\/wp\/v2\/media?parent=14711"}],"wp:term":[{"taxonomy":"category","embeddable":true,"href":"https:\/\/redsemlac.com\/semmexico\/wp-json\/wp\/v2\/categories?post=14711"},{"taxonomy":"post_tag","embeddable":true,"href":"https:\/\/redsemlac.com\/semmexico\/wp-json\/wp\/v2\/tags?post=14711"}],"curies":[{"name":"wp","href":"https:\/\/api.w.org\/{rel}","templated":true}]}}