{"id":14705,"date":"2019-12-03T21:59:49","date_gmt":"2019-12-03T21:59:49","guid":{"rendered":"https:\/\/redsemlac.com\/semmexico\/?p=14705"},"modified":"2023-07-21T15:15:31","modified_gmt":"2023-07-21T20:15:31","slug":"guerrero-90","status":"publish","type":"post","link":"https:\/\/redsemlac.com\/semmexico\/guerrero-90\/","title":{"rendered":"Urgente cambiar el rostro machista del estado de Guerrero"},"content":{"rendered":"\n<p class=\"wp-block-paragraph\"><strong>Josefina Aguilar Pastor<\/strong><\/p>\n\n\n\n<p class=\"wp-block-paragraph\">SemM\u00e9xico. Chilpancingo, Guerrero, 3 de diciembre de 2019.- Maira Mart\u00ednez Pineda, titular de la Secretar\u00eda de la Mujer (Semujer), llam\u00f3 a los pr\u00f3ximos egresados de la Facultad de Comunicaci\u00f3n y Mercadotecnia (FACOM), a contribuir a cambiarle el rostro machista, patriarcal y feminicida al Estado de Guerrero, a no ser compinches de ese sistema que ha da\u00f1ado tanto a las mujeres y a las ni\u00f1as.<\/p>\n\n\n\n<p class=\"wp-block-paragraph\">En el marco de los 16 d\u00edas de activismo para eliminar la violencia contra las mujeres, la Semujer, en coordinaci\u00f3n con la FACOM, de la Universidad Aut\u00f3noma de Guerrero (UAGro), llevaron a cabo el curso taller, \u201cHerramientas para la cobertura Informativa desde una perspectiva de G\u00e9nero\u201d, impartida por la periodista feminista, Sara Lovera L\u00f3pez, dirigido a estudiantes, de dicha instituci\u00f3n.<\/p>\n\n\n\n<p class=\"wp-block-paragraph\">En el acto inaugural, la titular de la Semujer, sostuvo que para poder erradicar el patriarcado y el machismo es necesario cambiar la manera de pensar de la gente, objetivo en el que las y los pr\u00f3ximos egresados de la FACOM, pueden incidir introduciendo nuevas ideas a trav\u00e9s de los medios de comunicaci\u00f3n o desde las \u00e1reas en las que se desarrollen.<\/p>\n\n\n\n<p class=\"wp-block-paragraph\">\u201cCuando salgan de esta aula, piensen que la perspectiva de g\u00e9nero existe, que la tienen que llevar con compromiso, que no sean una y uno m\u00e1s de esos que escriben sin importarles los feminicidios, exhibir el cuerpo de una mujer y revictimizarla, o decir que un juez tiene la raz\u00f3n al juzgar a un feminicida, bajo otro delito para disminuir su condena, \u2018no sean compinches\u2019, de ese sistema que ha da\u00f1ado tanto a las mujeres y a las ni\u00f1as\u201d, les dijo a los estudiantes.<\/p>\n\n\n\n<p class=\"wp-block-paragraph\">Que cuando conozcan, agreg\u00f3 Mart\u00ednez Pineda, un caso de violaci\u00f3n que tengan que seguir con la investigaci\u00f3n period\u00edstica, lo hagan con \u00e9tica, y no se pongan nunca del lado de un sistema o de un agresor, que act\u00faen pensando en ellas, en la clase de persona que van a&nbsp;&nbsp;ser para servirle a esta sociedad; dijo que quien se dedica a los medios de comunicaci\u00f3n, a la mercadotecnia, tienen el \u00e9xito asegurado, eligieron una carrera que da muchas satisfacciones, entre ellas, da poder, y que utilicen ese poder para cambiar el rostro a M\u00e9xico y a Guerrero,&nbsp;&nbsp;\u201cun rostro que est\u00e1 cansado de desigualdades, discriminaciones, maltratos, y agresores de mujeres en&nbsp;&nbsp;la calle\u201d.<\/p>\n\n\n\n<p class=\"wp-block-paragraph\">Admiti\u00f3 que las ideas de todo sistema patriarcal y el machista cuesta mucho erradicarlos; sin embargo, insisti\u00f3 en que desde todos los \u00e1mbitos, se debe pugnar por erradicar de todas las agendas, la violencia contra las mujeres y las ni\u00f1as, de ah\u00ed estas acciones dentro de los&nbsp;&nbsp;16 d\u00edas de activismo, que iniciaron el 25 al 10 de diciembre, en pro de los derechos humanos de las mujeres y las ni\u00f1as.<\/p>\n\n\n\n<p class=\"wp-block-paragraph\">Como titular de la Semujer, Mart\u00ednez Pineda asegur\u00f3 que&nbsp;&nbsp;en las instituciones hacen lo que les corresponde, y lo defienden, porque lo realizan con \u00e9tica, con decisi\u00f3n; y pidi\u00f3 a los pr\u00f3ximo profesionales de la comunicaci\u00f3n y mercadotecnia, a hacer lo propio, y prepararse para un mundo que est\u00e1 plagado de violencia hacia las mujeres, los exhort\u00f3 a no callarse, que lo digan fuerte, pero que respeten siempre, la dignidad de todas las mujeres y ni\u00f1as.<\/p>\n\n\n\n<p class=\"wp-block-paragraph\">Aurora Reyes Galv\u00e1n, directora de la FACOM, destac\u00f3 la importancia de la formaci\u00f3n de los estudiantes en temas tan relevantes para la cobertura informativa, desde una perspectiva de g\u00e9nero, misma que indic\u00f3, es una tem\u00e1tica que afortunadamente adquiere visibilidad, se instala en la opini\u00f3n p\u00fablica, irrumpe en los escenarios desde diferentes pr\u00e1cticas, a trav\u00e9s de voces que est\u00e1n alrededor de esta necesidad de visibilizar las diferencias que persisten en la sociedad, en las instituciones hacia las mujeres que son sancionadas cuando no cumplen con determinados roles que \u201cdebemos de jugar\u201d.<\/p>\n\n\n\n<p class=\"wp-block-paragraph\">Refiri\u00f3 que la FACOM, cuentan con l\u00edneas de investigaci\u00f3n de generaci\u00f3n de conocimiento que abordan ya esta tem\u00e1tica que tiene que ver con g\u00e9nero, con la materia prima de los comunic\u00f3logos, que son los medios de comunicaci\u00f3n, la influencia de estos en la opini\u00f3n p\u00fablica, instalando incluso agendas a nivel local, estatal y federal.<\/p>\n","protected":false},"excerpt":{"rendered":"<p>Pueden incidir introduciendo nuevas ideas a trav\u00e9s de los medios de comunicaci\u00f3n o desde las \u00e1reas en las que se desarrollen.<\/p>\n","protected":false},"author":3,"featured_media":14699,"comment_status":"open","ping_status":"open","sticky":false,"template":"","format":"standard","meta":{"_monsterinsights_skip_tracking":false,"footnotes":""},"categories":[690,51],"tags":[],"class_list":["post-14705","post","type-post","status-publish","format-standard","has-post-thumbnail","category-690","category-ejecutivo"],"_links":{"self":[{"href":"https:\/\/redsemlac.com\/semmexico\/wp-json\/wp\/v2\/posts\/14705","targetHints":{"allow":["GET"]}}],"collection":[{"href":"https:\/\/redsemlac.com\/semmexico\/wp-json\/wp\/v2\/posts"}],"about":[{"href":"https:\/\/redsemlac.com\/semmexico\/wp-json\/wp\/v2\/types\/post"}],"author":[{"embeddable":true,"href":"https:\/\/redsemlac.com\/semmexico\/wp-json\/wp\/v2\/users\/3"}],"replies":[{"embeddable":true,"href":"https:\/\/redsemlac.com\/semmexico\/wp-json\/wp\/v2\/comments?post=14705"}],"version-history":[{"count":0,"href":"https:\/\/redsemlac.com\/semmexico\/wp-json\/wp\/v2\/posts\/14705\/revisions"}],"wp:featuredmedia":[{"embeddable":true,"href":"https:\/\/redsemlac.com\/semmexico\/wp-json\/wp\/v2\/media\/14699"}],"wp:attachment":[{"href":"https:\/\/redsemlac.com\/semmexico\/wp-json\/wp\/v2\/media?parent=14705"}],"wp:term":[{"taxonomy":"category","embeddable":true,"href":"https:\/\/redsemlac.com\/semmexico\/wp-json\/wp\/v2\/categories?post=14705"},{"taxonomy":"post_tag","embeddable":true,"href":"https:\/\/redsemlac.com\/semmexico\/wp-json\/wp\/v2\/tags?post=14705"}],"curies":[{"name":"wp","href":"https:\/\/api.w.org\/{rel}","templated":true}]}}