{"id":14698,"date":"2019-12-03T21:48:04","date_gmt":"2019-12-03T21:48:04","guid":{"rendered":"https:\/\/redsemlac.com\/semmexico\/?p=14698"},"modified":"2023-07-21T15:15:31","modified_gmt":"2023-07-21T20:15:31","slug":"persiste-machismo-en-medios-de-comunicacion","status":"publish","type":"post","link":"https:\/\/redsemlac.com\/semmexico\/persiste-machismo-en-medios-de-comunicacion\/","title":{"rendered":"Persiste machismo en medios de comunicaci\u00f3n"},"content":{"rendered":"\n<p class=\"wp-block-paragraph\"><strong>Josefina Aguilar Pastor<\/strong><\/p>\n\n\n\n<p class=\"wp-block-paragraph\">SemM\u00e9xico. Chilpancingo, Guerrero. 3 de diciembre de 2019.- En los medios de comunicaci\u00f3n, persiste la invisibilizaci\u00f3n, y sexualizaci\u00f3n de las mujeres, reproducci\u00f3n de estereotipos y cosificaci\u00f3n femenina, debido a la cultura patriarcal y machista se\u00f1al\u00f3 la periodista feminista Sara Lovera L\u00f3pez.<\/p>\n\n\n\n<p class=\"wp-block-paragraph\">Al impartir este martes el curso taller, \u201cHerramientas para la cobertura Informativa desde una perspectiva de G\u00e9nero\u201d, en el auditorio de la de la Facultad de Comunicaci\u00f3n y Mercadotecnia (FACOM) de la Universidad Aut\u00f3noma de Guerrero (UAGro), organizado por dicha facultad en coordinaci\u00f3n con la Secretar\u00eda de la Mujer (Semujer), dijo que persiste la vieja pr\u00e1ctica de mostrar cuerpos desnudos de mujeres.<\/p>\n\n\n\n<ul class=\"wp-block-gallery columns-1 is-cropped wp-block-gallery-1 is-layout-flex wp-block-gallery-is-layout-flex\"><li class=\"blocks-gallery-item\"><figure><img decoding=\"async\" src=\"https:\/\/redsemlac.com\/semmexico\/wp-content\/uploads\/2019\/12\/SARA-GUERRERO-1-1-1024x768.jpg\" alt=\"\" data-id=\"14702\" data-link=\"https:\/\/redsemlac.com\/semmexico\/?attachment_id=14702\" class=\"wp-image-14702\"\/><\/figure><\/li><\/ul>\n\n\n\n<p class=\"wp-block-paragraph\">En el marco de los 16 d\u00edas de activismo contra la violencia hacia las mujeres, dijo que hay mucho machismo en los medios de comunicaci\u00f3n, donde las mujeres son sexualizadas y cosificadas, adem\u00e1s de una deshumanizaci\u00f3n de la informaci\u00f3n.<\/p>\n\n\n\n<p class=\"wp-block-paragraph\">\u201cA las mujeres no las visibilizan sobre lo que hacen, lo que escriben, las abordan desde los estereotipos, las cosas que hacen no son publicadas, solo las cosifican\u201d, dijo la periodista.<\/p>\n\n\n\n<p class=\"wp-block-paragraph\">Esa pr\u00e1ctica se debe a factores, como el machismo, patriarcado, misoginia y el control, entre otros factores que prevalecen en el sistema patriarcal, expuso Sara Lovera ante los estudiantes de la universidad.<\/p>\n\n\n\n<p class=\"wp-block-paragraph\">Si no se enfrenta el patriarcado, no se pude combatir la violencia contra las mujeres, pr\u00e1ctica hist\u00f3rica que se debe revertir desde los propios medios de comunicaci\u00f3n, de ah\u00ed la importancia de que las y los comunicadores, comuniquen con perspectiva de g\u00e9nero, subray\u00f3.<\/p>\n\n\n\n<p class=\"wp-block-paragraph\">\u201cLos medios de comunicaci\u00f3n, son responsables de reproducir estereotipos y prejuicios con los que se les ubica y juzga a las mujeres, y deben cambiar\u201d, advirti\u00f3.<\/p>\n\n\n\n<p class=\"wp-block-paragraph\">Puntualiz\u00f3 que lo que se publica en los medios de comunicaci\u00f3n, se convierte en discriminaci\u00f3n.<\/p>\n\n\n\n<p class=\"wp-block-paragraph\">Lovera L\u00f3pez, hizo algunas sugerencias a los estudiantes de la FACOM, como profundizar una investigaci\u00f3n period\u00edstica, tomar conciencia del fen\u00f3meno que lacera las relaciones, comprometerse a colaborar con la erradicaci\u00f3n de la violencia, indagar profunda y profusamente el contexto de los hechos, cuestionar los c\u00e1nones y mandatos del poder, recoger el testimonio de las v\u00edctimas y no solo del victimario, entre otras.<br><\/p>\n","protected":false},"excerpt":{"rendered":"<p>Esa pr\u00e1ctica se debe a factores, como el machismo, patriarcado, misoginia y el control, entre otros factores que prevalecen en el sistema patriarcal, expuso Sara Lovera <\/p>\n","protected":false},"author":3,"featured_media":14700,"comment_status":"open","ping_status":"open","sticky":false,"template":"","format":"standard","meta":{"_monsterinsights_skip_tracking":false,"footnotes":""},"categories":[690,54],"tags":[],"class_list":["post-14698","post","type-post","status-publish","format-standard","has-post-thumbnail","category-690","category-mujeres"],"_links":{"self":[{"href":"https:\/\/redsemlac.com\/semmexico\/wp-json\/wp\/v2\/posts\/14698","targetHints":{"allow":["GET"]}}],"collection":[{"href":"https:\/\/redsemlac.com\/semmexico\/wp-json\/wp\/v2\/posts"}],"about":[{"href":"https:\/\/redsemlac.com\/semmexico\/wp-json\/wp\/v2\/types\/post"}],"author":[{"embeddable":true,"href":"https:\/\/redsemlac.com\/semmexico\/wp-json\/wp\/v2\/users\/3"}],"replies":[{"embeddable":true,"href":"https:\/\/redsemlac.com\/semmexico\/wp-json\/wp\/v2\/comments?post=14698"}],"version-history":[{"count":0,"href":"https:\/\/redsemlac.com\/semmexico\/wp-json\/wp\/v2\/posts\/14698\/revisions"}],"wp:featuredmedia":[{"embeddable":true,"href":"https:\/\/redsemlac.com\/semmexico\/wp-json\/wp\/v2\/media\/14700"}],"wp:attachment":[{"href":"https:\/\/redsemlac.com\/semmexico\/wp-json\/wp\/v2\/media?parent=14698"}],"wp:term":[{"taxonomy":"category","embeddable":true,"href":"https:\/\/redsemlac.com\/semmexico\/wp-json\/wp\/v2\/categories?post=14698"},{"taxonomy":"post_tag","embeddable":true,"href":"https:\/\/redsemlac.com\/semmexico\/wp-json\/wp\/v2\/tags?post=14698"}],"curies":[{"name":"wp","href":"https:\/\/api.w.org\/{rel}","templated":true}]}}