{"id":14695,"date":"2019-12-03T18:14:19","date_gmt":"2019-12-03T18:14:19","guid":{"rendered":"https:\/\/redsemlac.com\/semmexico\/?p=14695"},"modified":"2023-07-21T15:15:32","modified_gmt":"2023-07-21T20:15:32","slug":"ataques-contra-mujeres-en-las-redes-sociales-insultos-acosos-y-amenazas-para-silenciarlas","status":"publish","type":"post","link":"https:\/\/redsemlac.com\/semmexico\/ataques-contra-mujeres-en-las-redes-sociales-insultos-acosos-y-amenazas-para-silenciarlas\/","title":{"rendered":"Ataques contra mujeres en las redes sociales: insultos, acosos y amenazas para silenciarlas"},"content":{"rendered":"\n<ul class=\"wp-block-list\"><li><strong>Son datos de una encuesta a 1.200 mujeres y entrevistas a 18 que tuvieron activa participaci\u00f3n en el debate del aborto.<\/strong><\/li><li><strong> Informe de Amnist\u00eda Internacional <\/strong><\/li><\/ul>\n\n\n\n<p class=\"wp-block-paragraph\"><strong>Redacci\u00f3n El Clar\u00edn <\/strong><\/p>\n\n\n\n<p class=\"wp-block-paragraph\">SemM\u00e9xico\/El Clar\u00edn. Buenos Aires, Argentina. 03 de diciembre 2019.- Una de cada tres mujeres ha sufrido violencia en las redes sociales en Argentina, seg\u00fan una encuesta de Amnist\u00eda Internacional.\u00a0<strong>Comentarios sexuales, mis\u00f3ginos, amenazas, acosos<\/strong>. El abanico de agresiones tambi\u00e9n incluye\u00a0violaciones\u00a0a la privacidad que consisten en hacer p\u00fablicos datos privados y la publicaci\u00f3n de fotos personales sin consentimiento.<\/p>\n\n\n\n<p class=\"wp-block-paragraph\">De las usuarias de plataformas digitales que sufri\u00f3 agresiones,\u00a0<strong>un 59% fue objeto de mensajes sexuales y mis\u00f3ginos<\/strong>, mientras que un 34% recibi\u00f3 mensajes con lenguaje o comentarios abusivos y un 26% recibi\u00f3 amenazas de violencia psicol\u00f3gica o sexual. Son\u00a0algunas conclusiones del\u00a0<a rel=\"noreferrer noopener\" target=\"_blank\" href=\"https:\/\/amnistia.org.ar\/wp-content\/uploads\/delightful-downloads\/2019\/11\/informe.pdf?utm_source=perfit&amp;utm_medium=email&amp;utm_campaign=Violencia%20de%20g%C3%A9nero%20\">estudio de Amnist\u00eda Internacional<\/a>, que hizo una encuesta a 1.200 mujeres de 18 a 55 a\u00f1os de todo el pa\u00eds. <\/p>\n\n\n\n<p class=\"wp-block-paragraph\"> El informe hizo hincapi\u00e9 en las\u00a0<strong>agresiones sufridas durante el debate por la\u00a0interrupci\u00f3n legal del embarazo\u00a0<\/strong>(ILE) en Argentina, ya que la movilizaci\u00f3n masiva en las calles y en las redes hizo que los ataques aumentaran durante ese per\u00edodo. \u00abLos pa\u00f1uelos verdes tomaron las calles y los corazones verdes, las redes sociales. Sin embargo, el contexto del debate tambi\u00e9n expuso la expresi\u00f3n de la violencia contra mujeres y ni\u00f1as que manifestaron su posici\u00f3n en defensa de los derechos humanos -dice el informe de Amnist\u00eda-.\u00a0<strong>La violencia contra defensoras de los derechos sexuales y reproductivos alcanz\u00f3 dimensiones preocupantes<\/strong>: tanto en la v\u00eda p\u00fablica como en las redes sociales las mujeres han sido expuestas a agresiones, amenazas, insultos y declaraciones estigmatizantes, en particular hacia aquellas que defienden el acceso a la interrupci\u00f3n legal del embarazo\u00bb. <\/p>\n\n\n\n<p class=\"wp-block-paragraph\"> Adem\u00e1s de\u00a0un an\u00e1lisis cuantitativo de conversaciones e interacciones en Twitter (332.112 tweets y 24 perfiles de gran actividad durante el debate),\u00a0el trabajo incluye un an\u00e1lisis cualitativo, a trav\u00e9s de los\u00a0<strong>testimonios de 18 mujeres,<\/strong>\u00a0entre legisladoras, activistas, actrices, periodistas y escritoras \u2014 con perfiles sociales, pol\u00edticos, culturales y de exposici\u00f3n p\u00fablica diversos\u2014 que tuvieron un rol protag\u00f3nico durante\u00a0el debate sobre el aborto.\u00a0 <\/p>\n\n\n\n<p class=\"wp-block-paragraph\">Las diputadas Benda Austin, Carla Carrizo, Romina del Pl\u00e1, Victoria Donda, Mayra Mendoza, las periodistas Noelia Barral Grigera, Ingrid Beck, Mariana Iglesias, Gisele&nbsp;Sousa D\u00edas.&nbsp;Mabel Bianco, presidenta de FEIM, la fil\u00f3sofa Diana Maffia, la escritora Claudia Pi\u00f1eiro y la actriz Jazm\u00edn Stuart fueron algunas de las encuestadas.&nbsp;<\/p>\n\n\n\n<figure class=\"wp-block-image\"><img decoding=\"async\" src=\"https:\/\/images.clarin.com\/2018\/06\/12\/la-escritora-claudia-pineiro-tuvo___H1UejekWQ_720x0__1.jpg\" alt=\"La escritora Claudia Pi\u00f1eiro tuvo grandes problemas por manifestarse a favor del aborto\"\/><figcaption> La escritora Claudia Pi\u00f1eiro tuvo grandes problemas por manifestarse a favor del aborto <\/figcaption><\/figure>\n\n\n\n<p class=\"wp-block-paragraph\">Durante el debate por la legalizaci\u00f3n del aborto&nbsp;<strong>el lenguaje abusivo aument\u00f3 un 42%;<\/strong>&nbsp;las amenazas psicol\u00f3gicas de violencia sexual, un 12%; los comentarios racistas, un 14%; y los comentarios homof\u00f3bicos o transf\u00f3bicos, un 15%.&nbsp;<\/p>\n\n\n\n<p class=\"wp-block-paragraph\">Algunas de las encuestadas tambi\u00e9n manifestaron&nbsp;<strong>el impacto que tuvo sobre su salud f\u00edsica y psicol\u00f3gica este tipo de violencia<\/strong>. Un 36% tuvo ataques de p\u00e1nico, estr\u00e9s o ansiedad, un 35% p\u00e9rdida de autoestima o confianza, un 34% dijo haber sentido miedo a salir y un 33% identific\u00f3 haber atravesado un per\u00edodo de aislamiento psicol\u00f3gico.<\/p>\n\n\n\n<figure class=\"wp-block-image\"><img decoding=\"async\" src=\"https:\/\/images.clarin.com\/2019\/11\/29\/diana-maffia-con-su-panuelo____2ftmAN8_720x0__1.jpg\" alt=\"Diana Maff\u00eda con su pa\u00f1uelo verde del aborto legal\"\/><figcaption> Diana Maff\u00eda con su pa\u00f1uelo verde del aborto legal <\/figcaption><\/figure>\n\n\n\n<p class=\"wp-block-paragraph\">\u201cDesde tratarte de est\u00fapida, asesina, y, por ejemplo,&nbsp;<strong>mandarte fotos de un Falcon verde<\/strong>&nbsp;diciendo: &#8216;qu\u00e9 se olvidaron de esto?&#8217; Como diciendo te vamos a pasar a buscar con un falcon verde hasta enviarte fotos de fetos ensangrentados en el caso del aborto\u00bb, cont\u00f3 Pi\u00f1eiro.&nbsp;<\/p>\n\n\n\n<p class=\"wp-block-paragraph\">\u201cHubo\u00a0<strong>amenazas, agresiones, acusaciones, mensajes extorsivos, escraches, descalificaciones\u00a0<\/strong>individuales y masivas, reacciones perversas, descalificaci\u00f3n laboral.<\/p>\n\n\n\n<p class=\"wp-block-paragraph\">\u201cVeo que es sistem\u00e1ticamente la misma gente.. muchas agresiones,&nbsp;<strong>violent\u00edsimas<\/strong>&#8230; si alguien me est\u00e1 discutiendo es alguien que trabaja de eso&#8230; de hostilizarme en los medios\u00bb, explic\u00f3 Maff\u00eda.&nbsp;<\/p>\n\n\n\n<p class=\"wp-block-paragraph\">A ra\u00edz de las agresiones, las encuestadas adoptaron&nbsp;estrategias de cuidado personal online y de su entorno familiar y social para eludir las reacciones de abuso y violencia, como incrementar los niveles de seguridad y privacidad en la configuraci\u00f3n de sus perfiles en las redes,&nbsp;<strong>tambi\u00e9n bajaron su participaci\u00f3n o se abstuvieron de&nbsp;responder&nbsp;<\/strong>o discutir a&nbsp;las agresiones.<\/p>\n\n\n\n<figure class=\"wp-block-image\"><img decoding=\"async\" src=\"https:\/\/images.clarin.com\/2019\/09\/06\/casi-nueve-de-cada-diez___B8eCugecG_720x0__1.jpg\" alt=\"Casi nueve de cada diez candidatas argentinas sufrieron violencia machista en alguna red social.\"\/><figcaption> <em>Casi nueve de cada diez candidatas argentinas sufrieron violencia machista en alguna red social <\/em><\/figcaption><\/figure>\n\n\n\n<p class=\"wp-block-paragraph\">Del total de encuestadas, el 70% de las que sufrieron abuso o acoso online cambi\u00f3 su manera de usar las redes:\u00a0<strong>el 36% dej\u00f3 de publicar o compartir sus opiniones<\/strong>. Los cambios en la privacidad o seguridad de las cuentas de redes sociales tambi\u00e9n formaron parte de las modificaciones. El 37% bloque\u00f3 a quienes las hostigaban y un 29% increment\u00f3 la privacidad o seguridad de su cuenta. El 39% de las mujeres report\u00f3 esta violencia a la compa\u00f1\u00eda administradora del sitio o red social.<\/p>\n\n\n\n<p class=\"wp-block-paragraph\">\u00abSi bien buscan proteger a las mujeres de futuros episodios de acoso o abuso,&nbsp;<strong>estos cambios de comportamiento tambi\u00e9n terminan por limitar las interacciones<\/strong>&nbsp;que pueden tener con otros usuarios y su participaci\u00f3n en el debate p\u00fablico\u00bb, concluye el informe. Naciones Unidas dijo lo mismo hace poco:&nbsp;la violencia y el abuso online contra las mujeres puede \u201cdesanimar y disuadir la participaci\u00f3n online de mujeres periodistas, activistas, defensoras de los derechos humanos, artistas y otras figuras p\u00fablicas y personas privadas\u201d.<\/p>\n\n\n\n<p class=\"wp-block-paragraph\">El informe termina con recomendaciones a los Estados, como \u00ab<strong>promulgar e implementar leyes adecuadas en materia de violencia y abuso contra las mujeres en Internet<\/strong>\u00bb y hacia las empresas, a las que les piden \u00abMejorar sus mecanismos de denuncia para asegurarse de que se apliquen de manera sistem\u00e1tica\u00bb.\u00a0<\/p>\n\n\n\n<p class=\"wp-block-paragraph\">SEM-El Clar\u00edn<\/p>\n","protected":false},"excerpt":{"rendered":"<p>Son datos de una encuesta a 1.200 mujeres y entrevistas a 18 que tuvieron activa participaci\u00f3n en el debate del aborto.<\/p>\n","protected":false},"author":3,"featured_media":14696,"comment_status":"open","ping_status":"open","sticky":false,"template":"","format":"standard","meta":{"_monsterinsights_skip_tracking":false,"footnotes":""},"categories":[690,53],"tags":[],"class_list":["post-14695","post","type-post","status-publish","format-standard","has-post-thumbnail","category-690","category-internacional"],"_links":{"self":[{"href":"https:\/\/redsemlac.com\/semmexico\/wp-json\/wp\/v2\/posts\/14695","targetHints":{"allow":["GET"]}}],"collection":[{"href":"https:\/\/redsemlac.com\/semmexico\/wp-json\/wp\/v2\/posts"}],"about":[{"href":"https:\/\/redsemlac.com\/semmexico\/wp-json\/wp\/v2\/types\/post"}],"author":[{"embeddable":true,"href":"https:\/\/redsemlac.com\/semmexico\/wp-json\/wp\/v2\/users\/3"}],"replies":[{"embeddable":true,"href":"https:\/\/redsemlac.com\/semmexico\/wp-json\/wp\/v2\/comments?post=14695"}],"version-history":[{"count":0,"href":"https:\/\/redsemlac.com\/semmexico\/wp-json\/wp\/v2\/posts\/14695\/revisions"}],"wp:featuredmedia":[{"embeddable":true,"href":"https:\/\/redsemlac.com\/semmexico\/wp-json\/wp\/v2\/media\/14696"}],"wp:attachment":[{"href":"https:\/\/redsemlac.com\/semmexico\/wp-json\/wp\/v2\/media?parent=14695"}],"wp:term":[{"taxonomy":"category","embeddable":true,"href":"https:\/\/redsemlac.com\/semmexico\/wp-json\/wp\/v2\/categories?post=14695"},{"taxonomy":"post_tag","embeddable":true,"href":"https:\/\/redsemlac.com\/semmexico\/wp-json\/wp\/v2\/tags?post=14695"}],"curies":[{"name":"wp","href":"https:\/\/api.w.org\/{rel}","templated":true}]}}