{"id":14693,"date":"2019-12-03T17:51:29","date_gmt":"2019-12-03T17:51:29","guid":{"rendered":"https:\/\/redsemlac.com\/semmexico\/?p=14693"},"modified":"2023-07-21T15:15:32","modified_gmt":"2023-07-21T20:15:32","slug":"opinion-242","status":"publish","type":"post","link":"https:\/\/redsemlac.com\/semmexico\/opinion-242\/","title":{"rendered":"Entresemana"},"content":{"rendered":"\n<h2 class=\"wp-block-heading\"><strong>Morena y el miedo a perder<\/strong><\/h2>\n\n\n\n<p class=\"wp-block-paragraph\"><strong>Mois\u00e9s S\u00e1nchez Lim\u00f3n<\/strong><\/p>\n\n\n\n<p class=\"wp-block-paragraph\">SemM\u00e9xico. Cd. de M\u00e9xico. 3 de diciembre de 2019.- No, no, los protagonistas de la 4T no se parecen a los del pasado. Pero, \u00a1ah!, c\u00f3mo se empecinan en imitarlos e incluso superarlos, sin \u00e9xito.<\/p>\n\n\n\n<p class=\"wp-block-paragraph\">Mire usted. Margen aparte de la ausencia de iniciativas propias de la alta burocracia que acata \u00f3rdenes desde Palacio sin chistar, el problema es que la estructura legislativa de Morena en la C\u00e1mara de Diputados, del que se presum\u00eda s\u00f3lido bloque de Juntos haremos historia, acusa fisuras a punto de concluir el primer a\u00f1o de la LXIV Legislatura federal.<\/p>\n\n\n\n<p class=\"wp-block-paragraph\">Desencuentros y desencantos de diputados federales que, en buena parte, acusan inexperiencia en esto de jugar en las ligas intermedias, porque llegaron v\u00eda sorteo y por cuota de alianzas am\u00e9n de que, como advirti\u00f3 el senador Ricardo Monreal en su momento, su curva de aprendizaje ha sido muy pronunciada y la mejor opci\u00f3n es hacer cambios. Los diputados no renuncian pero piden licencia cuando sus servicios no son requeridos o dejan mucho qu\u00e9 desear.<\/p>\n\n\n\n<p class=\"wp-block-paragraph\">Estar\u00e1 usted de acuerdo en que mientras en el Senado Ricardo Monreal ha hecho un trabajo de consenso con la oposici\u00f3n integrada en calidad de bloque, como la llama Miguel \u00c1ngel Mancera, por las bancadas del PRD, Movimiento Ciudadano, el PRI y el PAN, pese al severo desencuentro que implic\u00f3 la accidentada y poco pulcra unci\u00f3n de Rosario Piedra Ibarra en la presidencia de la Comisi\u00f3n Nacional de los Derechos Humanos, la mayor parte de la agenda legislativa se ha desahogado con subrayada urbanidad pol\u00edtica.<\/p>\n\n\n\n<p class=\"wp-block-paragraph\">Por cierto, el grupo parlamentario de Morena est\u00e1 unido mayoritariamente en torno a Monreal, pese a la postura discrepante del senador Mart\u00ed Batres y algunas de sus compa\u00f1eras de bancada como las senadoras guanajuatenses Mal\u00fa M\u00edcher Camarena y Antares Guadalupe V\u00e1zquez Alatorre que aprovechan cualquier pretexto para hacer campa\u00f1a en busca de la candidatura al gobierno de Guanajuato.<\/p>\n\n\n\n<p class=\"wp-block-paragraph\">M\u00edcher Camarena y V\u00e1zquez Alatorre, hace unos d\u00edas se ensa\u00f1aron con el gobernador de Guanajuato, Diego Sinhue Rodr\u00edguez Vallejo; lo hicieron trizas y poco falt\u00f3 que demandaran su cabeza, porque se pronunci\u00f3 a favor de que Donald Trump declare terrorismo al narcotr\u00e1fico. Carentes de tolerancia al que piensa diferente s\u00f3lo evidenciaron que en busca de la gubernatura esto de la inclusi\u00f3n no est\u00e1 en su diccionario.<\/p>\n\n\n\n<p class=\"wp-block-paragraph\">En fin, el caso es que esta es peccata minuta frente a lo que ocurre en la bancada de Morena en la C\u00e1mara de Diputados, en cuyo seno aparecieron las discrepancias justo en la asamblea que, con car\u00e1cter fundacional, celebraron legisladores de Morena, el PT, PVEM y PES para concretar la irrupci\u00f3n de la llamada Asociaci\u00f3n Nacional de Legisladores Constituyentes de la Cuarta Transformaci\u00f3n.<\/p>\n\n\n\n<p class=\"wp-block-paragraph\">A la reuni\u00f3n, celebrada en el Hotel Hilton \u2013que tiene mucho de fif\u00ed&#8211;, no fue convocada la prensa, quiz\u00e1 porque entre los fundamentos de la g\u00e9nesis de esta Asociaci\u00f3n se responsabiliza a los medios de comunicaci\u00f3n y a la derecha como responsables de operar contra la 4T.<\/p>\n\n\n\n<p class=\"wp-block-paragraph\">Y as\u00ed fue, as\u00ed la cascada de descalificaciones y la insistente tendencia de estigmatizar a los medios de comunicaci\u00f3n, a los periodistas incluso responsabiliz\u00e1ndolos de&nbsp;&nbsp;presentar a \u201cun pa\u00eds como si estuvi\u00e9ramos en desorden y an\u00e1rquico\u201d, seg\u00fan Mario Delgado Carrillo, principal orador en ese acto al que acudi\u00f3 el subsecretario de Gobernaci\u00f3n, Ricardo Peralta, quien tom\u00f3 la protesta a los integrantes de esta agrupaci\u00f3n, cuyos liderazgos ser\u00e1n concretados en febrero del a\u00f1o pr\u00f3ximo.<\/p>\n\n\n\n<p class=\"wp-block-paragraph\">El anuncio de la fundaci\u00f3n de esta Asociaci\u00f3n Nacional de Legisladores Constituyentes de la 4T, que nace con alrededor de 300 diputados federales y locales, fue conocido el pasado fin de semana y ocurre justo a un d\u00eda de que el inquilino de Palacio cumpli\u00f3 un a\u00f1o en su gesti\u00f3n.<\/p>\n\n\n\n<p class=\"wp-block-paragraph\">\u00bfPor qu\u00e9 la integraci\u00f3n de este grupo de legisladores? No cabe duda que a Morena le ha hecho un da\u00f1o toral la lucha intestina por su control. Su dirigente, Yeidckol Polevsnky no ha entendido que Morena es el partido en el poder y se ha enfrentado con sus bemoles y severas consecuencias a Berta Luj\u00e1n y a Alejandro Rojas D\u00edaz Dur\u00e1n, entendi\u00e9ndose en el caso de este \u00faltimo como representante de Ricardo Monreal y, en lo que concierne a la ex dirigente del Frente Aut\u00e9ntico del Trabajo, a la preferida de Andr\u00e9s Manuel L\u00f3pez Obrador, preferencia que tambi\u00e9n tiene Mario Delgado Carrillo, cuyas actividades han ido m\u00e1s all\u00e1 de las legislativas.<\/p>\n\n\n\n<p class=\"wp-block-paragraph\">Delgado quiere ser el dirigente nacional de Morena, pero la tarea que le encomend\u00f3 el Presidente es evitar que el Movimiento se desgaste y pierda presencia e influencia rumbo a la elecci\u00f3n intermedia de 2021.<\/p>\n\n\n\n<p class=\"wp-block-paragraph\">Y para desbrozar ese camino es fundamental una reforma pol\u00edtica que pasa sustancialmente por el recorte a la prerrogativas de los partidos pol\u00edticos y el desmantelamiento del Consejo General del Instituto Nacional Electoral, recort\u00e1ndole tiempo de gesti\u00f3n a su presidente Lorenzo C\u00f3rdova Vianello, a quien recurrentemente ha descalificado el presidente L\u00f3pez Obrador.<\/p>\n\n\n\n<p class=\"wp-block-paragraph\">Por eso Mario Delgado est\u00e1 preocupado, porque el Movimiento que pretende dirigir debe estar sustentado en una estructura legislativa libre de fisuras, garante de poder aterrizar no s\u00f3lo esta reforma pol\u00edtica que debe estar concretada, como reforma constitucional, un a\u00f1o antes del proceso electoral intermedio, que formalmente iniciar\u00e1 en octubre de 2020.<\/p>\n\n\n\n<p class=\"wp-block-paragraph\">Es sabido que en la pretensi\u00f3n de recortar 50 por ciento los recursos p\u00fablicos, es decir, las prerrogativas a los partidos pol\u00edticos implica acotar el margen de maniobra de los institutos pol\u00edticos en la campa\u00f1a electoral intermedia. Fam\u00e9licos, los partidos estar\u00e1n en desventaja frente a ese bloque disfrazado de asociaci\u00f3n de Morena junto con sus sat\u00e9lites que igual ir\u00e1n por mantener mayor\u00eda en C\u00e1mara de Diputados.<\/p>\n\n\n\n<p class=\"wp-block-paragraph\">El tama\u00f1o de perder hegemon\u00eda es del mismo nivel de apostarle a la derrota en la elecci\u00f3n presidencial. Por eso, el inquilino de Palacio blofea con aquello de que abandonar\u00e1 a Morena si el movimiento pierde naturaleza y presencia.<\/p>\n\n\n\n<p class=\"wp-block-paragraph\">No, la apuesta es fortalecer al Movimiento, aprovechar el momento y la euforia triunfalista. Mario Delgado dice que seguramente habr\u00e1 ah\u00ed algunas voces inconformes pero, acota, \u201cel chiste es echarnos para delante. Lo de menos son los cargos. Lo importante aqu\u00ed es que camine la organizaci\u00f3n pol\u00edtica de esta amplia composici\u00f3n de legisladores. Es una asociaci\u00f3n civil a iniciativa de legisladores y legisladoras, locales, federales, senadores\u201d.&nbsp;<\/p>\n\n\n\n<p class=\"wp-block-paragraph\">Sostiene que los legisladores integran al \u201cej\u00e9rcito del Presidente\u201d y se deben mantener leales y valientes. Incluso, Delgado urgi\u00f3 a crear \u201ccomit\u00e9s de defensa\u201d de la 4T, un s\u00edmil de los que existen en Cuba y creados para defender a la revoluci\u00f3n.<\/p>\n\n\n\n<p class=\"wp-block-paragraph\">Y, mire usted el nivel de la advertencia a los contrarios. Mario Delgado pidi\u00f3 a sus compa\u00f1eros impedir que los medios de comunicaci\u00f3n y la derecha difundan que M\u00e9xico est\u00e1 en \u201cdesorden\u201d y es un pa\u00eds an\u00e1rquico.&nbsp;<\/p>\n\n\n\n<p class=\"wp-block-paragraph\">\u201cNo dejemos que ni los medios ni la derecha, los conservadores, los reaccionarios presenten, la derecha radical, presenten un pa\u00eds como si estuvi\u00e9ramos en desorden y an\u00e1rquico. No, la gente est\u00e1 feliz con la transformaci\u00f3n. Y d\u00e9monos cuenta de una cosa, estamos viviendo un momento hist\u00f3rico irrepetible y el movimiento \u00a1est\u00e1 mejor que nunca!\u201d, sostuvo Delegado Carrillo,<\/p>\n\n\n\n<p class=\"wp-block-paragraph\">\u00bfCu\u00e1l es, entonces, el miedo a perder si todos somos felices? Digo.<\/p>\n\n\n\n<p class=\"wp-block-paragraph\"><a href=\"mailto:sanchezlimon@gmail.com\" target=\"_blank\" rel=\"noreferrer noopener\">sanchezlimon@gmail.com<\/a><\/p>\n\n\n\n<p class=\"wp-block-paragraph\"><a href=\"http:\/\/www.entresemana.mx\/\" target=\"_blank\" rel=\"noreferrer noopener\">www.entresemana.mx<\/a><\/p>\n\n\n\n<p class=\"wp-block-paragraph\">@msanchezlimon<\/p>\n","protected":false},"excerpt":{"rendered":"<p>Morena y el miedo a perder<\/p>\n","protected":false},"author":3,"featured_media":14418,"comment_status":"open","ping_status":"open","sticky":false,"template":"","format":"standard","meta":{"_monsterinsights_skip_tracking":false,"footnotes":""},"categories":[690,105,83],"tags":[],"class_list":["post-14693","post","type-post","status-publish","format-standard","has-post-thumbnail","category-690","category-entresemana","category-moises-sanchez-limon"],"_links":{"self":[{"href":"https:\/\/redsemlac.com\/semmexico\/wp-json\/wp\/v2\/posts\/14693","targetHints":{"allow":["GET"]}}],"collection":[{"href":"https:\/\/redsemlac.com\/semmexico\/wp-json\/wp\/v2\/posts"}],"about":[{"href":"https:\/\/redsemlac.com\/semmexico\/wp-json\/wp\/v2\/types\/post"}],"author":[{"embeddable":true,"href":"https:\/\/redsemlac.com\/semmexico\/wp-json\/wp\/v2\/users\/3"}],"replies":[{"embeddable":true,"href":"https:\/\/redsemlac.com\/semmexico\/wp-json\/wp\/v2\/comments?post=14693"}],"version-history":[{"count":0,"href":"https:\/\/redsemlac.com\/semmexico\/wp-json\/wp\/v2\/posts\/14693\/revisions"}],"wp:featuredmedia":[{"embeddable":true,"href":"https:\/\/redsemlac.com\/semmexico\/wp-json\/wp\/v2\/media\/14418"}],"wp:attachment":[{"href":"https:\/\/redsemlac.com\/semmexico\/wp-json\/wp\/v2\/media?parent=14693"}],"wp:term":[{"taxonomy":"category","embeddable":true,"href":"https:\/\/redsemlac.com\/semmexico\/wp-json\/wp\/v2\/categories?post=14693"},{"taxonomy":"post_tag","embeddable":true,"href":"https:\/\/redsemlac.com\/semmexico\/wp-json\/wp\/v2\/tags?post=14693"}],"curies":[{"name":"wp","href":"https:\/\/api.w.org\/{rel}","templated":true}]}}