{"id":14689,"date":"2019-12-03T17:40:46","date_gmt":"2019-12-03T17:40:46","guid":{"rendered":"https:\/\/redsemlac.com\/semmexico\/?p=14689"},"modified":"2023-07-21T15:15:32","modified_gmt":"2023-07-21T20:15:32","slug":"morelos-17","status":"publish","type":"post","link":"https:\/\/redsemlac.com\/semmexico\/morelos-17\/","title":{"rendered":"Morelos ocupa en realidad el primer lugar en femincidios"},"content":{"rendered":"\n<p class=\"wp-block-paragraph\"> <strong>Estrella Pedroza<\/strong><\/p>\n\n\n\n<p class=\"wp-block-paragraph\">SemM\u00e9xico. Morelos. 3 de diciembre de 2019.- Morelos se ubica en segundo lugar con 27 feminicidios , seg\u00fan informaci\u00f3n&nbsp; &nbsp;del Secretariado Ejecutivo del Sistema Nacional de Seguridad P\u00fablica (SESNSP), pero en realidad ocupa el primer lugar porque en lo que va del 2019 han ocurrido 100 casos, sostienen integrantes del Comit\u00e9 de Derechos Humanos Digna Ochoa.<\/p>\n\n\n\n<p class=\"wp-block-paragraph\">En el \u00faltimo reporte emitido por el Secretariado Ejecutivo del Sistema Nacional de Seguridad P\u00fablica (SESNSP), de la Secretar\u00eda de Gobernaci\u00f3n \u2013 de enero al\u00a0 mes de septiembre de\u00a0 este a\u00f1o-\u00a0 Morelos\u00a0 se ubica como el segundo estado\u00a0 con m\u00e1s\u00a0 feminicidios,\u00a0 al acumular 27 femincidios\u00a0 y\u00a0 57 homicidios dolosos contra mujeres.<\/p>\n\n\n\n<p class=\"wp-block-paragraph\">Sin embargo, para el&nbsp; Centro de Derechos Humanos \u201cDigna Ochoa\u201d, la&nbsp; entidad ocupa el primer lugar al ubicarse como la entidad federativa&nbsp; m\u00e1s violenta para las mujeres&nbsp; debido a que en lo que va del a\u00f1o se han registrado 100 feminicidios.<\/p>\n\n\n\n<figure class=\"wp-block-video aligncenter\"><video height=\"352\" style=\"aspect-ratio: 640 \/ 352;\" width=\"640\" controls src=\"https:\/\/redsemlac.com\/semmexico\/wp-content\/uploads\/2019\/12\/WhatsApp-Video-2019-12-03-at-11.22.17-AM.mp4\"><\/video><\/figure>\n\n\n\n<p class=\"wp-block-paragraph\">\u201cEstamos&nbsp; ocupando el primer lugar en femincidios, la autoridad&nbsp; habla de&nbsp; homicidios violentos de mujeres&nbsp; y no asume que son femincidios, a la sociedad&nbsp; civil nos ha tocado documentar&nbsp; 100 casos de&nbsp; violencia feminicida\u201d, explic\u00f3, Susana D\u00edaz&nbsp; Pineda, representante de la organizaci\u00f3n civil en la entidad.<\/p>\n\n\n\n<p class=\"wp-block-paragraph\">Detall\u00f3 que lo que sucede es que&nbsp; la Fiscal\u00eda General Estatal&nbsp; (FGE) ha tipificado de manera&nbsp; inadecuada la mayor\u00eda de los casos porque le conviene bajar las cifras de feminicidios y&nbsp; subray\u00f3 que el SESNSP se nutre con la informaci\u00f3n que las&nbsp; fiscal\u00edas&nbsp; le reportan.\n\n<\/p>\n","protected":false},"excerpt":{"rendered":"<p>Morelos  se ubica como el segundo estado  con m\u00e1s  feminicidios,  al acumular 27 femincidios  y  57 homicidios dolosos contra mujeres.<\/p>\n","protected":false},"author":3,"featured_media":14691,"comment_status":"open","ping_status":"open","sticky":false,"template":"","format":"standard","meta":{"_monsterinsights_skip_tracking":false,"footnotes":""},"categories":[690,54],"tags":[],"class_list":["post-14689","post","type-post","status-publish","format-standard","has-post-thumbnail","category-690","category-mujeres"],"_links":{"self":[{"href":"https:\/\/redsemlac.com\/semmexico\/wp-json\/wp\/v2\/posts\/14689","targetHints":{"allow":["GET"]}}],"collection":[{"href":"https:\/\/redsemlac.com\/semmexico\/wp-json\/wp\/v2\/posts"}],"about":[{"href":"https:\/\/redsemlac.com\/semmexico\/wp-json\/wp\/v2\/types\/post"}],"author":[{"embeddable":true,"href":"https:\/\/redsemlac.com\/semmexico\/wp-json\/wp\/v2\/users\/3"}],"replies":[{"embeddable":true,"href":"https:\/\/redsemlac.com\/semmexico\/wp-json\/wp\/v2\/comments?post=14689"}],"version-history":[{"count":0,"href":"https:\/\/redsemlac.com\/semmexico\/wp-json\/wp\/v2\/posts\/14689\/revisions"}],"wp:featuredmedia":[{"embeddable":true,"href":"https:\/\/redsemlac.com\/semmexico\/wp-json\/wp\/v2\/media\/14691"}],"wp:attachment":[{"href":"https:\/\/redsemlac.com\/semmexico\/wp-json\/wp\/v2\/media?parent=14689"}],"wp:term":[{"taxonomy":"category","embeddable":true,"href":"https:\/\/redsemlac.com\/semmexico\/wp-json\/wp\/v2\/categories?post=14689"},{"taxonomy":"post_tag","embeddable":true,"href":"https:\/\/redsemlac.com\/semmexico\/wp-json\/wp\/v2\/tags?post=14689"}],"curies":[{"name":"wp","href":"https:\/\/api.w.org\/{rel}","templated":true}]}}