{"id":14683,"date":"2019-12-03T01:43:57","date_gmt":"2019-12-03T01:43:57","guid":{"rendered":"https:\/\/redsemlac.com\/semmexico\/?p=14683"},"modified":"2023-07-21T15:15:32","modified_gmt":"2023-07-21T20:15:32","slug":"mujeres-la-mayoria-de-la-poblacion-mexicana-con-discapacidad","status":"publish","type":"post","link":"https:\/\/redsemlac.com\/semmexico\/mujeres-la-mayoria-de-la-poblacion-mexicana-con-discapacidad\/","title":{"rendered":"Mujeres la mayor\u00eda de la poblaci\u00f3n mexicana con discapacidad"},"content":{"rendered":"\n<ul class=\"wp-block-list\"><li><strong>Habitan\nen el pa\u00eds, 7.7 millones personas con\ntienen discapacidad<\/strong><\/li><li><strong>De\ncada 100 personas con discapacidad, 51 son adultos mayores (60 a\u00f1os o m\u00e1s).<\/strong><strong><\/strong><\/li><\/ul>\n\n\n\n<p class=\"wp-block-paragraph\"><strong>Redacci\u00f3n<\/strong><\/p>\n\n\n\n<p class=\"wp-block-paragraph\">SemM\u00e9xico,\nAguascalientes, 2 diciembre 2019.- Las mujeres representan la mayor\u00eda de la\npoblaci\u00f3n mexicana con discapacidad en M\u00e9xico, de acuerdo con informaci\u00f3n\nproporcionada por el INEGI a prop\u00f3sito del D\u00eda Internacional de las Personas\ncon Discapacidad, a conmemorarse este 3 de diciembre.<\/p>\n\n\n\n<p class=\"wp-block-paragraph\">En\nun comunicado, la instituci\u00f3n refiere que de los 115.7 millones de personas de\ncinco a\u00f1os y m\u00e1s que habitan M\u00e9xico, 7.7 millones (6.7 %) son consideradas como\npoblaci\u00f3n con discapacidad. La distribuci\u00f3n por edad y sexo permite identificar\nc\u00f3mo se concentra este grupo de poblaci\u00f3n; en las mujeres representa 54.2 % y\npor la edad de las personas y la condici\u00f3n de discapacidad; la mitad (49.9 %)\nson adultos mayores. <\/p>\n\n\n\n<p class=\"wp-block-paragraph\">De acuerdo\ncon los resultados de la Encuesta Nacional de la Din\u00e1mica Demogr\u00e1fica, ENADID\n2018, de las personas de cinco a\u00f1os y m\u00e1s que habitan en el pa\u00eds, 6.7 % tiene\ndiscapacidad, es decir, tienen mucha dificultad o no pueden hacer alguna de las\nactividades por las cuales se indaga en la encuesta. <\/p>\n\n\n\n<p class=\"wp-block-paragraph\">Por entidad\nfederativa, los estados con mayor prevalencia de poblaci\u00f3n con discapacidad\nson: Zacatecas (10.4%), Tabasco (9.8%) y Guerrero (9.4 por ciento). Los estados\nque concentran las prevalencias m\u00e1s bajas son: Chiapas (4.7%), Nuevo Le\u00f3n y\nQuintana Roo con 4.6% cada uno.<\/p>\n\n\n\n<div class=\"wp-block-image\"><figure class=\"aligncenter\"><img decoding=\"async\" src=\"https:\/\/redsemlac.com\/semmexico\/wp-content\/uploads\/2019\/12\/Captura-de-pantalla-2019-12-02-a-las-19.07.47-1024x703.png\" alt=\"\" class=\"wp-image-14685\"\/><\/figure><\/div>\n\n\n\n<p class=\"wp-block-paragraph\">La\nestructura por edad de la poblaci\u00f3n con discapacidad muestra un comportamiento\ninvertido con respecto a la poblaci\u00f3n que no tiene discapacidad, es decir, una\nbaja concentraci\u00f3n en la poblaci\u00f3n joven (5 a 29 a\u00f1os) y un aumento paulatino\nconforme se incrementa la edad; la mayor concentraci\u00f3n se observa en el grupo\nde adultos mayores (50.9 por ciento). La discapacidad en los adultos mayores\ntiene como consecuencia la acumulaci\u00f3n de riesgos a la salud, en t\u00e9rminos de\nenfermedades, lesiones, padecimientos cr\u00f3nicos y en algunos casos, se requiere\nde la ayuda de un cuidador (Salinas et al., s.f.). <\/p>\n\n\n\n<p class=\"wp-block-paragraph\">Por sexo,\ndel total de poblaci\u00f3n con discapacidad, las mujeres concentran m\u00e1s poblaci\u00f3n\ncon esta condici\u00f3n (54.2%) que los hombres (45.8 por ciento).<\/p>\n\n\n\n<p class=\"wp-block-paragraph\"><strong>Actividad con dificultad<\/strong><\/p>\n\n\n\n<p class=\"wp-block-paragraph\">De acuerdo con\nla metodolog\u00eda del Grupo de Washington, la discapacidad se identifica a partir\ndel grado de dificultad declarado en actividades consideradas como b\u00e1sicas. Los\nresultados de la ENADID 2018, muestran que caminar, subir o bajar usando sus\npiernas (53.3 %) y ver (aunque use lentes) (39.6 %) son las actividades m\u00e1s\ndeclaradas. En el extremo contrario est\u00e1n la dificultad para realizar sus\nactividades diarias derivada de problemas emocionales o mentales (11.8%) y\nhablar o comunicarse (9.7 por ciento).<\/p>\n\n\n\n<p class=\"wp-block-paragraph\">El riesgo\nde tener mayor dificultad para realizar actividades b\u00e1sicas de la vida\ncotidiana tiene una estrecha relaci\u00f3n con el incremento de la edad en las\npersonas; en los adultos mayores (60 a\u00f1os o m\u00e1s) con discapacidad, las\nactividades m\u00e1s reportadas son: caminar subir o bajar usando sus piernas (67.5 %),\nver (aunque use lentes) (39.6 %) y escuchar (aunque use aparato auditivo) (24.7\npor cierto); el no poder realizarlas o tener mucha dificultad, tienen un\nimpacto o pueden condicionar su participaci\u00f3n e inclusi\u00f3n en la sociedad.<\/p>\n\n\n\n<p class=\"wp-block-paragraph\">En la\npoblaci\u00f3n infantil (5 a 14 a\u00f1os de edad) con discapacidad, las actividades m\u00e1s\nreportadas son: aprender, recordar o concentrarse (43.0%), hablar o comunicarse\n(31.1%) y ver (aunque use lentes) (27.9 por ciento). En los j\u00f3venes (15 a 29\na\u00f1os) con discapacidad, ver (aunque use lentes) (40.9%); aprender, recordar o\nconcentrarse (28.1%) y caminar, subir o bajar escaleras usando sus piernas (24.8%)\nson las actividades que m\u00e1s se registraron. En el caso de la poblaci\u00f3n adulta\n(30 a 59 a\u00f1os) con discapacidad, caminar, subir o bajar escaleras usando sus\npiernas (45.1%), ver (aunque use lentes) (41.2%) y mover o usar sus brazos o\nmanos (16.2%) son las actividades con dificultad que m\u00e1s se reportaron.<\/p>\n\n\n\n<p class=\"wp-block-paragraph\"><strong>Causa de la dificultad<\/strong><\/p>\n\n\n\n<p class=\"wp-block-paragraph\">Obtener\ninformaci\u00f3n sobre la causa que origin\u00f3 la dificultad es importante, ya que\npermite planear y posiblemente valorar los programas de atenci\u00f3n o prevenci\u00f3n\nen salud y, tambi\u00e9n, de la dificultad (UNDS, 1998). Seg\u00fan los datos de la\nENADID 2018, la enfermedad (44.4%) y los problemas originados antes o durante\nel nacimiento \u2015naci\u00f3 as\u00ed\u2015(27.2%),\nson las causas m\u00e1s declaradas. Resaltan las diferencias en la proporci\u00f3n de\nhombres que, como causa, declaran edad avanzada (15%) o accidente (14.2%), en\ncomparaci\u00f3n a lo que se observa en las mujeres (10.9% y 7.7%, respectivamente).<\/p>\n\n\n\n<div class=\"wp-block-image\"><figure class=\"aligncenter\"><img decoding=\"async\" src=\"https:\/\/redsemlac.com\/semmexico\/wp-content\/uploads\/2019\/12\/Captura-de-pantalla-2019-12-02-a-las-19.10.01-1024x587.png\" alt=\"\" class=\"wp-image-14686\"\/><\/figure><\/div>\n\n\n\n<p class=\"wp-block-paragraph\">La enfermedad es la causa m\u00e1s reportada para las actividades de: caminar,\nsubir o bajar usando sus piernas (50.1%); mover o usar sus brazos o manos\n(49.4%); ver (aunque use lentes) (48.7%); ba\u00f1arse vestirse o comer (47.7%) y\nrealizar sus actividades diarias debido a problemas emocionales o mentales\n(45.1%). Mientras que para escuchar (aunque use aparato auditivo) (43.5%) y\npara aprender, recordar o concentrarse (33.6%) la causa m\u00e1s declarada son las\nrelacionadas con el nacimiento o previo al mismo (naci\u00f3 as\u00ed<em>)<\/em>; en el caso de la actividad para hablar o comunicarse, la edad\navanzada (42.6%) es la principal causa.<\/p>\n\n\n\n<p class=\"wp-block-paragraph\">La violencia se incluy\u00f3 como causa de la\ndificultad, con el objetivo de identificar el impacto que puede tener en la\ncondici\u00f3n de discapacidad (INEGI, 2019); esta, aunque con porcentajes muy\nbajos, tiene presencia en todas las actividades.<\/p>\n\n\n\n<p class=\"wp-block-paragraph\"><strong>Salud<\/strong><\/p>\n\n\n\n<p class=\"wp-block-paragraph\">La salud es\nun \u00e1mbito importante para todas las personas, pero para quienes tienen\ndiscapacidad resulta de mayor relevancia por el cuidado que requieren en esta\n\u00e1rea, ya sea por seguimiento de alg\u00fan padecimiento o rehabilitaci\u00f3n, entre\notras. La afiliaci\u00f3n a servicios m\u00e9dicos \u201cpermite identificar a las personas\nque est\u00e1n inscritas o tienen acceso a alguna(s) instituci\u00f3n(es) o programa(s)\nsocial(es) para la atenci\u00f3n de la salud\u201d (INEGI, 2019: 201).<\/p>\n\n\n\n<p class=\"wp-block-paragraph\">Del total\nde personas de 5 a\u00f1os o m\u00e1s con discapacidad, 86.7 % est\u00e1 afiliada al menos a\nuna de las instituciones por las que se indaga; seg\u00fan el tipo de instituci\u00f3n al\nque est\u00e1n inscritas, 53.3 % lo est\u00e1 en alguna instituci\u00f3n de seguridad social,\nmientras que 48.7% lo hace en un programa social. En el caso de la poblaci\u00f3n sin\ndiscapacidad, en el mismo grupo de edad, 82.3 % est\u00e1 afiliada en al menos una\ninstituci\u00f3n de salud, de esta poblaci\u00f3n, 53.8 % est\u00e1 afiliada a la seguridad\nsocial y 46.9% est\u00e1 inscrita a un programa social.<\/p>\n\n\n\n<p class=\"wp-block-paragraph\">Los datos\nde la ENADID 2018 permiten identificar a d\u00f3nde decide ir la poblaci\u00f3n cuando\ntiene un problema de salud. Del total de personas de 5 a\u00f1os o m\u00e1s edad que\ntiene discapacidad, 64.2 % acude al IMSS o alg\u00fan centro de salud u hospital de\nla SSA; 25.6 % paga para recibir atenci\u00f3n m\u00e9dica al acudir a un consultorio de\nfarmacia, consultorio, cl\u00ednica u hospital privado, y 1.7 % no se atiende o se\nautomedica.<\/p>\n\n\n\n<p class=\"wp-block-paragraph\"><strong>Educaci\u00f3n<\/strong><\/p>\n\n\n\n<p class=\"wp-block-paragraph\">Si bien la\neducaci\u00f3n siempre ha sido importante para el desarrollo y progreso de un pa\u00eds,\nha adquirido mayor relevancia dadas las profundas transformaciones, motivadas\npor el vertiginoso avance de la ciencia y las tecnolog\u00edas de la informaci\u00f3n\n(UNAM, 2012).<\/p>\n\n\n\n<p class=\"wp-block-paragraph\">La\nlegislaci\u00f3n educativa del pa\u00eds contempla que la educaci\u00f3n b\u00e1sica y media\nsuperior conforman la educaci\u00f3n obligatoria, la cual abarca desde los 5 hasta\nlos 17 a\u00f1os como la edad ideal para cursarla, mientras que a partir de los 18\na\u00f1os hasta los 29 a\u00f1os, se espera que las personas est\u00e9n cursando la educaci\u00f3n\nsuperior o alg\u00fan nivel posterior. <\/p>\n\n\n\n<p class=\"wp-block-paragraph\">La\nproporci\u00f3n de poblaci\u00f3n que tienen entre 5 y 29 a\u00f1os de edad que asiste a la\nescuela, es 12 puntos porcentuales menor entre las personas con discapacidad\n(46.8%) en comparaci\u00f3n con quienes no tienen discapacidad (59.1%); diferencia\nque se mantiene al comparar los datos por sexo. El mismo comportamiento se\nobserva al hacer el contraste en los distintos grupos de edad ideal para cursar\nalguno de los grados acad\u00e9micos del Sistema Educativo Nacional. <\/p>\n\n\n\n<p class=\"wp-block-paragraph\">Los datos\nmuestran, como se\u00f1ala la UNESCO, que las personas con discapacidad tienen menos\nprobabilidades de asistir a la escuela y de igual manera, tienen menos\nposibilidades de adquirir las habilidades b\u00e1sicas de alfabetizaci\u00f3n (UNESCO,\n2018).<\/p>\n\n\n\n<p class=\"wp-block-paragraph\">La ENADID\n2018 define a una persona analfabeta como \u201cpersona de 15 a\u00f1os o m\u00e1s que no sabe\nleer y escribir un texto sencillo y corto\u201d (INEGI, s.f.). El porcentaje de\npoblaci\u00f3n con discapacidad que no saben leer ni escribir un recado (19.8%)\nsupera por casi cuatro veces a la que no tiene discapacidad (4.0%) que tambi\u00e9n\nes analfabeta; en los varones la diferencia es de 14 puntos porcentuales y en\nlas mujeres, se incrementa hasta llegar a los 17 puntos porcentuales.<\/p>\n\n\n\n<p class=\"wp-block-paragraph\">El logro\neducativo alcanzado por la persona se relaciona estrechamente con las\nhabilidades y competencias de la poblaci\u00f3n de un pa\u00eds y puede ser considerado\nun indicador indirecto de aspectos cuantitativos y cualitativos asociados con\nlas reservas de capital humano. Mostrar la distribuci\u00f3n de la poblaci\u00f3n de 25\na\u00f1os o m\u00e1s por nivel educativo logrado es un indicador que refleja la estructura\ny rendimiento del sistema educativo y su impacto acumulado en la formaci\u00f3n de\ncapital humano (UNESCO, 2009).<\/p>\n\n\n\n<p class=\"wp-block-paragraph\">La\nClasificaci\u00f3n Internacional Normalizadora de la Educaci\u00f3n (CINE) permite\ncomparar las estad\u00edsticas educativas entre pa\u00edses. A partir de los datos de la\nENADID 2018, es posible se\u00f1alar que 20.4 % de la poblaci\u00f3n con 25 o m\u00e1s a\u00f1os de\nedad que tiene discapacidad no cuenta con instrucci\u00f3n acad\u00e9mica, mientras que\nla mitad de este grupo de poblaci\u00f3n (49.1%) apenas alcanza los niveles 0 y 1 de\nacuerdo con lo que define la CINE. <\/p>\n\n\n\n<p class=\"wp-block-paragraph\">En\ncontraste, de la poblaci\u00f3n sin discapacidad que tiene 25 a\u00f1os o m\u00e1s edad, 66.1 %\nha alcanzado los niveles 2, 3, 5 o 6, proporciones que duplican a la poblaci\u00f3n\ncon discapacidad. Esta misma tendencia se observa al comparar hombres y mujeres\nseg\u00fan la condici\u00f3n de discapacidad.<\/p>\n\n\n\n<p class=\"wp-block-paragraph\"><strong>Condici\u00f3n de actividad econ\u00f3mica <\/strong><\/p>\n\n\n\n<p class=\"wp-block-paragraph\">Seg\u00fan la Organizaci\u00f3n Internacional del Trabajo\n(OIT), la poblaci\u00f3n con discapacidad experimenta mayores tasas de desempleo e\ninactividad econ\u00f3mica en comparaci\u00f3n con las personas sin discapacidad (OIT,\n2019). El Art\u00edculo 123 de la Constituci\u00f3n Pol\u00edtica de los Estados Unidos\nMexicanos establece que toda persona tiene derecho al trabajo digno y\nsocialmente \u00fatil; adem\u00e1s de que proh\u00edbe la utilizaci\u00f3n del trabajo de los\nmenores de 15 a\u00f1os de edad (DOF, 2019); con ello se busca garantizar el acceso\na todos los habitantes del pa\u00eds, a un trabajo digno y seguro.<\/p>\n\n\n\n<p class=\"wp-block-paragraph\">Los datos\nde la ENADID 2018, muestran una amplia diferencia en la tasa de participaci\u00f3n\necon\u00f3mica; entre quienes no tienen discapacidad, la tasa alcanza 65.4 %;\nmientras en la poblaci\u00f3n con discapacidad este indicador llega al 38.5 por\nciento. Esta diferencia es m\u00e1s notoria por sexo: entre los hombres la\ndiferencia alcanza 31 puntos porcentuales y en las mujeres, la diferencia en la\ntasa de participaci\u00f3n econ\u00f3mica es de 21 puntos porcentuales; estos datos\nevidencian la poca participaci\u00f3n econ\u00f3mica de la poblaci\u00f3n con discapacidad.<\/p>\n\n\n\n<p class=\"wp-block-paragraph\">SEM\/sj<\/p>\n","protected":false},"excerpt":{"rendered":"<p>Habitan en el pa\u00eds, 7.7 millones personas con tienen discapacidad<\/p>\n","protected":false},"author":3,"featured_media":14684,"comment_status":"open","ping_status":"open","sticky":false,"template":"","format":"standard","meta":{"_monsterinsights_skip_tracking":false,"footnotes":""},"categories":[690,51],"tags":[],"class_list":["post-14683","post","type-post","status-publish","format-standard","has-post-thumbnail","category-690","category-ejecutivo"],"_links":{"self":[{"href":"https:\/\/redsemlac.com\/semmexico\/wp-json\/wp\/v2\/posts\/14683","targetHints":{"allow":["GET"]}}],"collection":[{"href":"https:\/\/redsemlac.com\/semmexico\/wp-json\/wp\/v2\/posts"}],"about":[{"href":"https:\/\/redsemlac.com\/semmexico\/wp-json\/wp\/v2\/types\/post"}],"author":[{"embeddable":true,"href":"https:\/\/redsemlac.com\/semmexico\/wp-json\/wp\/v2\/users\/3"}],"replies":[{"embeddable":true,"href":"https:\/\/redsemlac.com\/semmexico\/wp-json\/wp\/v2\/comments?post=14683"}],"version-history":[{"count":0,"href":"https:\/\/redsemlac.com\/semmexico\/wp-json\/wp\/v2\/posts\/14683\/revisions"}],"wp:featuredmedia":[{"embeddable":true,"href":"https:\/\/redsemlac.com\/semmexico\/wp-json\/wp\/v2\/media\/14684"}],"wp:attachment":[{"href":"https:\/\/redsemlac.com\/semmexico\/wp-json\/wp\/v2\/media?parent=14683"}],"wp:term":[{"taxonomy":"category","embeddable":true,"href":"https:\/\/redsemlac.com\/semmexico\/wp-json\/wp\/v2\/categories?post=14683"},{"taxonomy":"post_tag","embeddable":true,"href":"https:\/\/redsemlac.com\/semmexico\/wp-json\/wp\/v2\/tags?post=14683"}],"curies":[{"name":"wp","href":"https:\/\/api.w.org\/{rel}","templated":true}]}}