{"id":14680,"date":"2019-12-03T01:10:59","date_gmt":"2019-12-03T01:10:59","guid":{"rendered":"https:\/\/redsemlac.com\/semmexico\/?p=14680"},"modified":"2023-07-21T15:15:32","modified_gmt":"2023-07-21T20:15:32","slug":"las-mujeres-quedaron-fuera-del-discurso-de-amlo-en-su-primer-informe","status":"publish","type":"post","link":"https:\/\/redsemlac.com\/semmexico\/las-mujeres-quedaron-fuera-del-discurso-de-amlo-en-su-primer-informe\/","title":{"rendered":"Las mujeres quedaron fuera del discurso de AMLO en su \u201cprimer\u201d informe"},"content":{"rendered":"\n<p class=\"wp-block-paragraph\"><strong>* En ninguno de los tres anteriores merecieron tampoco recibieron la\natenci\u00f3n gubernamental<br>\n* Pese a discursos en sus ma\u00f1aneras no hubo referencia a los programas para\natender la emergencia que enfrentan<\/strong><\/p>\n\n\n\n<p class=\"wp-block-paragraph\"><strong>Redacci\u00f3n<\/strong><\/p>\n\n\n\n<p class=\"wp-block-paragraph\">SemM\u00e9xico\/BillieParkerNoticias, Ciudad de M\u00e9xico, 2 diciembre 2019.-\nSolo tres menciones merecieron las mujeres de M\u00e9xico, en el discurso del presidente\nAndr\u00e9s Manuel L\u00f3pez Obrador con motivo del festejo morenista por cumplirse un\na\u00f1o de su arribo al poder y ninguna de ellas atiende la emergencia feminicida y\nde violencia extrema, que enfrentan.<\/p>\n\n\n\n<p class=\"wp-block-paragraph\">Una de las dos menciones en el texto escrito de su discurso es cuando\nagradece a su hom\u00f3logo estadounidense \u201csu solidaridad\u201d ante la masacre de\nni\u00f1os, ni\u00f1as y mujeres indefensas en los l\u00edmites de Chihuahua y Sonora, en un\nnuevo ataque a la poblaci\u00f3n civil por parte del narcotr\u00e1fico.<\/p>\n\n\n\n<p class=\"wp-block-paragraph\">\u201cAsimismo, agradecemos al\npresidente Donald Trump por su solidaridad expresada en la crisis de violencia\nen Culiac\u00e1n y tras los lamentables y dolorosos hechos en los que perdieron la\nvida tres&nbsp;mujeres&nbsp;y seis ni\u00f1os de las familias mexicoestadounidenses LeBar\u00f3n y Langford. Reconocemos\nque en ambos casos nos ofreci\u00f3 ayuda y respet\u00f3 nuestro derecho soberano a\ndecidir con independencia y libertad. El gobierno de M\u00e9xico cumplir\u00e1 con su\nresponsabilidad de hacer justicia\u201d.<\/p>\n\n\n\n<p class=\"wp-block-paragraph\">La segunda menci\u00f3n de la palabra mujeres fue al referir la entrega de\nrecursos a las autoridades ind\u00edgenas en Oaxaca.<\/p>\n\n\n\n<p class=\"wp-block-paragraph\">\u201cAvanza, en los municipios de Oaxaca, la construcci\u00f3n de 109 caminos\nde concreto. Nosotros entregamos los recursos a las autoridades de usos y\ncostumbres, ellos los manejan con honestidad y as\u00ed se da empleo a&nbsp;<strong>mujeres<\/strong>&nbsp;y\nhombres de los mismos pueblos. Con estas peque\u00f1as pero importantes obras se\naminora la migraci\u00f3n y se fortalece la vida familiar y comunitaria\u201d.<\/p>\n\n\n\n<p class=\"wp-block-paragraph\">La tercera menci\u00f3n y ya fuera del texto escrito, es cuando se\u00f1ala la\nentrega de asignaci\u00f3n directa a escuelas para que sea una mujer quien lo\nadministre, \u201cporque las mujeres son m\u00e1s honestas\u201d, sentenci\u00f3.<\/p>\n\n\n\n<p class=\"wp-block-paragraph\"><strong>V\u00edctimas<\/strong><\/p>\n\n\n\n<p class=\"wp-block-paragraph\">De las v\u00edctimas por la inseguridad solo fueron destacadas las del\nataque terrorista en El Paso Texas en EUA y al considerar v\u00edctima al\nexpresidente de Bolivia Evo Morales; no as\u00ed las casi 35 mil v\u00edctimas de\nhomicidios en 2019, que perfila al primer a\u00f1o de la cuarta transformaci\u00f3n como\nel m\u00e1s sangriento de los \u00faltimos tiempos.<\/p>\n\n\n\n<p class=\"wp-block-paragraph\">Tampoco se refiri\u00f3 a las v\u00edctimas de ataques a la poblaci\u00f3n civil\ndesarmadas, como en Minatitl\u00e1n y Coatzacoalcos Veracruz (en impunidad) y las de\nla Familia LeBar\u00f3n o miles de v\u00edctimas de desabasto de medicamentos, del\ndesempleo, de la cancelaci\u00f3n de programas como estancias infantiles, refugios\npara mujeres, ni\u00f1as y ni\u00f1os desamparados al cancelar el seguro popular o\nreducir programas como la preparatoria en L\u00ednea.<\/p>\n\n\n\n<p class=\"wp-block-paragraph\">\u201cAqu\u00ed expresamos de nuevo nuestras condolencias a los familiares de\nlas&nbsp;v\u00edctimas&nbsp;del\nasesinato colectivo en El Paso, Texas, y reiteramos nuestra condena a ese\ncrimen de odio motivado por el racismo y la xenofobia, as\u00ed como la exigencia de\nque se castigue conforme a derecho al responsable de esta abominable agresi\u00f3n\u201d.<\/p>\n\n\n\n<p class=\"wp-block-paragraph\">\u201cCon apego a nuestra ejemplar tradici\u00f3n de ofrecer refugio a\nperseguidos pol\u00edticos del mundo, decidimos otorgar asilo humanitario y pol\u00edtico\nal Presidente de Bolivia, Evo Morales y a su vicepresidente, \u00c1lvaro Garc\u00eda\nLinera. Evo no solo es nuestro hermano que representa con dignidad al pueblo\nmayoritariamente ind\u00edgena de Bolivia. Evo fue&nbsp;<strong>v\u00edctima<\/strong>&nbsp;de un\ngolpe de Estado. Y desde M\u00e9xico para el mundo, sostenemos: democracia s\u00ed,\nmilitarismo no\u201d.<\/p>\n\n\n\n<p class=\"wp-block-paragraph\"><strong>Inseguridad<\/strong><\/p>\n\n\n\n<p class=\"wp-block-paragraph\">Sobre la Inseguridad dedic\u00f3 m\u00e1s tiempo y l\u00edneas en su discurso para\ndenostar a quien considera su adversario pol\u00edtico, el expresidente Felipe\nCalder\u00f3n Hinojosa, para justificar lo que a nivel mundial han criticado como la\npol\u00edtica de \u201cabrazos y no balazos\u201d que ha empoderado a c\u00e1rteles y grupos\ndelictivos en todo M\u00e9xico.<\/p>\n\n\n\n<p class=\"wp-block-paragraph\">\u201cEl Ejecutivo federal ha emprendido un cambio de paradigma de\nseguridad. Entre 2006 y 2018 los gobernantes pretendieron resolver la\ninseguridad y la violencia delictiva mediante acciones de fuerza militar y\npolicial, sin atender el fondo del problema. El resultado fue catastr\u00f3fico y\nesa estrategia dej\u00f3 un saldo pavoroso de muertos, desaparecidos y lesionados;\nuna crisis de derechos humanos, una descomposici\u00f3n institucional sin precedente\ny un grav\u00edsimo da\u00f1o al tejido social. El pa\u00eds padece a\u00fan las consecuencias de\nesa pol\u00edtica equivocada\u201d asevera en el texto.<\/p>\n\n\n\n<p class=\"wp-block-paragraph\">\u201cNo debe olvidarse que el 2 de enero de 2007, Felipe Calder\u00f3n, para\ntratar de legitimarse luego del fraude electoral, orden\u00f3 desde Apatzing\u00e1n,\nMichoac\u00e1n, la participaci\u00f3n de las Fuerzas Armadas en lo que denomin\u00f3 \u201cGuerra\ncontra el narcotr\u00e1fico\u201d. Esta irresponsable decisi\u00f3n condujo a soldados y\nmarinos a una lucha frontal contra la delincuencia organizada, bajo la consigna\nde \u201climpiar\u201d como fuera, con ajusticiamientos, masacres o exterminio. En el\nalto mando militar se dec\u00eda a los oficiales: ustedes ac\u00e1benlos y nosotros nos\nencargamos de los derechos humanos. La mejor prueba de este proceder\nautoritario es que ese sexenio ostenta la mayor letalidad en combate desde la\nRevoluci\u00f3n Mexicana. Ese indicador se obtiene del promedio de presuntos\ndelincuentes muertos o rematados en enfrentamientos, comparado con los heridos\ny detenidos presentados por las fuerzas militares ante la autoridad. En solo\ndos a\u00f1os del gobierno de Calder\u00f3n (2011-2012), se registraron mil 898\nenfrenamientos en los que murieron dos mil 459 personas, resultaron heridos 231\ny fueron detenidos mil 519; o sea, 709 muertos m\u00e1s que el n\u00famero de heridos y\ndetenidos\u201d, narra.<\/p>\n\n\n\n<p class=\"wp-block-paragraph\">\u201cAsimismo, en los tres \u00faltimos a\u00f1os del gobierno de Felipe Calder\u00f3n\n(2010-2012), los militares y navales fallecidos en enfrentamientos fueron 154,\nun promedio de 51 por a\u00f1o; mientras en 12 meses de nuestro gobierno, solo\nlamentamos que hayan perdido la vida 15 miembros de las Fuerzas Armadas. Aunque\nlos datos hablan por s\u00ed solos, es obvio que esta absurda y desquiciada\nestrategia no se repetir\u00e1 y que nunca m\u00e1s se pondr\u00e1 en riesgo de manera\nirresponsable ni la vida ni el prestigio de los integrantes de las Fuerzas\nArmadas y, mucho menos, se les utilizar\u00e1 para cometer excesos y ejecutar\n\u00f3rdenes ilegales e inhumanas\u201d, sostuvo.<\/p>\n\n\n\n<p class=\"wp-block-paragraph\">Ponder\u00f3 la medida adoptada de liberar al hijo del Chapo: \u201cLa vigencia\nde la nueva pol\u00edtica de seguridad se demostr\u00f3 con claridad ante la crisis de\nterror que se vivi\u00f3 la tarde-noche del jueves 17 de octubre en Culiac\u00e1n,\nSinaloa, con motivo de la detenci\u00f3n de Ovidio Guzm\u00e1n, hijo de Joaqu\u00edn Guzm\u00e1n\nLoera; en esa verdadera prueba de fuego en la que la delincuencia sali\u00f3 a la\ncalle con armas de alto calibre y se vivi\u00f3 un alto riesgo, se prefiri\u00f3 detener\nel operativo y liberar al implicado para evitar una masacre en la que habr\u00edan\nperdido la vida centenares de personas, la mayor\u00eda civiles, gente inocente,\nseg\u00fan el c\u00e1lculo de las Fuerzas Armadas. Podr\u00e1n decir nuestros adversarios que\ndemostramos debilidad, pero nada vale m\u00e1s que la vida de las personas\u201d.<\/p>\n\n\n\n<p class=\"wp-block-paragraph\">De acuerdo al Presidente AMLO \u201cLa argumentaci\u00f3n de esta nueva\nestrategia est\u00e1 contenida en el Plan de Desarrollo, pero reitero que entre las\nacciones principales para conseguir la paz figura la creaci\u00f3n de mejores\ncondiciones de vida y de trabajo, a fin de atender las causas que originan la\nviolencia: el desempleo, la pobreza, la marginaci\u00f3n y la falta de espacios\nlaborales y educativos para los j\u00f3venes\u201d.<\/p>\n\n\n\n<p class=\"wp-block-paragraph\">\u201cLa nueva estrategia de seguridad p\u00fablica pasa tambi\u00e9n por la\ntolerancia cero ante la tortura y cualquier otra violaci\u00f3n a los derechos\nhumanos. Estamos dedicando tiempo y recursos a la b\u00fasqueda de desaparecidos por\nla violencia. No descansaremos hasta saber el paradero de los j\u00f3venes de\nAyotzinapa. Se brinda protecci\u00f3n a 365 periodistas y a 721 personas defensoras\nde derechos humanos. Han sido puestos en libertad 47 presos pol\u00edticos y\nseguiremos liberando a los que a\u00fan est\u00e1n en prisi\u00f3n injustamente, con apego a\nla legalidad aplicable. Ya inici\u00f3 el rescate de los restos de los 63 mineros\nque desde 2006 no han podido ser recuperados en la Mina Pasta de Conchos,\nCoahuila.\u201d justific\u00f3.<\/p>\n\n\n\n<p class=\"wp-block-paragraph\">La segunda menci\u00f3n de la INSEGURIDAD ocurre al expresar lo que\nconsidera su logro en materia de pol\u00edtica migratoria, que como se denuncia\np\u00fablicamente, se hace \u201cel trabajo sucio de Estados Unidos\u201d deteniendo y\ndeportando a migrantes que entraron por invitaci\u00f3n expresa hace un a\u00f1o y que\ngener\u00f3 olas de caravanas provenientes de centroam\u00e9rica. Mismas que alarmaron a\nEstados Unidos y que el presidente Donald Trump contuvo amenazando a M\u00e9xico si\nno paraba el flujo migratorio hacia su frontera con aplicar aranceles por cada\nd\u00eda que el gobierno mexicano no actuara.<\/p>\n\n\n\n<p class=\"wp-block-paragraph\">\u201cEn materia de pol\u00edtica migratoria hemos articulado un cambio radical\ncon respecto a lo que se hizo en el pasado reciente. Nuestro prop\u00f3sito es ahora\nque ning\u00fan ciudadano mexicano se vea obligado a abandonar su lugar de\nresidencia por pobreza, marginaci\u00f3n o por inseguridad\u201d.<\/p>\n\n\n\n<p class=\"wp-block-paragraph\">\u201cEl Ejecutivo federal ha buscado involucrar en esta soluci\u00f3n a Estados\nUnidos y a los pa\u00edses hermanos de Centroam\u00e9rica para participar juntos en la\nconstrucci\u00f3n de mecanismos de reactivaci\u00f3n econ\u00f3mica, bienestar y desarrollo\ncon el prop\u00f3sito final de lograr que todas las personas puedan trabajar,\nestudiar, tener salud y bienestar en donde nacieron; que la migraci\u00f3n sea\nopcional, y no forzada por el hambre o la violencia\u201d, concluy\u00f3<\/p>\n\n\n\n<p class=\"wp-block-paragraph\">SEM-BPN<\/p>\n","protected":false},"excerpt":{"rendered":"<p>En ninguno de los tres anteriores merecieron tampoco recibieron la atenci\u00f3n gubernamental<\/p>\n","protected":false},"author":3,"featured_media":14681,"comment_status":"open","ping_status":"open","sticky":false,"template":"","format":"standard","meta":{"_monsterinsights_skip_tracking":false,"footnotes":""},"categories":[690,51],"tags":[],"class_list":["post-14680","post","type-post","status-publish","format-standard","has-post-thumbnail","category-690","category-ejecutivo"],"_links":{"self":[{"href":"https:\/\/redsemlac.com\/semmexico\/wp-json\/wp\/v2\/posts\/14680","targetHints":{"allow":["GET"]}}],"collection":[{"href":"https:\/\/redsemlac.com\/semmexico\/wp-json\/wp\/v2\/posts"}],"about":[{"href":"https:\/\/redsemlac.com\/semmexico\/wp-json\/wp\/v2\/types\/post"}],"author":[{"embeddable":true,"href":"https:\/\/redsemlac.com\/semmexico\/wp-json\/wp\/v2\/users\/3"}],"replies":[{"embeddable":true,"href":"https:\/\/redsemlac.com\/semmexico\/wp-json\/wp\/v2\/comments?post=14680"}],"version-history":[{"count":0,"href":"https:\/\/redsemlac.com\/semmexico\/wp-json\/wp\/v2\/posts\/14680\/revisions"}],"wp:featuredmedia":[{"embeddable":true,"href":"https:\/\/redsemlac.com\/semmexico\/wp-json\/wp\/v2\/media\/14681"}],"wp:attachment":[{"href":"https:\/\/redsemlac.com\/semmexico\/wp-json\/wp\/v2\/media?parent=14680"}],"wp:term":[{"taxonomy":"category","embeddable":true,"href":"https:\/\/redsemlac.com\/semmexico\/wp-json\/wp\/v2\/categories?post=14680"},{"taxonomy":"post_tag","embeddable":true,"href":"https:\/\/redsemlac.com\/semmexico\/wp-json\/wp\/v2\/tags?post=14680"}],"curies":[{"name":"wp","href":"https:\/\/api.w.org\/{rel}","templated":true}]}}