{"id":14677,"date":"2019-12-03T00:50:48","date_gmt":"2019-12-03T00:50:48","guid":{"rendered":"https:\/\/redsemlac.com\/semmexico\/?p=14677"},"modified":"2023-07-21T15:15:32","modified_gmt":"2023-07-21T20:15:32","slug":"oaxaca-98","status":"publish","type":"post","link":"https:\/\/redsemlac.com\/semmexico\/oaxaca-98\/","title":{"rendered":"Obtiene Estefany Itamar Ruiz su quinceava medalla de oro"},"content":{"rendered":"\n<p class=\"wp-block-paragraph\"><strong>* En la Paralimpiada Nacional\ncelebrada en Colima<\/strong><\/p>\n\n\n\n<p class=\"wp-block-paragraph\"><strong>* Es dif\u00edcil adaptarse a una\nsilla de ruedas, pero se aprende a vivir con ella<\/strong><\/p>\n\n\n\n<p class=\"wp-block-paragraph\"><strong>Redacci\u00f3n<\/strong><\/p>\n\n\n\n<p class=\"wp-block-paragraph\">SemM\u00e9xico, Oaxaca, 2 diciembre 2019<strong>.-&nbsp;<\/strong>Estudiante\ndel tercer semestre de la Licenciatura en Qu\u00edmico Farmacobi\u00f3logo de la Facultad\nde Ciencias Qu\u00edmicas dependiente de la Universidad Aut\u00f3noma Benito Ju\u00e1rez de\nOaxaca (UABJO), Estefany Itamar Ruiz Torres, obtuvo la medalla de oro en la\nParalimpiada Nacional celebrada en Colima.<\/p>\n\n\n\n<p class=\"wp-block-paragraph\">Con 10 a\u00f1os de carrera en lanzamiento de jabalina, en est\u00e1 ocasi\u00f3n triunf\u00f3 en la divisi\u00f3n F54 Juvenil Superior con una distancia de 8.58 metros, con lo que obtuvo su quinceava presea dorada, dice un comunicado.<\/p>\n\n\n\n<p class=\"wp-block-paragraph\">La orgullosa deportista ha obtenido tres medallas de plata y dos de bronce en esta disciplina, adem\u00e1s de una de bronce en b\u00e1squetbol.<\/p>\n\n\n\n<p class=\"wp-block-paragraph\">Oriunda de Santa Cruz Xoxocotl\u00e1n, naci\u00f3 con luxaci\u00f3n de cadera y escoliosis (malformaci\u00f3n en la columna), a los tres a\u00f1os fue operada por primera vez lo que le permiti\u00f3 caminar luego de la rehabilitaci\u00f3n, pero despu\u00e9s tuvo complicaciones.<\/p>\n\n\n\n<p class=\"wp-block-paragraph\">A los 10\na\u00f1os fue a la primera competencia, pero la escoliosis oprimi\u00f3 la medula\nespinal, perdiendo la fuerza en las piernas.<\/p>\n\n\n\n<p class=\"wp-block-paragraph\">Estefany\nRuiz Torres, la segunda de tres hermanos, fue intervenida por tercera ocasi\u00f3n a\nlos 11 a\u00f1os, y ya no pudo recuperar la movilidad en las piernas por lo que su\ndiagn\u00f3stico es lesi\u00f3n medular nivel T4.<\/p>\n\n\n\n<p class=\"wp-block-paragraph\">\u00abEs\ndif\u00edcil adaptarse a una silla de ruedas, depender de alguien, no lo aceptas del\ntodo, pero se aprende a vivir con ello\u00bb expresa muy contenta, y agradece a\nquienes le han ayudado en cada etapa, as\u00ed como a sus docentes quienes le\npermiten combinar sus estudios con el deporte.<\/p>\n\n\n\n<p class=\"wp-block-paragraph\">La\nmultimedallista dijo que cuenta con el apoyo incondicional de su pap\u00e1 quien es\nayudante de alba\u00f1il y su mam\u00e1 dedica a las labores del hogar.<\/p>\n\n\n\n<p class=\"wp-block-paragraph\">Refiri\u00f3 que su carrera es muy noble \u00abs\u00e9 que puedo hacer muchas cosas, puedo lograrlo, adem\u00e1s la ense\u00f1anza en la Universidad es muy buena, las y los maestros est\u00e1n bien preparados, tengo la esperanza de concluir mis estudios y ejercer mi profesi\u00f3n\u00bb.<\/p>\n\n\n\n<p class=\"wp-block-paragraph\">Invit\u00f3 a\necharle muchas ganas a sus estudios, \u00abtodo lo que se propongan se puede\nlograr, yo me he esforzado y estos son los resultados\u00bb finaliz\u00f3.<\/p>\n\n\n\n<p class=\"wp-block-paragraph\">SEM\/sj<\/p>\n","protected":false},"excerpt":{"rendered":"<p>En la Paralimpiada Nacional celebrada en Colima<\/p>\n","protected":false},"author":3,"featured_media":14678,"comment_status":"open","ping_status":"open","sticky":false,"template":"","format":"standard","meta":{"_monsterinsights_skip_tracking":false,"footnotes":""},"categories":[690,54],"tags":[],"class_list":["post-14677","post","type-post","status-publish","format-standard","has-post-thumbnail","category-690","category-mujeres"],"_links":{"self":[{"href":"https:\/\/redsemlac.com\/semmexico\/wp-json\/wp\/v2\/posts\/14677","targetHints":{"allow":["GET"]}}],"collection":[{"href":"https:\/\/redsemlac.com\/semmexico\/wp-json\/wp\/v2\/posts"}],"about":[{"href":"https:\/\/redsemlac.com\/semmexico\/wp-json\/wp\/v2\/types\/post"}],"author":[{"embeddable":true,"href":"https:\/\/redsemlac.com\/semmexico\/wp-json\/wp\/v2\/users\/3"}],"replies":[{"embeddable":true,"href":"https:\/\/redsemlac.com\/semmexico\/wp-json\/wp\/v2\/comments?post=14677"}],"version-history":[{"count":0,"href":"https:\/\/redsemlac.com\/semmexico\/wp-json\/wp\/v2\/posts\/14677\/revisions"}],"wp:featuredmedia":[{"embeddable":true,"href":"https:\/\/redsemlac.com\/semmexico\/wp-json\/wp\/v2\/media\/14678"}],"wp:attachment":[{"href":"https:\/\/redsemlac.com\/semmexico\/wp-json\/wp\/v2\/media?parent=14677"}],"wp:term":[{"taxonomy":"category","embeddable":true,"href":"https:\/\/redsemlac.com\/semmexico\/wp-json\/wp\/v2\/categories?post=14677"},{"taxonomy":"post_tag","embeddable":true,"href":"https:\/\/redsemlac.com\/semmexico\/wp-json\/wp\/v2\/tags?post=14677"}],"curies":[{"name":"wp","href":"https:\/\/api.w.org\/{rel}","templated":true}]}}