{"id":14674,"date":"2019-12-03T00:40:45","date_gmt":"2019-12-03T00:40:45","guid":{"rendered":"https:\/\/redsemlac.com\/semmexico\/?p=14674"},"modified":"2023-07-21T15:15:32","modified_gmt":"2023-07-21T20:15:32","slug":"con-sus-cuerpos-denuncian-la-agresion-social-y-del-estado-en-puerto-rico","status":"publish","type":"post","link":"https:\/\/redsemlac.com\/semmexico\/con-sus-cuerpos-denuncian-la-agresion-social-y-del-estado-en-puerto-rico\/","title":{"rendered":"Con sus cuerpos denuncian la agresi\u00f3n social y del Estado en Puerto Rico"},"content":{"rendered":"\n<p class=\"wp-block-paragraph\"><strong>* Estamos hartas de tanta violencia y\nque el Estado no asuma su responsabilidad, dicen<\/strong><\/p>\n\n\n\n<p class=\"wp-block-paragraph\"><strong>* La denuncia perform\u00e1tica fue\norganizada por Sara Ben\u00edtez Delgado, portavoz de La JuntillaX<\/strong><\/p>\n\n\n\n<p class=\"wp-block-paragraph\"><strong>Carmen Enid<\/strong><\/p>\n\n\n\n<p class=\"wp-block-paragraph\">SemM\u00e9xico,\nSan Juan, Puerto Rico, 2 diciembre 2019.- A diez a\u00f1os de haberlo expresado con\nsus cuerpos, 10 Musas Desprovistas, volvieron a gritar que las mujeres en\nPuerto Rico son agredidas por el Estado, cuando no se delinean planes de\ntrabajo que procuren un Estado de Emergencia ante la violencia de g\u00e9nero que ha\ncobrado la vida de sobre 30 mujeres al d\u00eda de hoy.<\/p>\n\n\n\n<p class=\"wp-block-paragraph\">\u201cLa\nviolencia contra las mujeres es callejera, institucional, es dom\u00e9stica.&nbsp; Una vez m\u00e1s las Musas Desprovistas lo\ndenuncian con el cuerpo. Estamos hartas de tanta violencia y que el Estado no\nasuma su responsabilidad\u201d, dijo Sara Ben\u00edtez Delgado, portavoz de La JuntillaX,\nel grupo que una vez m\u00e1s se organiza en denuncia perform\u00e1tica.<\/p>\n\n\n\n<p class=\"wp-block-paragraph\">10\nmujeres pintadas del torso hacia arriba, representando la violencia sexual; la\nmigraci\u00f3n que ahoga; la inequidad de g\u00e9nero y la diversidad; la precariedad\necon\u00f3mica, la impunidad, la corrupci\u00f3n, el fundamentalismo religioso\nentrometido en el estado, el acoso callejero, y los feminicidios, le dieron la\nespalda a La Fortaleza y tambi\u00e9n se le pararon de frente. Las mujeres llevaron\nen sus espaldas una letra que juntas conform\u00f3 la palabra \u201cEMERGENCIA\u201d.<\/p>\n\n\n\n<p class=\"wp-block-paragraph\">Hace\ndiez a\u00f1os, las Musas hicieron lo propio en la antigua sede de la oficina de la\nProcuradora de las Mujeres en Santurce, cuando era Procuradora Ivonne Feliciano\nBonilla, una exjuez nombrada por el entonces gobernador, Luis Fortu\u00f1o, que\ndemostr\u00f3 desconocimiento total de los asuntos urgentes de inequidad y violencia\nen torno a las mujeres.<\/p>\n\n\n\n<p class=\"wp-block-paragraph\">\u201cUn\na\u00f1o m\u00e1s tarde, la hoy Gobernadora por sucesi\u00f3n, Wanda V\u00e1zquez Garced, fue\nnombrada a la OPM sin ning\u00fan resultado positivo para las mujeres. Ya vemos como\nhoy ni siquiera puede delinear planes de trabajo y declarar un Estado de\nEmergencia ante la violencia que sufren las mujeres en el pa\u00eds. Diez a\u00f1os y\nestamos igual o peor, desde la oficialidad gubernamental\u201d, sentenci\u00f3 Tania\nRosario M\u00e9ndez, portavoz de la actividad y directora de Taller Salud.<\/p>\n\n\n\n<p class=\"wp-block-paragraph\">Las\nartistas, Sof\u00eda Rodr\u00edguez, Nilda Rivera, Roxana Riera, Prisma, Coqui Santiago,\nRaisa y Sharon, del Colectivo Moriviv\u00ed, Ivonne Pratts, Imarelys P\u00e9rez y Salom\u00e9,\nhicieron los bocetos y pintaron el cuerpo de las mujeres. Las Musas producir\u00e1n\nun video que se divulgue al mundo y as\u00ed seguir denunciando la violencia contra\nlas mujeres en Puerto Rico.<\/p>\n\n\n\n<p class=\"wp-block-paragraph\">SEM\/ce\/sj<\/p>\n","protected":false},"excerpt":{"rendered":"<p>Estamos hartas de tanta violencia y que el Estado no asuma su responsabilidad, dicen<\/p>\n","protected":false},"author":3,"featured_media":14675,"comment_status":"open","ping_status":"open","sticky":false,"template":"","format":"standard","meta":{"_monsterinsights_skip_tracking":false,"footnotes":""},"categories":[690,53],"tags":[],"class_list":["post-14674","post","type-post","status-publish","format-standard","has-post-thumbnail","category-690","category-internacional"],"_links":{"self":[{"href":"https:\/\/redsemlac.com\/semmexico\/wp-json\/wp\/v2\/posts\/14674","targetHints":{"allow":["GET"]}}],"collection":[{"href":"https:\/\/redsemlac.com\/semmexico\/wp-json\/wp\/v2\/posts"}],"about":[{"href":"https:\/\/redsemlac.com\/semmexico\/wp-json\/wp\/v2\/types\/post"}],"author":[{"embeddable":true,"href":"https:\/\/redsemlac.com\/semmexico\/wp-json\/wp\/v2\/users\/3"}],"replies":[{"embeddable":true,"href":"https:\/\/redsemlac.com\/semmexico\/wp-json\/wp\/v2\/comments?post=14674"}],"version-history":[{"count":0,"href":"https:\/\/redsemlac.com\/semmexico\/wp-json\/wp\/v2\/posts\/14674\/revisions"}],"wp:featuredmedia":[{"embeddable":true,"href":"https:\/\/redsemlac.com\/semmexico\/wp-json\/wp\/v2\/media\/14675"}],"wp:attachment":[{"href":"https:\/\/redsemlac.com\/semmexico\/wp-json\/wp\/v2\/media?parent=14674"}],"wp:term":[{"taxonomy":"category","embeddable":true,"href":"https:\/\/redsemlac.com\/semmexico\/wp-json\/wp\/v2\/categories?post=14674"},{"taxonomy":"post_tag","embeddable":true,"href":"https:\/\/redsemlac.com\/semmexico\/wp-json\/wp\/v2\/tags?post=14674"}],"curies":[{"name":"wp","href":"https:\/\/api.w.org\/{rel}","templated":true}]}}