{"id":14665,"date":"2019-12-03T00:11:17","date_gmt":"2019-12-03T00:11:17","guid":{"rendered":"https:\/\/redsemlac.com\/semmexico\/?p=14665"},"modified":"2023-07-21T15:15:32","modified_gmt":"2023-07-21T20:15:32","slug":"incapacidad-del-estado-frente-la-violencia-contra-las-mujeres-villavicencio","status":"publish","type":"post","link":"https:\/\/redsemlac.com\/semmexico\/incapacidad-del-estado-frente-la-violencia-contra-las-mujeres-villavicencio\/","title":{"rendered":"Incapacidad del Estado frente la violencia contra las mujeres: Villavicencio"},"content":{"rendered":"\n<ul class=\"wp-block-list\"><li><strong> Diputada de Morena propone un plan emergente de prevenci\u00f3n y atenci\u00f3n<\/strong><\/li><\/ul>\n\n\n\n<ul class=\"wp-block-list\"><li><strong> Llamar\u00e1n a titulares de Fiscal\u00edas y procuradur\u00edas del pa\u00eds, incluyendo a Gertz Manero <\/strong><\/li><\/ul>\n\n\n\n<p class=\"wp-block-paragraph\"><strong>Redacci\u00f3n<\/strong><\/p>\n\n\n\n<p class=\"wp-block-paragraph\">SemM\u00e9xico,\nCd. de M\u00e9xico, 2 diciembre 2019.- Ante la incapacidad del Estado y la ausencia\nde pol\u00edticas p\u00fablicas para hacer frente a la violencia hacia esos sectores de\nla poblaci\u00f3n, la diputada Lorena Villavicencio Ayala (Morena), propuso un plan\nemergente de prevenci\u00f3n y atenci\u00f3n a la violencia institucional contra las\nmujeres, ni\u00f1as y ni\u00f1os.<\/p>\n\n\n\n<p class=\"wp-block-paragraph\">La\ntambi\u00e9n coordinadora de la Subcomisi\u00f3n de Feminicidios y Violencia Contra las\nMujeres, en rueda de prensa, dijo que busca que la subcomisi\u00f3n ofrezca\nasesor\u00edas y acompa\u00f1amiento directo a v\u00edctimas de violencia institucional donde\nlas mujeres puedan denunciar al polic\u00eda, ministerio p\u00fablico, perito o juez que\nhaya omitido o generado alguna acci\u00f3n que vulnere sus derechos humanos y como\nv\u00edctima.<\/p>\n\n\n\n<p class=\"wp-block-paragraph\">Tambi\u00e9n,\nasesor\u00eda y acompa\u00f1amiento directo a las v\u00edctimas de violencia de g\u00e9nero\ncometidas por alg\u00fan funcionario p\u00fablico; impulsar\u00e1 la construcci\u00f3n de un\nregistro \u00fanico de agresores contra las mujeres por razones de g\u00e9nero y\ngarantizar\u00e1 mediante solicitudes directas a las unidades de atenci\u00f3n a v\u00edctimas\nla reparaci\u00f3n integral del da\u00f1o.<\/p>\n\n\n\n<p class=\"wp-block-paragraph\">Convoc\u00f3\na las barras y colegios de abogados, despachos, abogadas y abogados en lo\nindividual a \u201capoyarnos en la supervisi\u00f3n, acompa\u00f1amiento y litigio estrat\u00e9gico\nde los casos en lo particular como un esfuerzo probono en favor de erradicar\nesta pandemia de violencia contra las mujeres, ni\u00f1as y ni\u00f1os\u201d.<\/p>\n\n\n\n<p class=\"wp-block-paragraph\"><strong>Violencia sexual en ni\u00f1as y ni\u00f1os, es\ngrave<\/strong><\/p>\n\n\n\n<p class=\"wp-block-paragraph\">Expuso\nque en el caso de las ni\u00f1as y ni\u00f1os el tema es a\u00fan m\u00e1s grave, pues las\npol\u00edticas p\u00fablicas son insuficientes o no existen, se suma a eso, subestimar su\npalabra y dejarlos en total desprotecci\u00f3n, \u201cadem\u00e1s, de que se ha convertido en\nun negocio para los ministerios p\u00fablicos y jueces el hecho de ser omisos o\nnegligentes obligando a los menores abusados a convivir con su agresor\u00bb.<\/p>\n\n\n\n<p class=\"wp-block-paragraph\">Villavicencio\nAyala agreg\u00f3 que pretende eliminar la prescripci\u00f3n de todos los delitos que\nimpliquen alg\u00fan tipo de violencia sexual y que reformar\u00e1 la Ley General de\nAcceso a una vida libre de Violencia para que las alertas de g\u00e9nero puedan ser\ndeclaradas de oficio, sin que medie la petici\u00f3n de una organizaci\u00f3n civil, para\nevitar aplazar el proceso y la atenci\u00f3n de la emergencia.<\/p>\n\n\n\n<p class=\"wp-block-paragraph\">Hizo\nun llamado al Congreso de la Uni\u00f3n a garantizar la elaboraci\u00f3n de un c\u00f3digo\npenal \u00fanico para sancionar a quienes hayan sido testigos, tenido conocimiento o\nhayan podido prevenir la comisi\u00f3n de un delito o ejercicio de violencia sexual\ncontra mujeres y menores, y no haya informado, denunciado o colaborado.<\/p>\n\n\n\n<p class=\"wp-block-paragraph\"><strong>Citar\u00e1n a Fiscales del pa\u00eds. Se sigue\nnegando el derecho a la justicia<\/strong><\/p>\n\n\n\n<p class=\"wp-block-paragraph\">\u201cUrge\nhacer las modificaciones al art\u00edculo 73 de la Constituci\u00f3n para que podamos\nelaborar el c\u00f3digo penal \u00fanico, al no existir ninguna pol\u00edtica de prevenci\u00f3n,\natenci\u00f3n y erradicaci\u00f3n de estas violencias que se repiten y anuncian, hasta\nculminar en feminicidios con la complicidad de los gobiernos, fiscal\u00edas y\njueces por omisi\u00f3n\u201d, apunt\u00f3.<\/p>\n\n\n\n<p class=\"wp-block-paragraph\">Coment\u00f3\nque citar\u00e1 con car\u00e1cter de urgente a los fiscales de los estados y al Fiscal\nGeneral de la Rep\u00fablica (FGR), Alejandro Gertz Manero y al Consejo de la\nJudicatura Federal para conocer las acciones concretas, mecanismos y programas\npara garantizar el acceso a la justicia de las mujeres, ni\u00f1as, ni\u00f1os y\nadolescentes.<\/p>\n\n\n\n<p class=\"wp-block-paragraph\">\u201cAnte\nun sistema de justicia colapsado, corrupto y carente de \u00f3rganos aut\u00f3nomos\neficientes que den seguimiento a la actuaci\u00f3n de los jueces y magistrados, como\nes el Consejo de la Judicatura, las fiscal\u00edas y ministerios p\u00fablicos que no\nest\u00e1n asumiendo su funci\u00f3n como representantes de la sociedad al ser omisos y\nnegligentes en la atenci\u00f3n a las mujeres v\u00edctimas de violencia\u201d, se\u00f1al\u00f3.<\/p>\n\n\n\n<p class=\"wp-block-paragraph\">La\ndiputada consider\u00f3 que las autoridades est\u00e1n valorando los feminicidios y\nviolencias desde estereotipos y prejuicios, y no desde un enfoque diferenciado\nde derechos humanos y perspectiva de g\u00e9nero, lo cual \u201cimpacta las\ndeterminaciones, negando el derecho del acceso a la justicia, un debido proceso\ny una investigaci\u00f3n seria y profunda que derive en sentencias en favor de las\nmujeres\u201d.<\/p>\n\n\n\n<p class=\"wp-block-paragraph\">Precis\u00f3\nque dise\u00f1ar\u00e1 y generar\u00e1 una certificaci\u00f3n obligatoria en materia de g\u00e9nero y\nderechos humanos para ministerios p\u00fablicos, peritos y polic\u00edas que contenga la\nvalidaci\u00f3n de no haber sido agresores y para que cuenten con la preparaci\u00f3n\nnecesaria para poder atender a las v\u00edctimas de violencia por razones de g\u00e9nero.<\/p>\n\n\n\n<p class=\"wp-block-paragraph\">Anunci\u00f3\nque en breve realizar\u00e1 una campa\u00f1a a nivel nacional en favor de los derechos\nhumanos de mujeres, ni\u00f1as y ni\u00f1os en colaboraci\u00f3n con diferentes instancias,\n\u00f3rganos aut\u00f3nomos como el Instituto Nacional Electoral (INE) y organismos\ninternacionales.<\/p>\n\n\n\n<p class=\"wp-block-paragraph\">SEM\/sj<\/p>\n","protected":false},"excerpt":{"rendered":"<p>Diputada de Morena propone un plan emergente de prevenci\u00f3n y atenci\u00f3n<\/p>\n","protected":false},"author":3,"featured_media":14666,"comment_status":"open","ping_status":"open","sticky":false,"template":"","format":"standard","meta":{"_monsterinsights_skip_tracking":false,"footnotes":""},"categories":[690,50],"tags":[],"class_list":["post-14665","post","type-post","status-publish","format-standard","has-post-thumbnail","category-690","category-congreso"],"_links":{"self":[{"href":"https:\/\/redsemlac.com\/semmexico\/wp-json\/wp\/v2\/posts\/14665","targetHints":{"allow":["GET"]}}],"collection":[{"href":"https:\/\/redsemlac.com\/semmexico\/wp-json\/wp\/v2\/posts"}],"about":[{"href":"https:\/\/redsemlac.com\/semmexico\/wp-json\/wp\/v2\/types\/post"}],"author":[{"embeddable":true,"href":"https:\/\/redsemlac.com\/semmexico\/wp-json\/wp\/v2\/users\/3"}],"replies":[{"embeddable":true,"href":"https:\/\/redsemlac.com\/semmexico\/wp-json\/wp\/v2\/comments?post=14665"}],"version-history":[{"count":0,"href":"https:\/\/redsemlac.com\/semmexico\/wp-json\/wp\/v2\/posts\/14665\/revisions"}],"wp:featuredmedia":[{"embeddable":true,"href":"https:\/\/redsemlac.com\/semmexico\/wp-json\/wp\/v2\/media\/14666"}],"wp:attachment":[{"href":"https:\/\/redsemlac.com\/semmexico\/wp-json\/wp\/v2\/media?parent=14665"}],"wp:term":[{"taxonomy":"category","embeddable":true,"href":"https:\/\/redsemlac.com\/semmexico\/wp-json\/wp\/v2\/categories?post=14665"},{"taxonomy":"post_tag","embeddable":true,"href":"https:\/\/redsemlac.com\/semmexico\/wp-json\/wp\/v2\/tags?post=14665"}],"curies":[{"name":"wp","href":"https:\/\/api.w.org\/{rel}","templated":true}]}}