{"id":14658,"date":"2019-12-02T21:19:40","date_gmt":"2019-12-02T21:19:40","guid":{"rendered":"https:\/\/redsemlac.com\/semmexico\/?p=14658"},"modified":"2023-07-21T15:15:33","modified_gmt":"2023-07-21T20:15:33","slug":"en-esclavitud-21-millones-de-mujeres-hombres-y-ninos-oit","status":"publish","type":"post","link":"https:\/\/redsemlac.com\/semmexico\/en-esclavitud-21-millones-de-mujeres-hombres-y-ninos-oit\/","title":{"rendered":"En esclavitud, 21 millones de mujeres, hombres y ni\u00f1os: OIT"},"content":{"rendered":"\n<p class=\"wp-block-paragraph\"><strong>* 2 de\ndiciembre, D\u00eda Internacional para la Abolici\u00f3n de la Esclavitud<\/strong><\/p>\n\n\n\n<p class=\"wp-block-paragraph\"><strong>* <\/strong><strong>Es una violaci\u00f3n de los\nderechos humanos y de la dignidad humana<\/strong><\/p>\n\n\n\n<p class=\"wp-block-paragraph\"><strong>Redacci\u00f3n<\/strong><strong><\/strong><\/p>\n\n\n\n<p class=\"wp-block-paragraph\">SemM\u00e9xico, Cd. de M\u00e9xico, 2 diciembre 2019.- Hoy en d\u00eda existen 21 millones de mujeres, hombres\ny ni\u00f1os que son esclavos en el mundo. La Organizaci\u00f3n Internacional del Trabajo\n(OIT) se ha asociado con actores, defensores de los derechos humanos y\ndeportistas de renombre internacional en su nueva campa\u00f1a de sensibilizaci\u00f3n\ndestinada a combatir la esclavitud a nivel mundial para decir: \u00a1Terminemos con\nla esclavitud ahora!<\/p>\n\n\n\n<p class=\"wp-block-paragraph\">As\u00ed lo se\u00f1ala en un\ncomunicado el Consejo Nacional para Prevenir la Discriminaci\u00f3n, tomado de la\nOrganizaci\u00f3n de las Naciones Unidas, a prop\u00f3sito del D\u00eda Internacional para\nla Abolici\u00f3n de la Esclavitud que se conmemora este 2 de diciembre.<\/p>\n\n\n\n<p class=\"wp-block-paragraph\">Con el D\u00eda Internacional\npara la Abolici\u00f3n de la Esclavitud se recuerda la fecha en que la Asamblea\nGeneral aprob\u00f3 el Convenio para la represi\u00f3n de la trata de personas y de la\nexplotaci\u00f3n de la prostituci\u00f3n ajena (resoluci\u00f3n 317(IV), de 2 de diciembre de\n1949).<\/p>\n\n\n\n<p class=\"wp-block-paragraph\">El d\u00eda se centra en la erradicaci\u00f3n de\nlas formas contempor\u00e1neas de esclavitud, como la trata de personas, la\nexplotaci\u00f3n sexual, las peores formas de trabajo infantil, el matrimonio\nforzado y el reclutamiento forzoso de ni\u00f1os para utilizarlos en conflictos\narmados.<\/p>\n\n\n\n<h3 class=\"wp-block-heading\">Nuevas formas de esclavitud<\/h3>\n\n\n\n<p class=\"wp-block-paragraph\">El tr\u00e1fico de seres\nhumanos se define generalmente como \u00abla contrataci\u00f3n, el transporte, la\ntransferencia, el alojamiento o la recepci\u00f3n de personas, en la amenaza de\nrecurso o el recurso a la fuerza o a otras formas de coacci\u00f3n, por rapto,\nfraude, abuso de autoridad o de una situaci\u00f3n de vulnerabilidad, o por la\noferta o la aceptaci\u00f3n de pagos o ventajas para obtener el consentimiento de\nuna persona que tiene autoridad sobre otra a efectos de explotaci\u00f3n\u00bb.<\/p>\n\n\n\n<p class=\"wp-block-paragraph\">Si este comercio no\nrequiere barcos de esclavos, ni cadenas y bolas, el fondo del problema\npermanece: se trata de la violaci\u00f3n de los derechos humanos y de la dignidad\nhumana tal como enunciados en la Declaraci\u00f3n Universal de los Derechos humanos\nde 1948. Seg\u00fan la Organizaci\u00f3n Internacional para las Migraciones (OIM) este\nfen\u00f3meno afecta millones de personas, en su mayor\u00eda mujeres y ni\u00f1os, en todos\nlos pa\u00edses.<\/p>\n\n\n\n<p class=\"wp-block-paragraph\"><strong>El enfoque de la UNESCO para combatir el tr\u00e1fico de seres humanos<\/strong><\/p>\n\n\n\n<p class=\"wp-block-paragraph\">En el marco del\n\u00abProyecto para combatir la trata de las personas en \u00c1frica\u00bb, la\nUNESCO lleva a cabo investigaciones sobre los factores espec\u00edficos que conducen\na la trata de mujeres y ni\u00f1os en \u00c1frica, y organiza talleres de formaci\u00f3n\ndestinados a los responsables pol\u00edticos, a las organizaciones no\ngubernamentales, a los l\u00edderes comunitarios y a los medios de comunicaci\u00f3n, con\nel fin de sensibilizar e inspirar pol\u00edticas para combatir esta forma moderna de\nesclavitud.<\/p>\n\n\n\n<p class=\"wp-block-paragraph\">SEM\/sj<\/p>\n\n\n","protected":false},"excerpt":{"rendered":"<p>2 de diciembre, D\u00eda Internacional para la Abolici\u00f3n de la Esclavitud<\/p>\n","protected":false},"author":3,"featured_media":14661,"comment_status":"open","ping_status":"open","sticky":false,"template":"","format":"standard","meta":{"_monsterinsights_skip_tracking":false,"footnotes":""},"categories":[690,53],"tags":[],"class_list":["post-14658","post","type-post","status-publish","format-standard","has-post-thumbnail","category-690","category-internacional"],"_links":{"self":[{"href":"https:\/\/redsemlac.com\/semmexico\/wp-json\/wp\/v2\/posts\/14658","targetHints":{"allow":["GET"]}}],"collection":[{"href":"https:\/\/redsemlac.com\/semmexico\/wp-json\/wp\/v2\/posts"}],"about":[{"href":"https:\/\/redsemlac.com\/semmexico\/wp-json\/wp\/v2\/types\/post"}],"author":[{"embeddable":true,"href":"https:\/\/redsemlac.com\/semmexico\/wp-json\/wp\/v2\/users\/3"}],"replies":[{"embeddable":true,"href":"https:\/\/redsemlac.com\/semmexico\/wp-json\/wp\/v2\/comments?post=14658"}],"version-history":[{"count":0,"href":"https:\/\/redsemlac.com\/semmexico\/wp-json\/wp\/v2\/posts\/14658\/revisions"}],"wp:featuredmedia":[{"embeddable":true,"href":"https:\/\/redsemlac.com\/semmexico\/wp-json\/wp\/v2\/media\/14661"}],"wp:attachment":[{"href":"https:\/\/redsemlac.com\/semmexico\/wp-json\/wp\/v2\/media?parent=14658"}],"wp:term":[{"taxonomy":"category","embeddable":true,"href":"https:\/\/redsemlac.com\/semmexico\/wp-json\/wp\/v2\/categories?post=14658"},{"taxonomy":"post_tag","embeddable":true,"href":"https:\/\/redsemlac.com\/semmexico\/wp-json\/wp\/v2\/tags?post=14658"}],"curies":[{"name":"wp","href":"https:\/\/api.w.org\/{rel}","templated":true}]}}