{"id":14648,"date":"2019-12-02T21:02:07","date_gmt":"2019-12-02T21:02:07","guid":{"rendered":"https:\/\/redsemlac.com\/semmexico\/?p=14648"},"modified":"2023-07-21T15:15:33","modified_gmt":"2023-07-21T20:15:33","slug":"exigen-a-hombre-que-salga-de-vagon-exclusivo-para-mujeres-y-las-detienen","status":"publish","type":"post","link":"https:\/\/redsemlac.com\/semmexico\/exigen-a-hombre-que-salga-de-vagon-exclusivo-para-mujeres-y-las-detienen\/","title":{"rendered":"Exigen a hombre que salga de vag\u00f3n exclusivo para mujeres y las detienen"},"content":{"rendered":"\n<p class=\"wp-block-paragraph\"><strong>* 12 horas\npermanecieron en el MP, denuncian acci\u00f3n mis\u00f3gina de polic\u00edas<\/strong><\/p>\n\n\n\n<p class=\"wp-block-paragraph\"><strong>* <\/strong><strong>Sheinbaum\nresponde: \u201cEstamos trabajando\u201d <\/strong><strong><\/strong><\/p>\n\n\n\n<p class=\"wp-block-paragraph\"><strong>Lorena Vaniezcot<\/strong><\/p>\n\n\n\n<p class=\"wp-block-paragraph\">SemM\u00e9xico, Cd. de M\u00e9xico, 2 diciembre\n2019.- Doce horas permanecieron en la oficina del Ministerio P\u00fablico las\nhermanas Aurea y Zalma Pardo Alvarado, detenidas el s\u00e1bado al mediod\u00eda por\nelementos de la Polic\u00eda Auxiliar de la Secretaria de Seguridad Ciudadana de la\nCDMX, luego de que pidieron a un hombre que descendiera del vag\u00f3n exclusivo\npara mujeres.<\/p>\n\n\n\n<p class=\"wp-block-paragraph\">Incluso, tuvo que\nhacer presencia la jefa de Gobierno Claudia Sheinbaum, tras las diversas denuncias que por redes\nsociales realizaban grupos feministas diversos de la capital mexicana exigiendo\nla liberaci\u00f3n de las hermanas Pardo Alvarado, quienes salieron del lugar ya\nentrada la noche.<\/p>\n\n\n\n<div class=\"wp-block-image\"><figure class=\"alignleft is-resized\"><img loading=\"lazy\" decoding=\"async\" src=\"https:\/\/redsemlac.com\/semmexico\/wp-content\/uploads\/2019\/12\/sheinbaum-llega-al-MP.jpeg\" alt=\"\" class=\"wp-image-14649\" width=\"233\" height=\"412\"\/><\/figure><\/div>\n\n\n\n<p class=\"wp-block-paragraph\">El hombre se neg\u00f3 a salir del vag\u00f3n\nexclusivo para mujeres del SCT Metro, quienes con asesor\u00eda de organismos no\ngubernamentales interpusieron una queja en la Comisi\u00f3n de Derechos Humanos de\nla CDMX, a la cual se le asign\u00f3 el Folio n\u00famero 851619 y le solicitaron a la\nProcuradur\u00eda General de Justicia de la CMDX la implementaci\u00f3n de medidas\ncautelares a favor de Aurea y Zalma.<\/p>\n\n\n\n<p class=\"wp-block-paragraph\">En ese sentido, el Colectivo Aequus,\nPromoci\u00f3n y Defensa de los Derechos Humanos, se\u00f1al\u00f3 que sin duda alguna se\ntrat\u00f3 de una injusticia perpetrada en un evidente contexto de violencia\nmachista. <\/p>\n\n\n\n<p class=\"wp-block-paragraph\">El organismo tambi\u00e9n expres\u00f3 su\nreconocimiento a las organizaciones feministas de la CDMX que apoyaron, en\nredes sociales, e incluso en las instalaciones del MP, lo que estaba sucediendo\ny acompa\u00f1aron la exigencia de justicia para las detenidas de manera arbitraria.<\/p>\n\n\n\n<p class=\"wp-block-paragraph\"><strong>Sheinbaum<\/strong><\/p>\n\n\n\n<p class=\"wp-block-paragraph\">En el Metro Pino Su\u00e1rez, Claudia Sheimbaum\nfue exigada a explicar cu\u00e1les ser\u00edan los protocolos para estos casos cuando los\npolic\u00edas son los que ejercen acciones de violencia machista y dan muestra de\nmisoginia, como sucedi\u00f3 con la detenci\u00f3n de las hermanas Pardo.<\/p>\n\n\n\n<p class=\"wp-block-paragraph\">\u201cEstamos trabajando en eso\u201d, se concret\u00f3 a\nexplicar la jefa de Gobierno.<\/p>\n\n\n\n<p class=\"wp-block-paragraph\">SEM\/lv\/sj<\/p>\n","protected":false},"excerpt":{"rendered":"<p>12 horas permanecieron en el MP, denuncian acci\u00f3n mis\u00f3gina de polic\u00edas<\/p>\n","protected":false},"author":3,"featured_media":14650,"comment_status":"open","ping_status":"open","sticky":false,"template":"","format":"standard","meta":{"_monsterinsights_skip_tracking":false,"footnotes":""},"categories":[690,54],"tags":[],"class_list":["post-14648","post","type-post","status-publish","format-standard","has-post-thumbnail","category-690","category-mujeres"],"_links":{"self":[{"href":"https:\/\/redsemlac.com\/semmexico\/wp-json\/wp\/v2\/posts\/14648","targetHints":{"allow":["GET"]}}],"collection":[{"href":"https:\/\/redsemlac.com\/semmexico\/wp-json\/wp\/v2\/posts"}],"about":[{"href":"https:\/\/redsemlac.com\/semmexico\/wp-json\/wp\/v2\/types\/post"}],"author":[{"embeddable":true,"href":"https:\/\/redsemlac.com\/semmexico\/wp-json\/wp\/v2\/users\/3"}],"replies":[{"embeddable":true,"href":"https:\/\/redsemlac.com\/semmexico\/wp-json\/wp\/v2\/comments?post=14648"}],"version-history":[{"count":0,"href":"https:\/\/redsemlac.com\/semmexico\/wp-json\/wp\/v2\/posts\/14648\/revisions"}],"wp:featuredmedia":[{"embeddable":true,"href":"https:\/\/redsemlac.com\/semmexico\/wp-json\/wp\/v2\/media\/14650"}],"wp:attachment":[{"href":"https:\/\/redsemlac.com\/semmexico\/wp-json\/wp\/v2\/media?parent=14648"}],"wp:term":[{"taxonomy":"category","embeddable":true,"href":"https:\/\/redsemlac.com\/semmexico\/wp-json\/wp\/v2\/categories?post=14648"},{"taxonomy":"post_tag","embeddable":true,"href":"https:\/\/redsemlac.com\/semmexico\/wp-json\/wp\/v2\/tags?post=14648"}],"curies":[{"name":"wp","href":"https:\/\/api.w.org\/{rel}","templated":true}]}}