{"id":14645,"date":"2019-12-02T20:57:09","date_gmt":"2019-12-02T20:57:09","guid":{"rendered":"https:\/\/redsemlac.com\/semmexico\/?p=14645"},"modified":"2023-07-21T15:15:33","modified_gmt":"2023-07-21T20:15:33","slug":"mujeres-las-ultimas-tres-despedidas-en-notimex","status":"publish","type":"post","link":"https:\/\/redsemlac.com\/semmexico\/mujeres-las-ultimas-tres-despedidas-en-notimex\/","title":{"rendered":"Mujeres, las \u00faltimas tres despedidas en Notimex"},"content":{"rendered":"\n<ul class=\"wp-block-list\"><li><strong>Es una medida de represi\u00f3n por se\u00f1alar o exigir\nderechos, acusa sindicato<\/strong><\/li><li><strong>La agencia de noticias, emplazada a huelga para\nenero <\/strong><\/li><\/ul>\n\n\n\n<p class=\"wp-block-paragraph\"><strong>Redacci\u00f3n<\/strong><\/p>\n\n\n\n<p class=\"wp-block-paragraph\">SemM\u00e9xico, Ciudad de M\u00e9xico, 2 diciembre 2019.- En\nla semana pasada se registr\u00f3 el despido de tres trabajadoras de Notimex, la\nAgencia de Noticias del Estado Mexicano, mientras que a una m\u00e1s, le impidieron\nel ingreso a las instalaciones, despu\u00e9s de una licencia sindical.<\/p>\n\n\n\n<p class=\"wp-block-paragraph\">El Sindicato \u00danico de Trabajadores de Notimex (Sutnotimex)\nindica en un bolet\u00edn de prensa que esos despidos son una \u201cmedida de represi\u00f3n\npor se\u00f1alar o exigir sus derechos\u201d. Manifiesta que la directora de Notimex,\nSanjuana Mart\u00ednez, busca despedir a las y los trabajadores que est\u00e9n afiliados\nal Sutnotimex, para desaparecerlo.<\/p>\n\n\n\n<p class=\"wp-block-paragraph\">En la noche del jueves pasado, a Marisela Miranda,\ndespu\u00e9s de su jornada, se le notific\u00f3 que se le rescind\u00eda su situaci\u00f3n laboral,\npor haber incumplido una orden de trabajo. Marisela Miranda, con 27 a\u00f1os de\nantig\u00fcedad, laboraba como editora en el \u00e1rea Internacional, pero despu\u00e9s de\nhaber intervenido por el desalojo de la editora Diana P\u00e9rez Caballero, con un\nembarazo de alto riesgo, le asignaron funciones de redactora y la enviaron a\nreportear. <\/p>\n\n\n\n<p class=\"wp-block-paragraph\">Ese mismo d\u00eda, el Sutnotimex, como titular del\nContrato Colectivo de Trabajo (CCT), anunci\u00f3 que hab\u00eda interpuesto ante la\nJunta Federal de Conciliaci\u00f3n y Arbitraje el emplazamiento a huelga para el 30\nde enero de 2020, para que la empresa estatal reanude los pagos de prestaciones\necon\u00f3micas que dej\u00f3 de hacerlo en agosto pasado, restituya el fondo de ahorro y\ncumpla con el aumento salarial retroactivo al 1 de enero de 2019.<\/p>\n\n\n\n<p class=\"wp-block-paragraph\">El viernes 29, por la noche, despu\u00e9s de su jornada\nlaboral, a Mayra Lira, del \u00e1rea de sistemas, se le anunci\u00f3 su despido. Al d\u00eda\nsiguiente se hizo lo mismo con Cristina Rubio Morales, con 22 a\u00f1os de servicio,\npor no haber cumplido la orden de trabajo del 21 de noviembre, cuando ese d\u00eda\nestaba hospitalizada, por crisis asm\u00e1tica y de ansiedad. A Cristina, siendo\neditora, la cambiaron de \u00e1rea y de horarios y despu\u00e9s le indicaron que ten\u00eda\nque hacer actividades de reportera, lo que constituye una violaci\u00f3n al CCT,\nse\u00f1ala el Sutnotimex, titular del contrato.<\/p>\n\n\n\n<p class=\"wp-block-paragraph\">En tanto, M\u00f3nica Garc\u00eda Trujillo, con 28 a\u00f1os de\nantig\u00fcedad, se present\u00f3 el 29 de noviembre a Notimex, despu\u00e9s de un a\u00f1o de\nlicencia sindical, para informar que se reincorporar\u00eda al \u00e1rea de noticias internacionales,\na partir del 1 de diciembre, pero, al cumplir la fecha, le impidieron el paso.\nM\u00f3nica y Marisela acudieron al \u00f3rgano interno de control, como parte de la\nSecretar\u00eda de la Funci\u00f3n P\u00fablica, pero no se les recibi\u00f3 la queja. <\/p>\n\n\n\n<p class=\"wp-block-paragraph\">El 25 de noviembre, D\u00eda Internacional contra la\nViolencia hacia las Mujeres, el Sutnotimex inform\u00f3 que present\u00f3 diez denuncias\na diferentes instancias nacionales e internacional para exponer la violencia de\ng\u00e9nero, el abuso de poder, acoso y hostigamiento, as\u00ed como violaciones a las\ndiferentes leyes en relaci\u00f3n con los derechos humanos y laborales de las y los\ntrabajadores de la agencia estatal. De 146 despidos, al 30 de noviembre, m\u00e1s de\nun centenar son de personal sindicalizado, en su gran mayor\u00eda mujeres, \u201ca\nquienes previamente se les acos\u00f3 y aplicaron sanciones sin justificaci\u00f3n\nalguna\u201d, refiere el bolet\u00edn del sindicato del 30 de noviembre.<\/p>\n\n\n\n<p class=\"wp-block-paragraph\">SEM\/glg\/sj<\/p>\n","protected":false},"excerpt":{"rendered":"<p>Es una medida de represi\u00f3n por se\u00f1alar o exigir derechos, acusa sindicato<\/p>\n","protected":false},"author":3,"featured_media":14646,"comment_status":"open","ping_status":"open","sticky":false,"template":"","format":"standard","meta":{"_monsterinsights_skip_tracking":false,"footnotes":""},"categories":[690,55],"tags":[],"class_list":["post-14645","post","type-post","status-publish","format-standard","has-post-thumbnail","category-690","category-periodistas"],"_links":{"self":[{"href":"https:\/\/redsemlac.com\/semmexico\/wp-json\/wp\/v2\/posts\/14645","targetHints":{"allow":["GET"]}}],"collection":[{"href":"https:\/\/redsemlac.com\/semmexico\/wp-json\/wp\/v2\/posts"}],"about":[{"href":"https:\/\/redsemlac.com\/semmexico\/wp-json\/wp\/v2\/types\/post"}],"author":[{"embeddable":true,"href":"https:\/\/redsemlac.com\/semmexico\/wp-json\/wp\/v2\/users\/3"}],"replies":[{"embeddable":true,"href":"https:\/\/redsemlac.com\/semmexico\/wp-json\/wp\/v2\/comments?post=14645"}],"version-history":[{"count":0,"href":"https:\/\/redsemlac.com\/semmexico\/wp-json\/wp\/v2\/posts\/14645\/revisions"}],"wp:featuredmedia":[{"embeddable":true,"href":"https:\/\/redsemlac.com\/semmexico\/wp-json\/wp\/v2\/media\/14646"}],"wp:attachment":[{"href":"https:\/\/redsemlac.com\/semmexico\/wp-json\/wp\/v2\/media?parent=14645"}],"wp:term":[{"taxonomy":"category","embeddable":true,"href":"https:\/\/redsemlac.com\/semmexico\/wp-json\/wp\/v2\/categories?post=14645"},{"taxonomy":"post_tag","embeddable":true,"href":"https:\/\/redsemlac.com\/semmexico\/wp-json\/wp\/v2\/tags?post=14645"}],"curies":[{"name":"wp","href":"https:\/\/api.w.org\/{rel}","templated":true}]}}