{"id":14641,"date":"2019-12-02T19:53:30","date_gmt":"2019-12-02T19:53:30","guid":{"rendered":"https:\/\/redsemlac.com\/semmexico\/?p=14641"},"modified":"2023-07-21T15:15:33","modified_gmt":"2023-07-21T20:15:33","slug":"opinion-240","status":"publish","type":"post","link":"https:\/\/redsemlac.com\/semmexico\/opinion-240\/","title":{"rendered":"Miradas de reportero"},"content":{"rendered":"\n<h2 class=\"wp-block-heading\"> Tres peque\u00f1as novedades contra el mal ambiente de periodistas <\/h2>\n\n\n\n<p class=\"wp-block-paragraph\"><strong>* El peor a\u00f1o para el gremio period\u00edstico<\/strong><\/p>\n\n\n\n<p class=\"wp-block-paragraph\"><strong>Rogelio Hern\u00e1ndez\nL\u00f3pez<\/strong><\/p>\n\n\n\n<p class=\"wp-block-paragraph\">SemM\u00e9xico, 2 diciembre 2019.- Tres peque\u00f1as\nnovedades quiz\u00e1 positivas, se incorporaron estos d\u00edas al medioambiente muy\ncr\u00edtico del ejercicio period\u00edstico en M\u00e9xico:<\/p>\n\n\n\n<p class=\"wp-block-paragraph\">&#8212; Una encuesta de El Financiero revela que los\nperiodistas tienen m\u00e1s confiabilidad social que los medios de comunicaci\u00f3n, el\nCongreso de la Uni\u00f3n y de la CNDH.<\/p>\n\n\n\n<p class=\"wp-block-paragraph\">&#8212; La Asociaci\u00f3n Mexicana del Derecho a la\nInformaci\u00f3n pide que los tiempos oficiales en los medios electr\u00f3nicos inicien\nla primera campa\u00f1a oficial en defensa de la libertad de expresi\u00f3n,\nespecialmente contra el silencio provocado por los asesinatos de periodistas,\nque en \u201c2019 ha sido el peor a\u00f1o\u201d.<\/p>\n\n\n\n<p class=\"wp-block-paragraph\">&#8212; La Comisi\u00f3n de Derechos Humanos del Estado de\nM\u00e9xico comenz\u00f3 a difundir su Protocolo de Actuaci\u00f3n para la Prevenci\u00f3n,\nProtecci\u00f3n y Defensa de los Derechos Humanos de Periodistas y Comunicadores. Aunque\nle falt\u00f3 considerar observaciones de los periodistas es el primero que se emite\nen alg\u00fan estado.<\/p>\n\n\n\n<p class=\"wp-block-paragraph\">Empero, para la prevenci\u00f3n de agravios, que les\nresten vulnerabilidades y permitan a los periodistas obtener fortalezas y\nautoprotegerse, todav\u00eda no se percibe que ninguna entidad de gobierno ni\neducativa ni de organizaciones civiles haya iniciado una campa\u00f1a de alcance\nnacional. Es tiempo ya. <\/p>\n\n\n\n<p class=\"wp-block-paragraph\"><strong>El peor a\u00f1o: AMEDI<\/strong><\/p>\n\n\n\n<p class=\"wp-block-paragraph\">Lleg\u00f3 muy activa la nueva directiva de la Asociaci\u00f3n\nMexicana de Derecho a la Informaci\u00f3n (AMEDI). A fines de noviembre emiti\u00f3 un\ncomunicado con varias propuestas y puso como eje los asesinatos de periodistas\ncomo el peor reflejo de la libertad de expresi\u00f3n.<\/p>\n\n\n\n<p class=\"wp-block-paragraph\">\u201cSin que haya concluido 2019, ya se convirti\u00f3 en el\na\u00f1o m\u00e1s violento para los periodistas y la libertad de expresi\u00f3n en M\u00e9xico, con\n17 informadores asesinados durante el actual gobierno en 15 entidades del pa\u00eds\u201d.<\/p>\n\n\n\n<p class=\"wp-block-paragraph\">Informa que la cifra lo obtuvo de varias fuentes,\npero en realidad son 22 desde el primero de diciembre de 2018, si su monitoreo se\napegara a la definici\u00f3n de periodista de la Ley de Protecci\u00f3n a Personas\nDefensoras de los Derechos Humanos y Periodistas (ver cuadro).<\/p>\n\n\n\n<p class=\"wp-block-paragraph\">Coinciden los acad\u00e9micos de AMEDI en que la cuant\u00eda\nde cr\u00edmenes y agravios son consecuencia de otro problema que los rodea; \u201cla impunidad,\ninseguridad y violencia estructurales para el ejercicio period\u00edstico y las\nlibertades informativas\u201d.<\/p>\n\n\n\n<p class=\"wp-block-paragraph\">Al igual que otra decena de diagn\u00f3sticos recientes\nreclama la acci\u00f3n de todas las entidades del Estado mexicano para \u201cconstruir\nlas condiciones de seguridad, legalidad, impartici\u00f3n de justicia, cultura de\nrespeto y dignidad para que el trabajo period\u00edstico se ejerza sin coerciones,\ncensuras u amenazas para los periodistas, sin poner en riesgo su vida.\u201d<\/p>\n\n\n\n<div class=\"wp-block-image\"><figure class=\"aligncenter\"><img decoding=\"async\" src=\"https:\/\/redsemlac.com\/semmexico\/wp-content\/uploads\/2019\/12\/rogelio-7-1024x576.jpg\" alt=\"\" class=\"wp-image-14642\"\/><\/figure><\/div>\n\n\n\n<p class=\"wp-block-paragraph\">Con esto y sus dos propuestas siguientes apenas\nesboza lo que debiera ser un programa nacional de prevenci\u00f3n real para el\nejercicio del periodismo, pero no desarrolla lo que debiera contener para que,\nentre otras cosas, las y los periodistas puedan tener fortalezas suficientes\npara autoprotegerse.<\/p>\n\n\n\n<p class=\"wp-block-paragraph\">\u201cpropone que los tiempos oficiales en la radio y la\ntelevisi\u00f3n tambi\u00e9n se utilicen para difundir campa\u00f1as que coloquen en la agenda\np\u00fablica esta problem\u00e1tica, promuevan conciencia en la poblaci\u00f3n y socialicen la\nimportancia de la libertad de expresi\u00f3n, el derecho a la informaci\u00f3n, el\nrespeto a la legalidad y al trabajo period\u00edstico por ser asuntos de inter\u00e9s\np\u00fablico.\u201d<\/p>\n\n\n\n<p class=\"wp-block-paragraph\">\u201cEl gobierno federal tambi\u00e9n debe acelerar la\nactualizaci\u00f3n de la Red Nacional de Radiocomunicaci\u00f3n (Red Iris), utilizada para\ncomunicaciones de seguridad p\u00fablica, lo cual permitir\u00e1 a las instituciones de\nseguridad tener comunicaciones id\u00f3neas para recabar evidencias sobre il\u00edcitos,\ncon el prop\u00f3sito de atender de mejor manera a toda la poblaci\u00f3n, incluidos los\ncr\u00edmenes contra periodistas.\u201d<\/p>\n\n\n\n<p class=\"wp-block-paragraph\"><strong>Identifican confianza en los periodistas<\/strong><\/p>\n\n\n\n<p class=\"wp-block-paragraph\">Para quienes siguen los fen\u00f3menos de la atm\u00f3sfera de\ntrabajo de los periodistas si result\u00f3 novedosa la encuesta que difundi\u00f3 el\nperi\u00f3dico El Financiero sobre \u00edndices de confianza en las instituciones. Pocos\nde estos ejercicios hab\u00edan separado a los periodistas de los medios de\ncomunicaci\u00f3n. Por eso result\u00f3 revelador lo que indic\u00f3 la muestra tomada\ntelef\u00f3nicamente. <\/p>\n\n\n\n<div class=\"wp-block-image\"><figure class=\"aligncenter\"><img loading=\"lazy\" decoding=\"async\" width=\"512\" height=\"501\" src=\"https:\/\/redsemlac.com\/semmexico\/wp-content\/uploads\/2019\/12\/rogelio-8.png\" alt=\"\" class=\"wp-image-14643\"\/><\/figure><\/div>\n\n\n\n<p class=\"wp-block-paragraph\">La Marina y el Ej\u00e9rcito son entre 10 instituciones\nlas primeras que generan la mayor confianza entre los mexicanos. Le siguen el\nPresidente de la Rep\u00fablica, la Guardia Nacional, el INE, el Banco de M\u00e9xico y\nluego los periodistas. Despu\u00e9s el Congreso de la Uni\u00f3n, la CNDH, la Corte, los\nmedios y al final la polic\u00eda.<\/p>\n\n\n\n<p class=\"wp-block-paragraph\">Este dato, de reiterarse en otras encuestas, ser\u00e1 el\npunto de partida para justificar \u2013si hiciera falta&#8211; programas oficiales de\ndifusi\u00f3n que reivindiquen a las y los periodistas, separados de las empresas de\nmedios convencionales por el rango de importancia social que tiene la labor\npersonal, esencialmente de los reporteros. (ver gr\u00e1fico)<\/p>\n\n\n\n<p class=\"wp-block-paragraph\">Al respecto la AMEDI subraya: <\/p>\n\n\n\n<p class=\"wp-block-paragraph\">\u201cEs prioritario cambiar esta situaci\u00f3n de violencia,\nimpunidad y atentados a la libertad de expresi\u00f3n y, en consecuencia, al derecho\na la informaci\u00f3n de los ciudadanos. La violencia a los periodistas violenta a\nM\u00e9xico.\u201d<\/p>\n\n\n\n<p class=\"wp-block-paragraph\">Ya es indispensable que la pr\u00f3xima campa\u00f1a de\ndifusi\u00f3n sobre la importancia social de los periodistas, el periodismo y la\nlibertad de expresi\u00f3n que preparan, desde la Presidencia de la Rep\u00fablica y el\nMecanismo federal de la Secretaria de Gobernaci\u00f3n, sea sobre la base de <strong>una\nsola metodolog\u00eda<\/strong> para monitorear tipos de agravios, de agresores, de\nagredidos, mapas de riesgo y todo lo necesario para disminuir la disparidad de\ndiagn\u00f3sticos y as\u00ed poder definir mejor <strong>un plan nacional de prevenci\u00f3n<\/strong>,\ncomo el que se les ha propuesto para reducir riesgos contra la integridad de\nquienes ejercen el periodismo.<\/p>\n","protected":false},"excerpt":{"rendered":"<p>Tres peque\u00f1as novedades contra el mal ambiente de periodistas<\/p>\n","protected":false},"author":3,"featured_media":8473,"comment_status":"open","ping_status":"open","sticky":false,"template":"","format":"standard","meta":{"_monsterinsights_skip_tracking":false,"footnotes":""},"categories":[690,106,85],"tags":[],"class_list":["post-14641","post","type-post","status-publish","format-standard","has-post-thumbnail","category-690","category-mirada-de-reportero","category-rogelio-hernandez-lopez"],"_links":{"self":[{"href":"https:\/\/redsemlac.com\/semmexico\/wp-json\/wp\/v2\/posts\/14641","targetHints":{"allow":["GET"]}}],"collection":[{"href":"https:\/\/redsemlac.com\/semmexico\/wp-json\/wp\/v2\/posts"}],"about":[{"href":"https:\/\/redsemlac.com\/semmexico\/wp-json\/wp\/v2\/types\/post"}],"author":[{"embeddable":true,"href":"https:\/\/redsemlac.com\/semmexico\/wp-json\/wp\/v2\/users\/3"}],"replies":[{"embeddable":true,"href":"https:\/\/redsemlac.com\/semmexico\/wp-json\/wp\/v2\/comments?post=14641"}],"version-history":[{"count":0,"href":"https:\/\/redsemlac.com\/semmexico\/wp-json\/wp\/v2\/posts\/14641\/revisions"}],"wp:featuredmedia":[{"embeddable":true,"href":"https:\/\/redsemlac.com\/semmexico\/wp-json\/wp\/v2\/media\/8473"}],"wp:attachment":[{"href":"https:\/\/redsemlac.com\/semmexico\/wp-json\/wp\/v2\/media?parent=14641"}],"wp:term":[{"taxonomy":"category","embeddable":true,"href":"https:\/\/redsemlac.com\/semmexico\/wp-json\/wp\/v2\/categories?post=14641"},{"taxonomy":"post_tag","embeddable":true,"href":"https:\/\/redsemlac.com\/semmexico\/wp-json\/wp\/v2\/tags?post=14641"}],"curies":[{"name":"wp","href":"https:\/\/api.w.org\/{rel}","templated":true}]}}