{"id":14639,"date":"2019-12-02T19:48:19","date_gmt":"2019-12-02T19:48:19","guid":{"rendered":"https:\/\/redsemlac.com\/semmexico\/?p=14639"},"modified":"2023-07-21T15:15:33","modified_gmt":"2023-07-21T20:15:33","slug":"opinion-239","status":"publish","type":"post","link":"https:\/\/redsemlac.com\/semmexico\/opinion-239\/","title":{"rendered":"Botella al Mar"},"content":{"rendered":"\n<h2 class=\"wp-block-heading\"><strong>Juntas por la Transformaci\u00f3n de M\u00e9xico 2\u00aa parte<\/strong><\/h2>\n\n\n\n<p class=\"wp-block-paragraph\"><strong>* Siete estrategias prioritarias<\/strong><\/p>\n\n\n\n<p class=\"wp-block-paragraph\"><strong>Martha Canseco Gonz\u00e1lez<\/strong><\/p>\n\n\n\n<p class=\"wp-block-paragraph\">SemM\u00e9xico, 2\ndiciembre 2019.- La semana pasada habl\u00e9 sobre el Foro \u201cJuntas por la\nTransformaci\u00f3n de M\u00e9xico\u201d, que primero se hizo estatal, el pasado d\u00eda 20 fue a\nnivel nacional. Particip\u00e9 en la misma mesa sobre \u201cCompartir las labores de\ncuidado\u201d.<\/p>\n\n\n\n<p class=\"wp-block-paragraph\">Coincidimos en los 32 estados en reconocer que las\nlabores de cuidado limitan el desarrollo de las mujeres y que nos quedamos\nhasta atr\u00e1s de la fila, esperando qui\u00e9n nos cuide.<\/p>\n\n\n\n<p class=\"wp-block-paragraph\">INMUJERES hizo su chamba y luego de recoger las\ninquietudes de algunas mujeres, m\u00e1s de cuatro mil, lleg\u00f3 al foro con propuestas\ny con tareas, qu\u00e9 de cumplirse, seguro cambiar\u00e1n la din\u00e1mica de mujeres y\nhombres.<\/p>\n\n\n\n<p class=\"wp-block-paragraph\">Sobre el tema, se crear\u00e1 un Sistema Nacional de\nCuidados que permita generar las condiciones para reconocer, reducir y\nredistribuir los trabajos dom\u00e9sticos y de cuidados entre las familias, el\nEstado, la comunidad y el sector privado.<\/p>\n\n\n\n<p class=\"wp-block-paragraph\">Para lograrlo se establecieron siete estrategias\nprioritarias:<\/p>\n\n\n\n<p class=\"wp-block-paragraph\">1.- Fortalecer el marco institucional relativo a los\ntrabajos dom\u00e9sticos y de cuidado a fin de garantizar modelos de actuaci\u00f3n\nfavorables a la corresponsabilidad, el reconocimiento y el ejercicio digno de\ndichas labores.<\/p>\n\n\n\n<p class=\"wp-block-paragraph\">2.- Impulsar el incremento de la participaci\u00f3n del\nEstado y el sector privado en el cuidado de las personas para organizarlos de\nmanera corresponsable y equitativa.<\/p>\n\n\n\n<p class=\"wp-block-paragraph\">3.- Ampliar el acceso a servicios de cuidados para\nque sean adecuados, oportunos, de calidad y dise\u00f1ados con perspectiva de\ng\u00e9nero.<\/p>\n\n\n\n<p class=\"wp-block-paragraph\">4.- Promover la regulaci\u00f3n y establecimiento de\ncondiciones laborales compatibles con las responsabilidades familiares y\nnecesidades personales de cuidado, para las personas que tienen empleo\nremunerado.<\/p>\n\n\n\n<p class=\"wp-block-paragraph\">5.- Promover el reconocimiento del trabajo dom\u00e9stico\ny de cuidados a fin de que se desempe\u00f1e en condiciones decentes y dignas.<\/p>\n\n\n\n<p class=\"wp-block-paragraph\">6.- Estimar y difundir el valor social y econ\u00f3mico\nde las labores de cuidado y del hogar para avanzar en su reconocimiento.<\/p>\n\n\n\n<p class=\"wp-block-paragraph\">7.- Impulsar la transformaci\u00f3n de pr\u00e1cticas y normas\nsocioculturales para promover la redistribuci\u00f3n justa y equitativa de los\ntrabajos de cuidados y del hogar.<\/p>\n\n\n\n<p class=\"wp-block-paragraph\">Dentro de las acciones puntuales para realizar \u00e9sta\n\u00faltima estrategia, el equipo en el que particip\u00e9 defini\u00f3 las siguientes\nprioridades. Aqu\u00ed hago notar que por primera vez se hizo \u00e9nfasis en la urgente\nparticipaci\u00f3n de los medios masivos de comunicaci\u00f3n, ya que son la caja de\nresonancia de los roles y los estereotipos de g\u00e9nero. Desde los acuerdos de Beijing,\n(septiembre de 1995), se hizo un serio llamado para que los medios asumieran su\nresponsabilidad en el cambio cultural, pero que hasta la fecha han sido\nintocables.<\/p>\n\n\n\n<p class=\"wp-block-paragraph\">As\u00ed entonces establecimos regular los contenidos en\nmedios de comunicaci\u00f3n masiva, digitales y campa\u00f1as publicitarias para eliminar\nestereotipos de g\u00e9nero que refuerzan y naturalizan la divisi\u00f3n sexual del\ntrabajo. <\/p>\n\n\n\n<p class=\"wp-block-paragraph\">Impulsar el desarrollo de programas culturales y\ncomunitarios para sensibilizar y fortalecer las capacidades de los hombres y\nlos ni\u00f1os de autocuidado, el cuidado de las otras y su entorno.<\/p>\n\n\n\n<p class=\"wp-block-paragraph\">Adem\u00e1s, fomentar la incorporaci\u00f3n de contenidos y\nrepresentaciones gr\u00e1ficas en los libros de texto de educaci\u00f3n b\u00e1sica que\npromuevan la participaci\u00f3n de hombres y ni\u00f1os en las labores de cuidado y\ntrabajo del hogar.<\/p>\n\n\n\n<p class=\"wp-block-paragraph\">Como podr\u00e1n ver es un ambicioso programa que de\nejecutarse podr\u00eda sentar las bases para una sociedad justa, equitativa e\nigualitaria. Se vale so\u00f1ar, pero sobre todo hacer lo que sea necesario para que\nesos sue\u00f1os se conviertan en realidad, me pueden decir que soy ingenua, yo\ndir\u00eda que m\u00e1s bien soy optimista y que deseo de todo coraz\u00f3n que las propuestas\nse conviertan no s\u00f3lo en pol\u00edtica p\u00fablica sino una manera de ser hombres y de\nser mujeres por el bien de M\u00e9xico. <\/p>\n\n\n\n<p class=\"wp-block-paragraph\">botellalmar2017@gmail.com<\/p>\n","protected":false},"excerpt":{"rendered":"<p>Juntas por la Transformaci\u00f3n de M\u00e9xico 2\u00aa parte<\/p>\n","protected":false},"author":3,"featured_media":9095,"comment_status":"open","ping_status":"open","sticky":false,"template":"","format":"standard","meta":{"_monsterinsights_skip_tracking":false,"footnotes":""},"categories":[690,98,84],"tags":[],"class_list":["post-14639","post","type-post","status-publish","format-standard","has-post-thumbnail","category-690","category-botella-al-mar","category-martha-canseco"],"_links":{"self":[{"href":"https:\/\/redsemlac.com\/semmexico\/wp-json\/wp\/v2\/posts\/14639","targetHints":{"allow":["GET"]}}],"collection":[{"href":"https:\/\/redsemlac.com\/semmexico\/wp-json\/wp\/v2\/posts"}],"about":[{"href":"https:\/\/redsemlac.com\/semmexico\/wp-json\/wp\/v2\/types\/post"}],"author":[{"embeddable":true,"href":"https:\/\/redsemlac.com\/semmexico\/wp-json\/wp\/v2\/users\/3"}],"replies":[{"embeddable":true,"href":"https:\/\/redsemlac.com\/semmexico\/wp-json\/wp\/v2\/comments?post=14639"}],"version-history":[{"count":0,"href":"https:\/\/redsemlac.com\/semmexico\/wp-json\/wp\/v2\/posts\/14639\/revisions"}],"wp:featuredmedia":[{"embeddable":true,"href":"https:\/\/redsemlac.com\/semmexico\/wp-json\/wp\/v2\/media\/9095"}],"wp:attachment":[{"href":"https:\/\/redsemlac.com\/semmexico\/wp-json\/wp\/v2\/media?parent=14639"}],"wp:term":[{"taxonomy":"category","embeddable":true,"href":"https:\/\/redsemlac.com\/semmexico\/wp-json\/wp\/v2\/categories?post=14639"},{"taxonomy":"post_tag","embeddable":true,"href":"https:\/\/redsemlac.com\/semmexico\/wp-json\/wp\/v2\/tags?post=14639"}],"curies":[{"name":"wp","href":"https:\/\/api.w.org\/{rel}","templated":true}]}}