{"id":14636,"date":"2019-12-02T19:40:38","date_gmt":"2019-12-02T19:40:38","guid":{"rendered":"https:\/\/redsemlac.com\/semmexico\/?p=14636"},"modified":"2023-07-21T15:15:33","modified_gmt":"2023-07-21T20:15:33","slug":"opinion-238","status":"publish","type":"post","link":"https:\/\/redsemlac.com\/semmexico\/opinion-238\/","title":{"rendered":"Feminismos"},"content":{"rendered":"\n<h2 class=\"wp-block-heading\">Segundo Congreso Feminista en Chiapas 2019<\/h2>\n\n\n\n<p class=\"wp-block-paragraph\"><strong>* Un balance preliminar<\/strong><\/p>\n\n\n\n<p class=\"wp-block-paragraph\"><strong>* Un fruto del trabajo de las generaciones previas<\/strong><\/p>\n\n\n\n<p class=\"wp-block-paragraph\"><strong>In\u00e9s Castro Apreza<\/strong><\/p>\n\n\n\n<p class=\"wp-block-paragraph\">SemM\u00e9xico, 2\ndiciembre 2019.- Hoy por hoy, muchas m\u00e1s mujeres feministas hay en M\u00e9xico. Tambi\u00e9n\nhay muchas m\u00e1s mujeres que no se llaman a s\u00ed mismas feministas, pero que luchan\npor hacer escuchar sus voces y posicionar sus demandas y proyectos en los\n\u00e1mbitos p\u00fablicos. Es \u00e9sta la primera revelaci\u00f3n del Segundo Congreso Feminista\nen Chiapas 2019.<\/p>\n\n\n\n<p class=\"wp-block-paragraph\">El Segundo Congreso\nFeminista tuvo como sede la ciudad capital Tuxtla Guti\u00e9rrez los d\u00edas 27, 28 y\n29 de noviembre pasados. <\/p>\n\n\n\n<p class=\"wp-block-paragraph\"><strong>Cuadro 1. Numeralia b\u00e1sica del<\/strong><\/p>\n\n\n\n<p class=\"wp-block-paragraph\"><strong>Segundo Congreso Feminista en Chiapas 2019<\/strong><\/p>\n\n\n\n<table class=\"wp-block-table\"><tbody><tr><td>\n  <strong>Rubro<\/strong>\n  <\/td><td>\n  <strong>Cantidad<\/strong>\n  <\/td><\/tr><tr><td>\n  D\u00edas de Congreso\n  <\/td><td>\n  3\n  <\/td><\/tr><tr><td>\n  Mesas\n  <\/td><td>\n  29\n  <\/td><\/tr><tr><td>\n  Ponencias\n  <\/td><td>\n  120 a 130\n  <\/td><\/tr><tr><td>\n  Ponentes\n  <\/td><td>\n  110 a 120\n  <\/td><\/tr><tr><td>\n  Pa\u00edses participantes\n  <\/td><td>\n  5\n  &nbsp;\n  <\/td><\/tr><tr><td>\n  Estados de M\u00e9xico presentes\n  <\/td><td>\n  16\n  <\/td><\/tr><tr><td>\n  Temas\/problemas abordados\n  <\/td><td>\n  19\n  <\/td><\/tr><\/tbody><\/table>\n\n\n\n<p class=\"wp-block-paragraph\"><strong><em>Fuente: Documentos del Segundo\nCongreso<\/em><\/strong><\/p>\n\n\n\n<p class=\"wp-block-paragraph\">La numeralia es\naproximada, ya que amerita un an\u00e1lisis a fondo (mujeres que no pudieron llegar,\notras que se incorporaron). El grueso de la presencia fue de mujeres de M\u00e9xico,\npero las hubo de otros pa\u00edses como Colombia, Ecuador, Chile y Argentina, en\nestos casos de j\u00f3venes estudiantes de posgrados. Los estados presentes fueron:\nChiapas, Tabasco, Quintana Roo, Campeche, Veracruz, Yucat\u00e1n, Oaxaca, Hidalgo,\nPuebla, Tlaxcala, Jalisco, Sonora, San Luis Potos\u00ed, Baja California, Ciudad de\nM\u00e9xico y Coahuila.<\/p>\n\n\n\n<p class=\"wp-block-paragraph\">M\u00e1s all\u00e1 de la\nnecesaria precisi\u00f3n en los n\u00fameros, tuvimos una inauguraci\u00f3n y un desarrollo de\ndebates en tres d\u00edas que mostraron rostros diversos, voces divergentes,\nexperiencias todas que reflejan la fuerza de movimientos femeninos en curso.<\/p>\n\n\n\n<p class=\"wp-block-paragraph\">No todos estos\nmovimientos son feministas. S\u00ed lo son la mayor\u00eda.<\/p>\n\n\n\n<p class=\"wp-block-paragraph\">Entre las novedades\nm\u00e1s significativas est\u00e1 la fuerte presencia de mujeres j\u00f3venes (\u201cj\u00f3venas\u201d, como\ndicen ellas), estudiantes de licenciatura y maestr\u00eda, la mayor\u00eda en sus a\u00f1os veinte\ny algunas en los treintas. Aproximadamente, hablamos de la mitad de las\npresentes: un Congreso con predominio de j\u00f3venes que hacen investigaciones\nsobre mujeres, con perspectiva de g\u00e9nero o, directamente, feministas. Un\nCongreso con activistas feministas de todas las generaciones; con ellas el\nporcentaje de mujeres feministas presentes en el evento asciende a 80 % o m\u00e1s.<\/p>\n\n\n\n<p class=\"wp-block-paragraph\">Estas\ninvestigaciones ameritan por s\u00ed mismas un an\u00e1lisis a profundidad para conocer\nel rumbo que est\u00e1n tomando los estudios de mujeres, de g\u00e9nero y feministas casi\ncincuenta a\u00f1os despu\u00e9s de haberse iniciado en M\u00e9xico. Me reservo este an\u00e1lisis\npara un siguiente escrito.<\/p>\n\n\n\n<p class=\"wp-block-paragraph\">De lo que no cabe\nduda alguna es que estas investigaciones y este activismo feminista son\nresultado, en buena medida, de todo el trabajo de las generaciones previas. Es\nun fruto. <\/p>\n\n\n\n<p class=\"wp-block-paragraph\">Es tambi\u00e9n, dir\u00eda\nyo, una promesa. <\/p>\n\n\n\n<p class=\"wp-block-paragraph\">Con contradicciones\ny fuertes debates, con profundas conflictividades que no cesan, estamos al fin\ny al cabo frente a un proyecto pol\u00edtico en marcha. De aqu\u00ed la fuerza de los\npoderes conservadores en toda Am\u00e9rica Latina que buscan contrarrestarlo. Las\nfeministas hablamos de \u201cpatriarcado\u201d para reivindicar una categor\u00eda esencial,\ncon un paraguas, que define todo un sistema, pero tambi\u00e9n sabemos enunciar con\nnombre y apellido qu\u00e9 poderes conservadores conforman dicho sistema, qu\u00e9\nactores, cu\u00e1les son sus estrategias y contra qu\u00e9 combaten. C\u00f3mo nos combaten y\nc\u00f3mo buscan reducir nuestras voces, \u00bfaniquilarnos?<\/p>\n\n\n\n<p class=\"wp-block-paragraph\">Tambi\u00e9n.<\/p>\n\n\n\n<p class=\"wp-block-paragraph\">Por otra parte, otras\nnovedades m\u00e1s en este Segundo Congreso no pueden pasar desapercibidas: hubo un\ngrupo de empresarias y una importante presencia de mujeres ligadas a partidos\npol\u00edticos e instituciones gubernamentales, todas ellas en diferentes mesas de\ndebate. Nos acompa\u00f1aron asimismo trabajadoras sexuales, mesa en la que sali\u00f3 a\nflote un \u00e1lgido debate.<\/p>\n\n\n\n<p class=\"wp-block-paragraph\"><strong>Feminismos emergentes: \u00bfuna Cuarta Ola Feminista?<\/strong><\/p>\n\n\n\n<p class=\"wp-block-paragraph\">Una mesa en\nparticular se titul\u00f3 as\u00ed: \u00bfUna Cuarta Ola Feminista? Las respuestas aqu\u00ed y en\notras mesas fueron en varias direcciones, pero sobre todo destacaron el intenso\nuso de las redes sociales (as\u00ed como sus riesgos y peligros) para el debate, la\ndenuncia y las grandes convocatorias. Un indicador es los movimientos #MeToo\nlocales que se han multiplicado, es decir, las j\u00f3venes ya no se quedan calladas\nfrente al acoso y el hostigamiento sexual.<\/p>\n\n\n\n<p class=\"wp-block-paragraph\">La masiva presencia\nde mujeres j\u00f3venes es un elemento novedoso de las multitudinarias\nmanifestaciones en diversos pa\u00edses de Am\u00e9rica Latina. Indicador que da un\ncar\u00e1cter intergeneracional a los movimientos. <\/p>\n\n\n\n<p class=\"wp-block-paragraph\">Lo\nintergeneracional, sin embargo, no borra la clase social ni la raza. Hoy m\u00e1s\nque antes se hace consciencia sobre la colonialidad del poder y la colonialidad\ndel g\u00e9nero.&nbsp; <\/p>\n\n\n\n<p class=\"wp-block-paragraph\">Nuevas estrategias\ncontra las violencias y los feminicidios se construyen, por cierto, y algunas\nse dejaron ver en el Segundo Congreso Feminista en Chiapas. Frente a la\ninoperatividad de las Alertas de G\u00e9nero, las pol\u00edticas p\u00fablicas, los talleres\nde \u201csensibilizaci\u00f3n\u201d a hombres y mujeres bur\u00f3cratas, las j\u00f3venes innovan\ndiariamente. Se recurre al arte, el performance, el teatro de las oprimidas\u2026.<\/p>\n\n\n\n<p class=\"wp-block-paragraph\">Es destacable el\nperformance-desmontaje contra la violencia y el feminicidio realizado en el\nCongreso Feminista, que concit\u00f3 atenci\u00f3n, empat\u00eda, reflexi\u00f3n\u2026 tanto por mujeres\ncomo por hombres. Si en algunas mesas se prohibi\u00f3 la presencia de hombres, en\n\u00e9sta se permiti\u00f3 y el resultado fue mejor de lo que se esperaba.<\/p>\n\n\n\n<p class=\"wp-block-paragraph\">De alguna manera,\ncon el Segundo Congreso Feminista en Chiapas pensamos que es como volver a\nempezar: en los setenta y ochenta las feministas j\u00f3venes y adultas iniciaron\nbatallas diversas a favor del aborto, contra las violencias machistas y en particular\nla violencia sexual. Casi cincuenta a\u00f1os despu\u00e9s, las j\u00f3venes feministas y las\nfeministas adultas tenemos que innovar.<\/p>\n\n\n\n<p class=\"wp-block-paragraph\">Esta fue as\u00ed otra\nfuerte revelaci\u00f3n del Segundo Congreso Feminista en Chiapas: no podemos dejar\nen manos del Estado la soluci\u00f3n a los grandes problemas que afrontamos las\nmujeres. El Estado ha probado su fracaso y sigue en deuda con nosotras.<\/p>\n","protected":false},"excerpt":{"rendered":"<p>Segundo Congreso Feminista en Chiapas 2019<\/p>\n","protected":false},"author":3,"featured_media":14637,"comment_status":"open","ping_status":"open","sticky":false,"template":"","format":"standard","meta":{"_monsterinsights_skip_tracking":false,"footnotes":""},"categories":[690,82,110],"tags":[],"class_list":["post-14636","post","type-post","status-publish","format-standard","has-post-thumbnail","category-690","category-la-opinion","category-la-opinion-columnas"],"_links":{"self":[{"href":"https:\/\/redsemlac.com\/semmexico\/wp-json\/wp\/v2\/posts\/14636","targetHints":{"allow":["GET"]}}],"collection":[{"href":"https:\/\/redsemlac.com\/semmexico\/wp-json\/wp\/v2\/posts"}],"about":[{"href":"https:\/\/redsemlac.com\/semmexico\/wp-json\/wp\/v2\/types\/post"}],"author":[{"embeddable":true,"href":"https:\/\/redsemlac.com\/semmexico\/wp-json\/wp\/v2\/users\/3"}],"replies":[{"embeddable":true,"href":"https:\/\/redsemlac.com\/semmexico\/wp-json\/wp\/v2\/comments?post=14636"}],"version-history":[{"count":0,"href":"https:\/\/redsemlac.com\/semmexico\/wp-json\/wp\/v2\/posts\/14636\/revisions"}],"wp:featuredmedia":[{"embeddable":true,"href":"https:\/\/redsemlac.com\/semmexico\/wp-json\/wp\/v2\/media\/14637"}],"wp:attachment":[{"href":"https:\/\/redsemlac.com\/semmexico\/wp-json\/wp\/v2\/media?parent=14636"}],"wp:term":[{"taxonomy":"category","embeddable":true,"href":"https:\/\/redsemlac.com\/semmexico\/wp-json\/wp\/v2\/categories?post=14636"},{"taxonomy":"post_tag","embeddable":true,"href":"https:\/\/redsemlac.com\/semmexico\/wp-json\/wp\/v2\/tags?post=14636"}],"curies":[{"name":"wp","href":"https:\/\/api.w.org\/{rel}","templated":true}]}}