{"id":14630,"date":"2019-12-02T19:30:18","date_gmt":"2019-12-02T19:30:18","guid":{"rendered":"https:\/\/redsemlac.com\/semmexico\/?p=14630"},"modified":"2023-07-21T15:15:33","modified_gmt":"2023-07-21T20:15:33","slug":"morelos-16","status":"publish","type":"post","link":"https:\/\/redsemlac.com\/semmexico\/morelos-16\/","title":{"rendered":"Menos fotos y m\u00e1s combate a la impunidad, exigen mujeres en Morelos"},"content":{"rendered":"\n<ul class=\"wp-block-list\"><li><strong>Realizan en Cuernavaca la marcha del Cacerolazo <\/strong><\/li><\/ul>\n\n\n\n<ul class=\"wp-block-list\"><li><strong> Feministas y periodistas agredidas por un payaso y un grupo de hombres<\/strong><\/li><\/ul>\n\n\n\n<p class=\"wp-block-paragraph\"><strong>Estrella Pedroza\u00a0<\/strong><\/p>\n\n\n\n<p class=\"wp-block-paragraph\">SemM\u00e9xico,\nCuernavaca, Mor., 2 diciembre 2019.- Decenas de mujeres&nbsp;participaron\nen el Cacerolazo para exigir un alto a los feminicidios que se registran en\nMorelos y en toda Latinoam\u00e9rica, \u201curge que las autoridades pasen de los eventos\npara la foto y que combatan&nbsp;la impunidad para que todas las mujeres\nviolentadas alcancen justicia\u201d, sentenciaron.&nbsp;<\/p>\n\n\n\n<p class=\"wp-block-paragraph\">La tarde del domingo, el Centro\nHist\u00f3rico de Cuernavaca&nbsp;fue el escenario para que en Morelos tambi\u00e9n se\nrealizara el Cacerolazo -un movimiento internacional que busca evidenciar c\u00f3mo\nlos gobiernos locales, estatales, nacionales e internacionales que mantienen\nuna deuda hist\u00f3rica y que se acrecienta&nbsp;todos los d\u00edas-.<\/p>\n\n\n\n<figure class=\"wp-block-video\"><video height=\"352\" style=\"aspect-ratio: 640 \/ 352;\" width=\"640\" controls src=\"https:\/\/redsemlac.com\/semmexico\/wp-content\/uploads\/2019\/12\/estrella-2.mp4\"><\/video><\/figure>\n\n\n\n<p class=\"wp-block-paragraph\">De acuerdo al&nbsp;Secretariado\nEjecutivo del Sistema Nacional de Seguridad P\u00fablica (SESNSP),\nMorelos&nbsp;ocupa el&nbsp;segundo lugar en feminicidios, tan solo&nbsp;en el\nmes de noviembre&nbsp;se registraron tres,&nbsp;situaci\u00f3n que para los&nbsp;colectivos\nlocales convocante (Calle Sin Acoso Morelos, Crianzas Feministas, Vivas Nos\nQueremos Morelos y Mujeres activistas de Morelos) \u201ces la muestra de que en\nMorelos no estamos seguras en ning\u00fan sitio\u201d, destacaron durante el recorrido.<\/p>\n\n\n\n<p class=\"wp-block-paragraph\">Y expresaron su hartazgo de que \u201cel\nInstituto de la Mujer para el estado de Morelos, la Fiscal\u00eda&nbsp;General del\nEstado de Morelos,&nbsp;la Fiscal\u00eda Especializada para la Investigaci\u00f3n y\nPersecuci\u00f3n del Delito de Feminicidio, as\u00ed como el gobierno encabezado por\nCuauht\u00e9moc Blanco no est\u00e9n generando medidas que garanticen, eliminen y\nerradiquen la violencia que vivimos sistem\u00e1ticamente y en lo cotidiano las\nmujeres\u201d.<\/p>\n\n\n\n<p class=\"wp-block-paragraph\">Pero, adem\u00e1s,&nbsp;reprocharon que\nlas autoridades de todos los niveles solo aparezcan en eventos con discursos\nhuecos \u201cestamos cansadas de ver que sus eventos s\u00f3lo quedan en firmar acuerdos,\ndiscursos alejados de nuestras realidades y en fotograf\u00edas\u201d.<\/p>\n\n\n\n<p class=\"wp-block-paragraph\">Desde agosto del&nbsp;2015 se\ndecret\u00f3 Alerta de Violencia de G\u00e9nero (AVG) en ocho municipios del estado de\nMorelos, \u201cpero el&nbsp;resultado fue que la violencia aument\u00f3 en esas\nlocalidades y se extendi\u00f3 a&nbsp;otras\u201d.<\/p>\n\n\n\n<p class=\"wp-block-paragraph\">Tambi\u00e9n expresaron su rechazo y\nrepudio&nbsp;debido a que desde la semana pasada la Comisi\u00f3n de Igualdad de\nG\u00e9nero es presidida por el diputado del Partido&nbsp;Encuentro Social (PES), Marcos\nZapotitla Becerro, a pesar&nbsp;de que desde la Tribuna del Congreso Local ha\nemitido comentarios mis\u00f3ginos y no ha respetado el estado laico en sus\ndiscursos.&nbsp;<\/p>\n\n\n\n<p class=\"wp-block-paragraph\">En esta entidad est\u00e1 pendiente\ndesde hace a\u00f1os la legalizaci\u00f3n del aborto y, por ello, durante su recorrido\npor las principales calles de&nbsp;la capital de Morelos, hicieron una escala a\nla altura de la Catedral de la Di\u00f3cesis de Cuernavaca&nbsp;y gritaron\nconsignas: \u00a1Iglesia y Estado asunto separado!, debido a que el Obispo Ram\u00f3n\nCastro ha realizado campa\u00f1as para que no se legisle al respeto.<\/p>\n\n\n\n<p class=\"wp-block-paragraph\"><strong>Agresi\u00f3n de\nhombres a las manifestantes&nbsp;<\/strong><\/p>\n\n\n\n<p class=\"wp-block-paragraph\">Durante el Cacerolazo, que\nconsisti\u00f3 en hacer un recorrido por las zonas p\u00fablicas m\u00e1s concurridas, al\nhacer un alto en la Plaza de Armas- muy cerca&nbsp;de&nbsp;donde estaba un\nespect\u00e1culo de un payaso ambulante- el contingente se detuvo a gritar consignas\n\u201c\u00a1Se\u00f1ora, se\u00f1or no sea indiferente se manta a las mujeres en la cara de la\ngente!\u201d.<\/p>\n\n\n\n<figure class=\"wp-block-video\"><video height=\"480\" style=\"aspect-ratio: 848 \/ 480;\" width=\"848\" controls src=\"https:\/\/redsemlac.com\/semmexico\/wp-content\/uploads\/2019\/12\/estrella-3.mp4\"><\/video><\/figure>\n\n\n\n<p class=\"wp-block-paragraph\">Esto molest\u00f3 al payaso, quien, con micr\u00f3fono\nen mano, empez\u00f3 a burlarse de la marcha y de las mujeres: \u201c\u00a1ay,&nbsp;si las\nviejas siempre quej\u00e1ndose!\u201d y cuestion\u00f3 si se cre\u00edan \u201cmuy chingonas\u201d. La\nrespuesta de las j\u00f3venes fue gritar m\u00e1s consignas, entre ellas: \u201c\u00a1El\npatriarcado va a caer!\u201d. Algunas empezaron a alejarse del lugar.&nbsp;<\/p>\n\n\n\n<p class=\"wp-block-paragraph\">Sin embargo,&nbsp;otras j\u00f3venes\nacusaron al payaso de&nbsp;machista, represor y le reprocharon su falta de\nsensibilidad, por lo que un grupo de hombres que acompa\u00f1aban al payaso salieron\na su defensa y&nbsp;agredieron verbalmente&nbsp;a las manifestantes.&nbsp;<\/p>\n\n\n\n<figure class=\"wp-block-video\"><video height=\"368\" style=\"aspect-ratio: 640 \/ 368;\" width=\"640\" controls src=\"https:\/\/redsemlac.com\/semmexico\/wp-content\/uploads\/2019\/12\/estrella-4.mp4\"><\/video><\/figure>\n\n\n\n<p class=\"wp-block-paragraph\">Por lo que dos j\u00f3venes feministas\nintervinieron y estuvieron a punto de ser golpeados por los hombres defensores\ndel payaso.<\/p>\n\n\n\n<p class=\"wp-block-paragraph\">Mientras esto ocurr\u00eda varios\nperiodistas, entre ellas, Adriana M\u00fajica,&nbsp;se acercaron a documentar por lo\nque fue increpada por uno de los hombres por estar grabando, ella se identific\u00f3\ncomo periodista y&nbsp;en respuesta recibi\u00f3 violencia verbal y manoteos.<\/p>\n\n\n\n<p class=\"wp-block-paragraph\">SEM\/em\/sj<\/p>\n","protected":false},"excerpt":{"rendered":"<p>Realizan en Cuernavaca la marcha del Cacerolazo<\/p>\n","protected":false},"author":3,"featured_media":14634,"comment_status":"open","ping_status":"open","sticky":false,"template":"","format":"standard","meta":{"_monsterinsights_skip_tracking":false,"footnotes":""},"categories":[690,54],"tags":[],"class_list":["post-14630","post","type-post","status-publish","format-standard","has-post-thumbnail","category-690","category-mujeres"],"_links":{"self":[{"href":"https:\/\/redsemlac.com\/semmexico\/wp-json\/wp\/v2\/posts\/14630","targetHints":{"allow":["GET"]}}],"collection":[{"href":"https:\/\/redsemlac.com\/semmexico\/wp-json\/wp\/v2\/posts"}],"about":[{"href":"https:\/\/redsemlac.com\/semmexico\/wp-json\/wp\/v2\/types\/post"}],"author":[{"embeddable":true,"href":"https:\/\/redsemlac.com\/semmexico\/wp-json\/wp\/v2\/users\/3"}],"replies":[{"embeddable":true,"href":"https:\/\/redsemlac.com\/semmexico\/wp-json\/wp\/v2\/comments?post=14630"}],"version-history":[{"count":0,"href":"https:\/\/redsemlac.com\/semmexico\/wp-json\/wp\/v2\/posts\/14630\/revisions"}],"wp:featuredmedia":[{"embeddable":true,"href":"https:\/\/redsemlac.com\/semmexico\/wp-json\/wp\/v2\/media\/14634"}],"wp:attachment":[{"href":"https:\/\/redsemlac.com\/semmexico\/wp-json\/wp\/v2\/media?parent=14630"}],"wp:term":[{"taxonomy":"category","embeddable":true,"href":"https:\/\/redsemlac.com\/semmexico\/wp-json\/wp\/v2\/categories?post=14630"},{"taxonomy":"post_tag","embeddable":true,"href":"https:\/\/redsemlac.com\/semmexico\/wp-json\/wp\/v2\/tags?post=14630"}],"curies":[{"name":"wp","href":"https:\/\/api.w.org\/{rel}","templated":true}]}}