{"id":14618,"date":"2019-12-01T01:38:32","date_gmt":"2019-12-01T01:38:32","guid":{"rendered":"https:\/\/redsemlac.com\/semmexico\/?p=14618"},"modified":"2023-07-21T15:15:34","modified_gmt":"2023-07-21T20:15:34","slug":"oaxaca-96","status":"publish","type":"post","link":"https:\/\/redsemlac.com\/semmexico\/oaxaca-96\/","title":{"rendered":"Piden esclarecimiento de feminicidio en Oaxaca"},"content":{"rendered":"\n<ul class=\"wp-block-list\"><li><strong>Estela permaneci\u00f3 desaparecida por dos d\u00edas <\/strong><\/li><li><strong> \u00abHoy nos toc\u00f3&#8230; Nunca pensamos que nos pasar\u00eda\u00bb<\/strong> <\/li><\/ul>\n\n\n\n<p class=\"wp-block-paragraph\"><strong>Patricia Brise\u00f1o<\/strong><br> SemM\u00e9xico, Oaxaca, 30 noviembre 2019.- Familiares de Estela, de 39 a\u00f1os de edad, exigen justicia y el pronto esclarecimiento del crimen que le arrebat\u00f3 la vida, tras dos d\u00edas de desaparecer en la colonia Noche Buena, en el municipio de Santa Cruz\u00a0 Xoxocotl\u00e1n, en el \u00e1rea metropolitana de la ciudad de Oaxaca.<\/p>\n\n\n\n<p class=\"wp-block-paragraph\">Abatida por el dolor del asesinato de su sobrina, la t\u00eda de v\u00edctima conden\u00f3\neste hecho que vino a romper la estabilidad de una familia trabajadora\nmigrante, originaria de la regi\u00f3n costa chica de Oaxaca, asentada en la capital\ny zona conurbada.<\/p>\n\n\n\n<p class=\"wp-block-paragraph\">Dijo que su sobrina, originaria de Santa Mar\u00eda Huazolitil\u00e1n, egresada de la\ncarreta de la licenciatura de Contadur\u00eda y Administraci\u00f3n de la Universidad\nAut\u00f3noma \u201cBenito Ju\u00e1rez\u201d(UABJO) se desempe\u00f1aba como ejecutiva de cuenta\nen&nbsp; una Caja Popular, cargo que consigui\u00f3 por a\u00f1os de esfuerzo y\nescalaf\u00f3n.<\/p>\n\n\n\n<p class=\"wp-block-paragraph\">Incluso, dijo,&nbsp; el d\u00eda de su desaparici\u00f3n portaba el uniforme de&nbsp;\ntrabajo, pues al parecer ocurri\u00f3 en el trayecto.<\/p>\n\n\n\n<p class=\"wp-block-paragraph\">De acuerdo con los primeros reportes policiacos, el cuerpo sin vida de\nEstela fue localizado en el paraje&nbsp; Paso de Piedra , en el municipio de\nZimatl\u00e1n de \u00c1lvarez, en inmediaciones que la carretera a la regi\u00f3n Costa, y\nregistraba huellas de tortura.<\/p>\n\n\n\n<p class=\"wp-block-paragraph\">En tanto, la camioneta en la que se desplazaba el d\u00eda mi\u00e9rcoles 27, el\n\u00faltimo d\u00eda que se despidi\u00f3 de su familia para dirigirse al trabajo, la\nencontraron&nbsp; abandonada en&nbsp; San Andr\u00e9s Huayapam, rumbo a la Sierra\nNorte, a 35 kil\u00f3metros de donde apareci\u00f3 el cuerpo de la v\u00edctima.<\/p>\n\n\n\n<p class=\"wp-block-paragraph\">De acuerdo con el reporte de la polic\u00eda, un campesino localiz\u00f3 la ma\u00f1ana de\nayer viernes los restos de una mujer entre los arbustos de su terreno a donde\nllegaron los peritos del \u00e1rea de Feminicidios, de la Agencia Estatal de\nInvestigaci\u00f3n junto con el Ministerio P\u00fablico.<\/p>\n\n\n\n<p class=\"wp-block-paragraph\">\u00abPerder&nbsp; a un familiar es doloroso, pero m\u00e1s a\u00fan cuando este muri\u00f3\ncomo resultado&nbsp; un crimen. En la familia ve\u00edamos las noticias de\nfeminicidios, nos condol\u00edmos por su deudos, pero nunca pensamos que nos habr\u00eda\nde ocurrir. Hoy, nos toc\u00f3 a nosotros, de cerca\u00bb, concluy\u00f3.<\/p>\n\n\n\n<p class=\"wp-block-paragraph\">SEM\/pb\/sj<\/p>\n","protected":false},"excerpt":{"rendered":"<p> \u00abHoy nos toc\u00f3&#8230; Nunca pensamos que nos pasar\u00eda\u00bb <\/p>\n","protected":false},"author":3,"featured_media":14619,"comment_status":"open","ping_status":"open","sticky":false,"template":"","format":"standard","meta":{"_monsterinsights_skip_tracking":false,"footnotes":""},"categories":[690,54],"tags":[],"class_list":["post-14618","post","type-post","status-publish","format-standard","has-post-thumbnail","category-690","category-mujeres"],"_links":{"self":[{"href":"https:\/\/redsemlac.com\/semmexico\/wp-json\/wp\/v2\/posts\/14618","targetHints":{"allow":["GET"]}}],"collection":[{"href":"https:\/\/redsemlac.com\/semmexico\/wp-json\/wp\/v2\/posts"}],"about":[{"href":"https:\/\/redsemlac.com\/semmexico\/wp-json\/wp\/v2\/types\/post"}],"author":[{"embeddable":true,"href":"https:\/\/redsemlac.com\/semmexico\/wp-json\/wp\/v2\/users\/3"}],"replies":[{"embeddable":true,"href":"https:\/\/redsemlac.com\/semmexico\/wp-json\/wp\/v2\/comments?post=14618"}],"version-history":[{"count":0,"href":"https:\/\/redsemlac.com\/semmexico\/wp-json\/wp\/v2\/posts\/14618\/revisions"}],"wp:featuredmedia":[{"embeddable":true,"href":"https:\/\/redsemlac.com\/semmexico\/wp-json\/wp\/v2\/media\/14619"}],"wp:attachment":[{"href":"https:\/\/redsemlac.com\/semmexico\/wp-json\/wp\/v2\/media?parent=14618"}],"wp:term":[{"taxonomy":"category","embeddable":true,"href":"https:\/\/redsemlac.com\/semmexico\/wp-json\/wp\/v2\/categories?post=14618"},{"taxonomy":"post_tag","embeddable":true,"href":"https:\/\/redsemlac.com\/semmexico\/wp-json\/wp\/v2\/tags?post=14618"}],"curies":[{"name":"wp","href":"https:\/\/api.w.org\/{rel}","templated":true}]}}