{"id":14612,"date":"2019-11-30T00:53:00","date_gmt":"2019-11-30T00:53:00","guid":{"rendered":"https:\/\/redsemlac.com\/semmexico\/?p=14612"},"modified":"2023-07-21T15:15:34","modified_gmt":"2023-07-21T20:15:34","slug":"solo-queria-trabajar-para-darle-de-comer-a-mis-hijos","status":"publish","type":"post","link":"https:\/\/redsemlac.com\/semmexico\/solo-queria-trabajar-para-darle-de-comer-a-mis-hijos\/","title":{"rendered":"\u201cS\u00f3lo quer\u00eda trabajar para darle de comer a mis hijos\u201d"},"content":{"rendered":"\n<ul class=\"wp-block-list\"><li> <strong>Su historia como refugiada comienza el d\u00eda que tuvo que salir de El Salvador.<\/strong> <\/li><\/ul>\n\n\n\n<p class=\"wp-block-paragraph\"><strong>Redacci\u00f3n<\/strong><\/p>\n\n\n\n<p class=\"wp-block-paragraph\">SemM\u00e9xico\/ACNUR. Tapachula. 29 de noviembre 2019.-  Claudia* nunca pens\u00f3 que tendr\u00eda que dejar su pa\u00eds, mucho menos imagin\u00f3 que perder\u00eda a su familia por la violencia de g\u00e9nero. Su historia como refugiada comienza el d\u00eda que tuvo que salir de El Salvador, ella y su madre sufr\u00edan acoso por parte de los polic\u00edas locales. \u201cEl horror comenz\u00f3 el d\u00eda que entraron a catear nuestra casa, un polic\u00eda viol\u00f3 a mi mam\u00e1. Lo demandamos y\u00a0 entonces comenz\u00f3 a amenazarnos de muerte\u201d, cuenta Claudia mientras recuerda, con l\u00e1grimas en los ojos, el doloroso momento.<\/p>\n\n\n\n<p class=\"wp-block-paragraph\">El polic\u00eda las hostigaba&nbsp;con mayor frecuencia, incluso sus compa\u00f1eros de trabajo&nbsp;las amenazaban de muerte si no retiraban la denuncia. \u201cUn d\u00eda caminaba al mercado, vi a polic\u00edas de lejos, se acercaron a m\u00ed, me pusieron una pistola en la cabeza y me dijeron que me matar\u00edan por chismosa\u201d, recuerda Claudia con las manos temblorosas. Al tener m\u00e1s presencia de polic\u00edas en la colonia, los pandilleros locales se molestaron y amenazaron a toda la familia. \u201cRecib\u00edamos amenazas por todas partes, yo no sal\u00eda de la casa, saqu\u00e9 a los ni\u00f1os de la escuela y trataba de no ir ni al mercado\u201d, recuerda Claudia con la voz cortada.<\/p>\n\n\n\n<blockquote class=\"wp-block-quote is-layout-flow wp-block-quote-is-layout-flow\"><p>\u201cRecib\u00edamos amenazas por todas partes, yo no sal\u00eda de la casa, saqu\u00e9 a los ni\u00f1os de la escuela y trataba de no ir ni al mercado\u201d<\/p><\/blockquote>\n\n\n\n<p class=\"wp-block-paragraph\">Un d\u00eda los pandilleros tocaron a la puerta y la sacaron de la casa, le pegaron frente a los vecinos y la amenazaron una vez m\u00e1s: Si no dejaban la ciudad, los matar\u00edan a todos. Esa noche, Claudia, su esposo, hijos y madre durmieron en un cuarto de hotel fuera de la ciudad. Al poco tiempo, la familia no ten\u00eda dinero para sobrevivir y Claudia decidi\u00f3 salir a trabajar para darle de comer a sus hijos.&nbsp;Lo cual fue motivo para&nbsp;convertirse en v\u00edctima de la violencia de g\u00e9nero.<\/p>\n\n\n\n<figure class=\"wp-block-image\"><a href=\"https:\/\/www.acnur.org\/X75\"><img decoding=\"async\" src=\"https:\/\/www.acnur.org\/thumb1\/5ddea9574.jpg\" alt=\"Las mujeres representan casi la mitad de refugiados en el mundo. Ellas huyen por tierra, mar y aire para salvar sus vidas.\"\/><\/a><figcaption> Las mujeres representan casi la mitad de refugiados en el mundo. Ellas huyen por tierra, mar y aire para salvar sus vidas.\u00a0 \u00a9\u00a0ACNUR <\/figcaption><\/figure>\n\n\n\n<p class=\"wp-block-paragraph\">La reacci\u00f3n de su madre y esposo fue terrible, \u201csi te sales a trabajar no vuelvas, las mujeres no deben de dejar el hogar\u201d, le dec\u00eda la madre. Claudia estaba desesperada por alimentar a sus hijos y acept\u00f3 ser cocinera en un restaurante. Antes de salir de casa para ir al trabajo, su esposo la insultaba f\u00edsica y verbalmente. Incluso, \u00e9l fue a hablar con los due\u00f1os de la cocina para pedirles que no le dieran empleo a su esposa, ellos la despidieron para evitar problemas.<\/p>\n\n\n\n<p class=\"wp-block-paragraph\">Pero la violencia segu\u00eda en contra de Claudia, peor a\u00fan, su esposo tambi\u00e9n lastimaba a sus hijos. Un d\u00eda qued\u00f3 inconsciente de tanta violencia, al momento de despertar vio la puerta y sali\u00f3 huyendo. Regres\u00f3 por sus hijos y camin\u00f3 hasta encontrar un lugar donde vivir en Guatemala. Sin embargo, su esposo r\u00e1pido la encontr\u00f3. Ella decidi\u00f3 huir para M\u00e9xico donde pidi\u00f3 asilo y ahora espera construir una vida en paz.<\/p>\n\n\n\n<p class=\"wp-block-paragraph\">Claudia no puede volver a su pa\u00eds, de hacerlo, regresar\u00eda a sufrir la violencia de las pandillas, autoridades y los abusos de su familia. El 30 por ciento de las solicitudes de asilo en M\u00e9xico son de mujeres. Ellas viven una doble\u00a0situaci\u00f3n de vulnerabilidad; por una parte,\u00a0la violencia de las pandillas; por la otra,\u00a0la violencia de g\u00e9nero de las que son v\u00edctimas desde casa.<\/p>\n\n\n\n<p class=\"wp-block-paragraph\">SEM\/IL<\/p>\n","protected":false},"excerpt":{"rendered":"<p>Su historia como refugiada comienza el d\u00eda que tuvo que salir de El Salvador. <\/p>\n","protected":false},"author":3,"featured_media":14613,"comment_status":"open","ping_status":"open","sticky":false,"template":"","format":"standard","meta":{"_monsterinsights_skip_tracking":false,"footnotes":""},"categories":[690,54],"tags":[],"class_list":["post-14612","post","type-post","status-publish","format-standard","has-post-thumbnail","category-690","category-mujeres"],"_links":{"self":[{"href":"https:\/\/redsemlac.com\/semmexico\/wp-json\/wp\/v2\/posts\/14612","targetHints":{"allow":["GET"]}}],"collection":[{"href":"https:\/\/redsemlac.com\/semmexico\/wp-json\/wp\/v2\/posts"}],"about":[{"href":"https:\/\/redsemlac.com\/semmexico\/wp-json\/wp\/v2\/types\/post"}],"author":[{"embeddable":true,"href":"https:\/\/redsemlac.com\/semmexico\/wp-json\/wp\/v2\/users\/3"}],"replies":[{"embeddable":true,"href":"https:\/\/redsemlac.com\/semmexico\/wp-json\/wp\/v2\/comments?post=14612"}],"version-history":[{"count":0,"href":"https:\/\/redsemlac.com\/semmexico\/wp-json\/wp\/v2\/posts\/14612\/revisions"}],"wp:featuredmedia":[{"embeddable":true,"href":"https:\/\/redsemlac.com\/semmexico\/wp-json\/wp\/v2\/media\/14613"}],"wp:attachment":[{"href":"https:\/\/redsemlac.com\/semmexico\/wp-json\/wp\/v2\/media?parent=14612"}],"wp:term":[{"taxonomy":"category","embeddable":true,"href":"https:\/\/redsemlac.com\/semmexico\/wp-json\/wp\/v2\/categories?post=14612"},{"taxonomy":"post_tag","embeddable":true,"href":"https:\/\/redsemlac.com\/semmexico\/wp-json\/wp\/v2\/tags?post=14612"}],"curies":[{"name":"wp","href":"https:\/\/api.w.org\/{rel}","templated":true}]}}