{"id":14598,"date":"2019-11-29T22:06:12","date_gmt":"2019-11-29T22:06:12","guid":{"rendered":"https:\/\/redsemlac.com\/semmexico\/?p=14598"},"modified":"2023-07-21T15:14:57","modified_gmt":"2023-07-21T20:14:57","slug":"37-9-millones-de-personas-en-el-mundo-padecen-sida","status":"publish","type":"post","link":"https:\/\/redsemlac.com\/semmexico\/37-9-millones-de-personas-en-el-mundo-padecen-sida\/","title":{"rendered":"37.9 millones de personas en el mundo padecen SIDA"},"content":{"rendered":"\n<p class=\"wp-block-paragraph\"><strong>Redacci\u00f3n<\/strong><\/p>\n\n\n\n<p class=\"wp-block-paragraph\">SemM\u00e9xico\/Vor\u00e1gine. Ciudad de M\u00e9xico, 29 de noviembre 2019.\u2013 Hasta 2018, en el mundo 37.9 millones de personas viv\u00edan con sida y 21.7 estaban infectadas con el virus de la inmunodeficiencia humana (VIH) y bajo tratamiento. Apenas el a\u00f1o pasado se registraron 1.7 millones de nuevas infecciones por VIH, afirm\u00f3 Noris Pav\u00eda Ruz, de la Facultad de Medicina (FM) de la UNAM.<\/p>\n\n\n\n<p class=\"wp-block-paragraph\">En conferencia de prensa a prop\u00f3sito del D\u00eda Mundial de la Lucha contra el Sida, que se conmemora el pr\u00f3ximo primero de diciembre, inform\u00f3 que de acuerdo con el\u00a0Programa Conjunto de las Naciones Unidas sobre el VIH\/sida\u00a0(UNAIDS), 79 por ciento de las personas infectadas conocen su diagn\u00f3stico; de ellas, 78 por ciento tiene acceso a tratamiento y 86 por ciento tiene supresi\u00f3n viral.<\/p>\n\n\n\n<p class=\"wp-block-paragraph\">Las muertes asociadas a esta enfermedad han disminuido a nivel global: de 1.7 millones de fallecimientos en 2004, a 1.2 millones en 2010, y 770 mil en 2018, detall\u00f3.<\/p>\n\n\n\n<p class=\"wp-block-paragraph\">Por su parte, Roberto V\u00e1zquez Campuzano, tambi\u00e9n acad\u00e9mico de la FM, destac\u00f3 que actualmente se cuenta con varios m\u00e9todos diagn\u00f3sticos, y con s\u00f3lo dos de ellos se puede confirmar la enfermedad.<\/p>\n\n\n\n<p class=\"wp-block-paragraph\">Destac\u00f3 las pruebas r\u00e1pidas (inmunocromatograf\u00eda) y ELISA, aunque hay otras suplementarias como el Western blot y de carga viral.<\/p>\n\n\n\n<p class=\"wp-block-paragraph\">\u201cHoy el periodo de ventana para detectar el VIH ha pasado de seis meses a 21 d\u00edas, en los que se pueden detectar \u00e1cidos nucleicos, anticuerpos y ant\u00edgeno p24\u201d, expuso.<\/p>\n\n\n\n<p class=\"wp-block-paragraph\"><strong>Casos en M\u00e9xico<\/strong><\/p>\n\n\n\n<p class=\"wp-block-paragraph\">Respecto a la epidemiolog\u00eda en M\u00e9xico, V\u00e1zquez subray\u00f3 que hasta el segundo trimestre de 2019 hab\u00eda 207 mil 369 casos reportados acumulados (de 1985 a 2019). En 2018 se registraron 17 mil 130 casos, seg\u00fan el Consejo Nacional para Prevenci\u00f3n y Control del Sida&nbsp;(CONASIDA).<\/p>\n\n\n\n<p class=\"wp-block-paragraph\">Esa misma fuente indica que de 1983 a 2019, el 78.1 por ciento de los casos notificados son de hombres y 21.9 por ciento de mujeres.<\/p>\n\n\n\n<p class=\"wp-block-paragraph\">Pav\u00eda Ruz resalt\u00f3 que en M\u00e9xico s\u00f3lo 56 por ciento de las mujeres embarazadas tienen una prueba de VIH durante el embarazo, por lo que siguen naciendo ni\u00f1os infectados con el virus, especialmente en el centro y sureste del pa\u00eds.<\/p>\n\n\n\n<p class=\"wp-block-paragraph\">\u201cCada a\u00f1o nacen entre 70 y 80 ni\u00f1os con la infecci\u00f3n; nos falta trabajar m\u00e1s en la prevenci\u00f3n y educaci\u00f3n para que todas las embarazadas se haga la prueba\u201d.<\/p>\n\n\n\n<p class=\"wp-block-paragraph\">Dos mil 757 ni\u00f1os de cero a 19 a\u00f1os tuvieron tratamiento de antirretrovirales en la Secretar\u00eda de Salud en 2017. \u201cEl grupo con m\u00e1s crecimiento de casos es el de adolescentes y j\u00f3venes, que contin\u00faan pr\u00e1cticas sexuales sin protecci\u00f3n\u201d, alert\u00f3 la experta.<\/p>\n\n\n\n<p class=\"wp-block-paragraph\"><strong>Investigaci\u00f3n en la UNAM<\/strong><\/p>\n\n\n\n<p class=\"wp-block-paragraph\">V\u00e1zquez detall\u00f3 que en la UNAM se hacen varias investigaciones al respecto, y como resultado de ello se gener\u00f3 patente para proteger el h\u00edgado de pacientes con VIH.<\/p>\n\n\n\n<p class=\"wp-block-paragraph\">Tambi\u00e9n se trabaja en el \u00e1mbito social para la prevenci\u00f3n en adolescentes y adultos j\u00f3venes, y se estudia el contagio en mujeres, que est\u00e1 en ascenso.<\/p>\n\n\n\n<p class=\"wp-block-paragraph\"><strong>D\u00eda Mundial de la Lucha contra el Sida<\/strong><\/p>\n\n\n\n<p class=\"wp-block-paragraph\">El D\u00eda Mundial de la Lucha contra el Sida se conmemora el 1 de diciembre de cada a\u00f1o y se dedica a dar a conocer los avances contra la pandemia de VIH\/sida.<\/p>\n\n\n\n<p class=\"wp-block-paragraph\">El lema de este 2019 es \u201cLas comunidades marcan la diferencia\u201d, pues es en ellas donde se integran los educadores, las redes de personas que viven con VIH, los asesores, trabajadores sanitarios, proveedores de servicios, las organizaciones de la sociedad civil y activistas populares.<\/p>\n\n\n\n<p class=\"wp-block-paragraph\">SEM\/Vor\u00e1gine<\/p>\n","protected":false},"excerpt":{"rendered":"<p>El D\u00eda Mundial de la Lucha contra el Sida se conmemora el 1 de diciembre de cada a\u00f1o y se dedica a dar a conocer los avances contra la pandemia de VIH\/sida.<\/p>\n","protected":false},"author":3,"featured_media":14599,"comment_status":"open","ping_status":"open","sticky":false,"template":"","format":"standard","meta":{"_monsterinsights_skip_tracking":false,"footnotes":""},"categories":[690,56],"tags":[],"class_list":["post-14598","post","type-post","status-publish","format-standard","has-post-thumbnail","category-690","category-redes"],"_links":{"self":[{"href":"https:\/\/redsemlac.com\/semmexico\/wp-json\/wp\/v2\/posts\/14598","targetHints":{"allow":["GET"]}}],"collection":[{"href":"https:\/\/redsemlac.com\/semmexico\/wp-json\/wp\/v2\/posts"}],"about":[{"href":"https:\/\/redsemlac.com\/semmexico\/wp-json\/wp\/v2\/types\/post"}],"author":[{"embeddable":true,"href":"https:\/\/redsemlac.com\/semmexico\/wp-json\/wp\/v2\/users\/3"}],"replies":[{"embeddable":true,"href":"https:\/\/redsemlac.com\/semmexico\/wp-json\/wp\/v2\/comments?post=14598"}],"version-history":[{"count":0,"href":"https:\/\/redsemlac.com\/semmexico\/wp-json\/wp\/v2\/posts\/14598\/revisions"}],"wp:featuredmedia":[{"embeddable":true,"href":"https:\/\/redsemlac.com\/semmexico\/wp-json\/wp\/v2\/media\/14599"}],"wp:attachment":[{"href":"https:\/\/redsemlac.com\/semmexico\/wp-json\/wp\/v2\/media?parent=14598"}],"wp:term":[{"taxonomy":"category","embeddable":true,"href":"https:\/\/redsemlac.com\/semmexico\/wp-json\/wp\/v2\/categories?post=14598"},{"taxonomy":"post_tag","embeddable":true,"href":"https:\/\/redsemlac.com\/semmexico\/wp-json\/wp\/v2\/tags?post=14598"}],"curies":[{"name":"wp","href":"https:\/\/api.w.org\/{rel}","templated":true}]}}