{"id":14555,"date":"2019-11-28T22:53:07","date_gmt":"2019-11-28T22:53:07","guid":{"rendered":"https:\/\/redsemlac.com\/semmexico\/?p=14555"},"modified":"2023-07-21T15:14:59","modified_gmt":"2023-07-21T20:14:59","slug":"aprueban-reformas-para-lograr-la-paridad-en-cargos-publicos-o-de-eleccion-popular","status":"publish","type":"post","link":"https:\/\/redsemlac.com\/semmexico\/aprueban-reformas-para-lograr-la-paridad-en-cargos-publicos-o-de-eleccion-popular\/","title":{"rendered":"Aprueban reformas para lograr la paridad en cargos p\u00fablicos o de elecci\u00f3n popular"},"content":{"rendered":"\n<ul class=\"wp-block-list\"><li><strong>Se reforma la Ley General para la\nIgualdad entre Mujeres y Hombres<\/strong><\/li><li><strong>Cumple con los acuerdos\ninternacionales <\/strong><\/li><\/ul>\n\n\n\n<p class=\"wp-block-paragraph\"><strong>Lorena Vaniezcot<\/strong><\/p>\n\n\n\n<p class=\"wp-block-paragraph\">SemM\u00e9xico,\nCd. de M\u00e9xico, 28 noviembre 2019.- Para armonizar el concepto de representaci\u00f3n\nequilibrada y que la pol\u00edtica nacional oriente parte de sus metas y acciones,\ncon el objetivo de lograr la paridad en cargos p\u00fablicos o de elecci\u00f3n popular,\nla diputaci\u00f3n federal aprob\u00f3 el dictamen que reforma la Ley General para la\nIgualdad entre Mujeres y Hombres.<\/p>\n\n\n\n<p class=\"wp-block-paragraph\">El documento,\navalado por 402 votos a favor, modifica la denominaci\u00f3n del cap\u00edtulo tercero,\nlos art\u00edculos 17, fracci\u00f3n III, 35 y 36 de la mencionada ley, e incluye la\npalabra \u201cparidad\u201d como parte de las reformas constitucionales en la materia.<\/p>\n\n\n\n<p class=\"wp-block-paragraph\">Tambi\u00e9n busca\nque a las mujeres se les reconozca en las designaciones de cargos donde se\ntoman decisiones, abatir la violencia institucional que se vive en las diferentes\ndependencias gubernamentales, y se fortalezca el andamiaje jur\u00eddico que evite\nla revictimizaci\u00f3n. Se mand\u00f3 al Senado de la Rep\u00fablica para sus efectos\nconstitucionales.<\/p>\n\n\n\n<p class=\"wp-block-paragraph\">Al\nfundamentar el dictamen, la secretaria de la Comisi\u00f3n de Igualdad de G\u00e9nero, diputada\nVer\u00f3nica Mar\u00eda Sobrado Rodr\u00edguez (PAN), expres\u00f3 que esta reforma tiene como\nprop\u00f3sito armonizar el marco legal con la reciente reforma constitucional en\nmateria de paridad de g\u00e9nero.<\/p>\n\n\n\n<figure class=\"wp-block-embed-youtube wp-block-embed is-type-video is-provider-youtube wp-embed-aspect-16-9 wp-has-aspect-ratio\"><div class=\"wp-block-embed__wrapper\">\n<iframe loading=\"lazy\" title=\"Dip. Ver\u00f3nica Sobrado - PAN - Ley General para la Igualdad entre Mujeres y Hombres\" width=\"696\" height=\"392\" src=\"https:\/\/www.youtube.com\/embed\/AYbiiCGwec8?feature=oembed&#038;enablejsapi=1\" frameborder=\"0\" allow=\"accelerometer; autoplay; clipboard-write; encrypted-media; gyroscope; picture-in-picture; web-share\" referrerpolicy=\"strict-origin-when-cross-origin\" allowfullscreen><\/iframe>\n<\/div><\/figure>\n\n\n\n<p class=\"wp-block-paragraph\">Establece la\nparticipaci\u00f3n y representaci\u00f3n pol\u00edtica paritaria entre mujeres y hombres en la\ntoma de decisiones pol\u00edticas y socio-econ\u00f3micas, en los cargos de elecci\u00f3n\npopular, en las estructuras de los partidos pol\u00edticos, en los altos cargos\np\u00fablicos y en los procesos de selecci\u00f3n, contrataci\u00f3n y ascensos en el Servicio\nCivil de Carrera de los poderes Ejecutivo, Legislativo y Judicial.<\/p>\n\n\n\n<p class=\"wp-block-paragraph\">Con el\ndictamen, agreg\u00f3, se podr\u00e1 cumplir con los acuerdos internacionales para lograr\nla paridad en cargos de representaci\u00f3n o de servidores p\u00fablicos. \u201cEn la\nLegislatura de la Paridad de G\u00e9nero, tengan la certeza de que en la comisi\u00f3n\nestamos trabajando de manera plural y comprometida para avanzar en el\nreconocimiento y respeto de todos los derechos de las mujeres del pa\u00eds\u201d.<\/p>\n\n\n\n<p class=\"wp-block-paragraph\">Para\nfundamentar tambi\u00e9n, la diputada de Morena, Beatriz Rojas Mart\u00ednez, secretaria\nde la Comisi\u00f3n de Igualdad de G\u00e9nero, dijo estar a favor del documento que\narmoniza la ley con la reforma constitucional, estableciendo la representaci\u00f3n\nparitaria en el \u00e1mbito del poder y la toma de decisiones pol\u00edticas.<\/p>\n\n\n\n<figure class=\"wp-block-embed-youtube wp-block-embed is-type-video is-provider-youtube wp-embed-aspect-16-9 wp-has-aspect-ratio\"><div class=\"wp-block-embed__wrapper\">\n<iframe loading=\"lazy\" title=\"Dip. Beatriz Rojas - Morena - Ley General para la Igualdad entre Mujeres y Hombres\" width=\"696\" height=\"392\" src=\"https:\/\/www.youtube.com\/embed\/cHsK33PX-Z8?feature=oembed&#038;enablejsapi=1\" frameborder=\"0\" allow=\"accelerometer; autoplay; clipboard-write; encrypted-media; gyroscope; picture-in-picture; web-share\" referrerpolicy=\"strict-origin-when-cross-origin\" allowfullscreen><\/iframe>\n<\/div><\/figure>\n\n\n\n<p class=\"wp-block-paragraph\">Celebr\u00f3 que\nse d\u00e9 un paso m\u00e1s en el cumplimiento de lo que establece la Convenci\u00f3n sobre la\nEliminaci\u00f3n de todas las Formas de Discriminaci\u00f3n contra la Mujer (CEDAW), que\nreconoce que para lograr la plena igualdad entre el hombre y la mujer es\nnecesario modificar el papel tradicional de ambos en la sociedad y en la\nfamilia.<\/p>\n\n\n\n<p class=\"wp-block-paragraph\">Para\nmodificar este papel tradicional, a\u00f1adi\u00f3, es indispensable erradicar los\nestereotipos de g\u00e9nero que crean un imaginario colectivo sobre qu\u00e9 funci\u00f3n\ndeben desempe\u00f1ar los hombres y las mujeres. \u201cSin mujeres no hay democracia\u201d,\nasever\u00f3.<\/p>\n\n\n\n<figure class=\"wp-block-embed-youtube wp-block-embed is-type-video is-provider-youtube wp-embed-aspect-16-9 wp-has-aspect-ratio\"><div class=\"wp-block-embed__wrapper\">\n<iframe loading=\"lazy\" title=\"Dip. Fabiola  Loya - MC - Ley General para la Igualdad entre Mujeres y Hombres\" width=\"696\" height=\"392\" src=\"https:\/\/www.youtube.com\/embed\/6jBDPz7kb4Y?feature=oembed&#038;enablejsapi=1\" frameborder=\"0\" allow=\"accelerometer; autoplay; clipboard-write; encrypted-media; gyroscope; picture-in-picture; web-share\" referrerpolicy=\"strict-origin-when-cross-origin\" allowfullscreen><\/iframe>\n<\/div><\/figure>\n\n\n\n<p class=\"wp-block-paragraph\">La promovente\nde la iniciativa, diputada Fabiola Loya Hern\u00e1ndez (MC) afirm\u00f3 que el prop\u00f3sito\nes armonizar el concepto de representaci\u00f3n equilibrada, con la finalidad de\nlograr la paridad en los cargos p\u00fablicos o de elecci\u00f3n popular como uno de los\nprincipales objetivos de la pol\u00edtica nacional en materia de igualdad.<\/p>\n\n\n\n<p class=\"wp-block-paragraph\">SEM\/lv\/sj<\/p>\n","protected":false},"excerpt":{"rendered":"<p>Cumple con los acuerdos internacionales <\/p>\n","protected":false},"author":3,"featured_media":14556,"comment_status":"open","ping_status":"open","sticky":false,"template":"","format":"standard","meta":{"_monsterinsights_skip_tracking":false,"footnotes":""},"categories":[690,50],"tags":[],"class_list":["post-14555","post","type-post","status-publish","format-standard","has-post-thumbnail","category-690","category-congreso"],"_links":{"self":[{"href":"https:\/\/redsemlac.com\/semmexico\/wp-json\/wp\/v2\/posts\/14555","targetHints":{"allow":["GET"]}}],"collection":[{"href":"https:\/\/redsemlac.com\/semmexico\/wp-json\/wp\/v2\/posts"}],"about":[{"href":"https:\/\/redsemlac.com\/semmexico\/wp-json\/wp\/v2\/types\/post"}],"author":[{"embeddable":true,"href":"https:\/\/redsemlac.com\/semmexico\/wp-json\/wp\/v2\/users\/3"}],"replies":[{"embeddable":true,"href":"https:\/\/redsemlac.com\/semmexico\/wp-json\/wp\/v2\/comments?post=14555"}],"version-history":[{"count":0,"href":"https:\/\/redsemlac.com\/semmexico\/wp-json\/wp\/v2\/posts\/14555\/revisions"}],"wp:featuredmedia":[{"embeddable":true,"href":"https:\/\/redsemlac.com\/semmexico\/wp-json\/wp\/v2\/media\/14556"}],"wp:attachment":[{"href":"https:\/\/redsemlac.com\/semmexico\/wp-json\/wp\/v2\/media?parent=14555"}],"wp:term":[{"taxonomy":"category","embeddable":true,"href":"https:\/\/redsemlac.com\/semmexico\/wp-json\/wp\/v2\/categories?post=14555"},{"taxonomy":"post_tag","embeddable":true,"href":"https:\/\/redsemlac.com\/semmexico\/wp-json\/wp\/v2\/tags?post=14555"}],"curies":[{"name":"wp","href":"https:\/\/api.w.org\/{rel}","templated":true}]}}