{"id":14500,"date":"2019-11-27T23:23:29","date_gmt":"2019-11-27T23:23:29","guid":{"rendered":"https:\/\/redsemlac.com\/semmexico\/?p=14500"},"modified":"2023-07-21T15:15:01","modified_gmt":"2023-07-21T20:15:01","slug":"en-el-combate-a-la-violencia-contra-las-mujeres-cero-impunidades-monica-fernandez-balboa","status":"publish","type":"post","link":"https:\/\/redsemlac.com\/semmexico\/en-el-combate-a-la-violencia-contra-las-mujeres-cero-impunidades-monica-fernandez-balboa\/","title":{"rendered":"En el combate a la violencia contra las mujeres, cero impunidades: M\u00f3nica Fern\u00e1ndez Balboa"},"content":{"rendered":"\n<ul class=\"wp-block-list\"><li><strong>Instalan Protocolo en el Senado<\/strong><\/li><\/ul>\n\n\n\n<p class=\"wp-block-paragraph\"><strong>Elda Montiel<\/strong><\/p>\n\n\n\n<p class=\"wp-block-paragraph\">SemM\u00e9xico. Cd. de M\u00e9xico. 24 de noviembre de 2019.- El Senado de la Rep\u00fablica est\u00e1 mandando un mensaje claro de cero impunidades y la relevancia en la restituci\u00f3n de los derechos de las v\u00edctimas, para erradicar todo tipo de violencia contra las mujeres al establecer el \u201cProtocolo para la Prevenci\u00f3n, Atenci\u00f3n y Sanci\u00f3n de la Violencia de G\u00e9nero al Interior del Senado\u201d.<\/p>\n\n\n\n<p class=\"wp-block-paragraph\">La presidenta de la Mesa Directiva, M\u00f3nica Fern\u00e1ndez Balboa, precis\u00f3 que implica tambi\u00e9n establecer un claro proceso de sanci\u00f3n, por lo que se ha estipulado que la Contralor\u00eda Interna lleve a cabo procesos claros y con la debida diligencia ponderado el principio de m\u00e1xima protecci\u00f3n a las personas que presenten alguna queja o denuncia por la violencia de g\u00e9nero ejercida.<\/p>\n\n\n\n<p class=\"wp-block-paragraph\">El protocolo establece un primer contacto integral a las personas incluyendo a instancias externas al Senado, en caso de ser necesario.<\/p>\n\n\n\n<p class=\"wp-block-paragraph\">Asegur\u00f3 que, en el Senado de la Rep\u00fablica, los y las legisladoras est\u00e1n comprometidas con la erradicaci\u00f3n de todo tipo de violencias f\u00edsica, verbal, econ\u00f3mica, pol\u00edticas, psicol\u00f3gica.<\/p>\n\n\n\n<p class=\"wp-block-paragraph\">&nbsp;\u201cNo descansaremos hasta garantizar que todas las personas que colaboramos en este espacio legislativo nos sintamos seguras, libres de toda violencia y discriminaci\u00f3n en un espacio de solidaridad, compa\u00f1erismo y respeto mutuo\u201d, dijo.<\/p>\n\n\n\n<p class=\"wp-block-paragraph\">Y agreg\u00f3 que \u201cen un estado verdaderamente democr\u00e1tico, el dialogo, el respeto a la integridad del otro, basado en leyes en el reconocimiento universal de los derechos humanos es lo \u00fanico que puede acabar con el espiral de violencia entre g\u00e9neros.<\/p>\n\n\n\n<p class=\"wp-block-paragraph\">En la LXIV Legislatura que ha sido llamada la Legislatura de la Paridad de G\u00e9nero porque casi el 50% de sus integrantes somos mujeres, como tales estamos obligadas a dar resultados que beneficien a las y los ciudadanos, estamos trabajando en ello.<\/p>\n\n\n\n<p class=\"wp-block-paragraph\">Estamos uniendo esfuerzos, uniendo nuestras agendas para erradicar la violencia contra las mujeres en todos los espacios, senadoras y senadores, en el transcurso de la Legislatura hemos presentado 97 iniciativas, y 68 puntos de acuerdo que buscan combatir las diversas manifestaciones de violencia en contra de las ni\u00f1as y de las mujeres.&nbsp;<\/p>\n\n\n\n<p class=\"wp-block-paragraph\">Como C\u00e1mara de origen hemos aprobado la reforma en la carta magna para considerar el feminicidio como delito grave y hemos aprobado tambi\u00e9n varias reformas para incorporar el principio de paridad de g\u00e9nero en la Constituci\u00f3n.<\/p>\n\n\n\n<p class=\"wp-block-paragraph\">Implica mayor incorporaci\u00f3n de mujeres en los espacios p\u00fablicos y de toma de decisi\u00f3n, las reformas que hemos llevado al C\u00f3digo Civil Federal y a la Ley General de Acceso a las Mujeres a una Vida Libre de Violencia ha buscado robustecer mecanismos de protecci\u00f3n al prohibir el matrimonio infantil, garantizar los derechos de las mujeres con discapacidad.<\/p>\n\n\n\n<p class=\"wp-block-paragraph\">Al mismo tiempo hemos aprobado instrumentos internacionales en materia de erradicaci\u00f3n de la violencia contra las mujeres y estamos comprometidas y comprometidos con impulsar un cambio cultural por medio de foros de parlamento abierto, cursos de capacitaci\u00f3n sobre igualdad, no violencia, lenguaje incluyente, adem\u00e1s de acciones en los reconocimientos a las mujeres, como la medalla Belisario Dom\u00ednguez, y el reconocimiento Elvia Carrillo Puerto, como no se hab\u00eda hecho antes.<\/p>\n\n\n\n<p class=\"wp-block-paragraph\">Constituye un honor pertenecer a esta legislatura y una gran responsabilidad, pero al mismo tiempo surgen mayores obst\u00e1culos que buscan restringir la participaci\u00f3n de las mujeres como la violencia pol\u00edtica, y por ello al interior de los congresos, hemos dise\u00f1ado instrumentos como el Protocolo para atender dichas violencias.<\/p>\n\n\n\n<p class=\"wp-block-paragraph\">La instalaci\u00f3n del Protocolo se llev\u00f3 a cabo en el marco de la&nbsp;campa\u00f1a internacional anual que empieza el 25 de noviembre, D\u00eda Internacional de la Eliminaci\u00f3n de la Violencia contra la Mujer, y concluye el 10 de diciembre, el D\u00eda de los Derechos Humanos, y que tambi\u00e9n se denomina 16 D\u00edas de Activismo contra la violencia de g\u00e9nero.<\/p>\n\n\n\n<p class=\"wp-block-paragraph\">La explicaci\u00f3n a detalle del Protocolo la realiz\u00f3 Sulma Eunice Campos Mata, titular de la Unidad T\u00e9cnica para la Igualdad de G\u00e9nero del Senado.<\/p>\n\n\n\n<p class=\"wp-block-paragraph\">La ceremonia se realiz\u00f3 en la Casona de Xicot\u00e9ncatl, antigua sede del Senado, y se cont\u00f3 con la presencia de las y los legisladores miembros de la\u00a0Mesa Directiva.<\/p>\n","protected":false},"excerpt":{"rendered":"<p>Instalan Protocolo en el Senado<\/p>\n","protected":false},"author":3,"featured_media":14501,"comment_status":"open","ping_status":"open","sticky":false,"template":"","format":"standard","meta":{"_monsterinsights_skip_tracking":false,"footnotes":""},"categories":[690,50],"tags":[],"class_list":["post-14500","post","type-post","status-publish","format-standard","has-post-thumbnail","category-690","category-congreso"],"_links":{"self":[{"href":"https:\/\/redsemlac.com\/semmexico\/wp-json\/wp\/v2\/posts\/14500","targetHints":{"allow":["GET"]}}],"collection":[{"href":"https:\/\/redsemlac.com\/semmexico\/wp-json\/wp\/v2\/posts"}],"about":[{"href":"https:\/\/redsemlac.com\/semmexico\/wp-json\/wp\/v2\/types\/post"}],"author":[{"embeddable":true,"href":"https:\/\/redsemlac.com\/semmexico\/wp-json\/wp\/v2\/users\/3"}],"replies":[{"embeddable":true,"href":"https:\/\/redsemlac.com\/semmexico\/wp-json\/wp\/v2\/comments?post=14500"}],"version-history":[{"count":0,"href":"https:\/\/redsemlac.com\/semmexico\/wp-json\/wp\/v2\/posts\/14500\/revisions"}],"wp:featuredmedia":[{"embeddable":true,"href":"https:\/\/redsemlac.com\/semmexico\/wp-json\/wp\/v2\/media\/14501"}],"wp:attachment":[{"href":"https:\/\/redsemlac.com\/semmexico\/wp-json\/wp\/v2\/media?parent=14500"}],"wp:term":[{"taxonomy":"category","embeddable":true,"href":"https:\/\/redsemlac.com\/semmexico\/wp-json\/wp\/v2\/categories?post=14500"},{"taxonomy":"post_tag","embeddable":true,"href":"https:\/\/redsemlac.com\/semmexico\/wp-json\/wp\/v2\/tags?post=14500"}],"curies":[{"name":"wp","href":"https:\/\/api.w.org\/{rel}","templated":true}]}}