{"id":14496,"date":"2019-11-27T21:33:24","date_gmt":"2019-11-27T21:33:24","guid":{"rendered":"https:\/\/redsemlac.com\/semmexico\/?p=14496"},"modified":"2023-07-21T15:15:01","modified_gmt":"2023-07-21T20:15:01","slug":"sumara-mc-resolucion-de-scjn-a-4-mil-amparos-de-estancias-infantiles","status":"publish","type":"post","link":"https:\/\/redsemlac.com\/semmexico\/sumara-mc-resolucion-de-scjn-a-4-mil-amparos-de-estancias-infantiles\/","title":{"rendered":"Sumar\u00e1 MC resoluci\u00f3n de SCJN a 4 mil amparos de estancias infantiles"},"content":{"rendered":"\n<ul class=\"wp-block-list\"><li><strong>Se trata de un juicio ganado contra un recorte a un programa de Chiapas<\/strong>.<\/li><\/ul>\n\n\n\n<p class=\"wp-block-paragraph\"><strong>Redacci\u00f3n<\/strong><\/p>\n\n\n\n<p class=\"wp-block-paragraph\">&nbsp;SemM\u00e9xico. Ciudad de\nM\u00e9xico. 27 de noviembre 2019.- Movimiento Ciudadano sumar\u00e1 la resoluci\u00f3n de la\nSuprema Corte a favor de los ni\u00f1os de Chiapas a los 4 mil amparos de las\nestancias infantiles presentados en el pa\u00eds.<\/p>\n\n\n\n<p class=\"wp-block-paragraph\">Y es que el senador Samuel Garc\u00eda Sep\u00falveda revel\u00f3 que el\namparo 115-2019, a cargo del ministro Juan Luis Gonz\u00e1lez Alc\u00e1ntara, es un caso\nid\u00e9ntico que aplicar\u00e1 al de estancias infantiles. El ministro resolvi\u00f3 la\nsemana pasada que la protecci\u00f3n al derecho humano a la educaci\u00f3n debe siempre\nextenderse y nunca violar el principio de progresividad.<\/p>\n\n\n\n<p class=\"wp-block-paragraph\">\u00a0\u201cEsta resoluci\u00f3n, que su antecedente es un grupo de ni\u00f1os, de beb\u00e9s, del estado de Chiapas, acudieron v\u00eda amparo a pedir que no se les quitara el apoyo, que no se les quitara un programa que les daba educaci\u00f3n inicial desde el nacimiento hasta la primaria\u201d, afirm\u00f3 Garc\u00eda Sep\u00falveda.<\/p>\n\n\n\n<p class=\"wp-block-paragraph\">&nbsp;\u201cEl d\u00eda de hoy vamos\na acompa\u00f1ar a todos los juicios de amparo que tenemos presentados, este\nprecedente que orienta y vincula a los jueces de distrito para que, en el caso\nde Chiapas, como en todas las guarder\u00edas del pa\u00eds, de todas las estancias\ninfantiles, al ser centros educativos de educaci\u00f3n temprana, se les ampare a\ntodas a regresar al esquema original\u201d, dijo.<\/p>\n\n\n\n<p class=\"wp-block-paragraph\">El legislador confi\u00f3 que, a trav\u00e9s de este precedente,\nfinalmente los amparos de estancias infantiles se ganen en los tribunales y el\nbeneficio se restablezca a las 330 mil familias afectadas con la desaparici\u00f3n\ndel programa.<\/p>\n\n\n\n<p class=\"wp-block-paragraph\">&nbsp;\u201cTenemos que obligar\nal Gobierno de la 4T, que el derecho humano a la educaci\u00f3n, desde la etapa\ninicial, nunca puede ser disminuido o menoscabado, es decir, este gobierno no\npuede quitarle a los beb\u00e9s y a los ni\u00f1os las estancias, alegando que ahora se\nle va a dar el dinero al pap\u00e1 o a la mam\u00e1, porque ya la Suprema Corte resolvi\u00f3\nque el derecho humano a la educaci\u00f3n nunca puede ir en retroceso de los ni\u00f1os,\ny tiene que el Estado a obligarse a siempre ser progresista y dar el r\u00e9gimen\nm\u00e1s amplio\u201d.<\/p>\n\n\n\n<p class=\"wp-block-paragraph\">\u201cPor eso creemos que este precedente, es muy importante para que muy pr\u00f3ximamente, todos los amparos de las estancias, m\u00e1s de 4 mil, se ganen en la Rep\u00fablica y puedan las 330 mil familias recuperar este programa de estancias infantiles\u201d, dijo.<\/p>\n\n\n\n<p class=\"wp-block-paragraph\">SEM\/IL<\/p>\n\n\n\n<p class=\"wp-block-paragraph\"><\/p>\n\n\n","protected":false},"excerpt":{"rendered":"<p>Se trata de un juicio ganado contra un recorte a un programa de Chiapas.<\/p>\n","protected":false},"author":3,"featured_media":14498,"comment_status":"open","ping_status":"open","sticky":false,"template":"","format":"standard","meta":{"_monsterinsights_skip_tracking":false,"footnotes":""},"categories":[690,50],"tags":[],"class_list":["post-14496","post","type-post","status-publish","format-standard","has-post-thumbnail","category-690","category-congreso"],"_links":{"self":[{"href":"https:\/\/redsemlac.com\/semmexico\/wp-json\/wp\/v2\/posts\/14496","targetHints":{"allow":["GET"]}}],"collection":[{"href":"https:\/\/redsemlac.com\/semmexico\/wp-json\/wp\/v2\/posts"}],"about":[{"href":"https:\/\/redsemlac.com\/semmexico\/wp-json\/wp\/v2\/types\/post"}],"author":[{"embeddable":true,"href":"https:\/\/redsemlac.com\/semmexico\/wp-json\/wp\/v2\/users\/3"}],"replies":[{"embeddable":true,"href":"https:\/\/redsemlac.com\/semmexico\/wp-json\/wp\/v2\/comments?post=14496"}],"version-history":[{"count":0,"href":"https:\/\/redsemlac.com\/semmexico\/wp-json\/wp\/v2\/posts\/14496\/revisions"}],"wp:featuredmedia":[{"embeddable":true,"href":"https:\/\/redsemlac.com\/semmexico\/wp-json\/wp\/v2\/media\/14498"}],"wp:attachment":[{"href":"https:\/\/redsemlac.com\/semmexico\/wp-json\/wp\/v2\/media?parent=14496"}],"wp:term":[{"taxonomy":"category","embeddable":true,"href":"https:\/\/redsemlac.com\/semmexico\/wp-json\/wp\/v2\/categories?post=14496"},{"taxonomy":"post_tag","embeddable":true,"href":"https:\/\/redsemlac.com\/semmexico\/wp-json\/wp\/v2\/tags?post=14496"}],"curies":[{"name":"wp","href":"https:\/\/api.w.org\/{rel}","templated":true}]}}