{"id":14493,"date":"2019-11-27T21:04:06","date_gmt":"2019-11-27T21:04:06","guid":{"rendered":"https:\/\/redsemlac.com\/semmexico\/?p=14493"},"modified":"2023-07-21T15:15:01","modified_gmt":"2023-07-21T20:15:01","slug":"mujeres-que-piden-respeto-a-sus-derechos-no-deben-portarse-como-criminales-dice-rosario-piedra-sobre-marcha","status":"publish","type":"post","link":"https:\/\/redsemlac.com\/semmexico\/mujeres-que-piden-respeto-a-sus-derechos-no-deben-portarse-como-criminales-dice-rosario-piedra-sobre-marcha\/","title":{"rendered":"Mujeres que piden respeto a sus derechos no deben portarse como criminales, dice Rosario Piedra sobre marcha"},"content":{"rendered":"\n<ul class=\"wp-block-list\"><li><strong> La titular de la CNDH dijo que la violencia no debe ser un componente de las protestas aunque se hayan violado los derechos humanos de las personas. <\/strong><\/li><\/ul>\n\n\n\n<p class=\"wp-block-paragraph\">Por: Redacci\u00f3n\/ Animal Pol\u00edtico<\/p>\n\n\n\n<p class=\"wp-block-paragraph\">SemM\u00e9xico\/Animal Pol\u00edtico. Ciudad de M\u00e9xico. 27 de noviembre 2019.- La presidenta de la Comisi\u00f3n Nacional de Derechos Humanos, Rosario Piedra Ibarra, dijo que aunque los derechos humanos hayan sido violados, las personas que participan en protestas no deben actuar de manera violenta.<\/p>\n\n\n\n<p class=\"wp-block-paragraph\">\u201cNo podemos\u00a0comportarnos igual que un torturador, que un violador, que un asesino, nosotros, los que respetamos los derechos humanos y los que queremos que se nos respeten, tenemos que marcar esa diferencia\u201d, declar\u00f3 Piedra Ibarra con relaci\u00f3n a la marcha feminista del pasado lunes en la Ciudad de M\u00e9xico.\u00a0<\/p>\n\n\n\n<p class=\"wp-block-paragraph\">En entrevista para&nbsp;<em>W Radio,&nbsp;<\/em>la presidenta de la CNDH dijo que toda protesta debe ser respetada, pues as\u00ed est\u00e1 establecido en la Constituci\u00f3n \u201d pero&nbsp;lo que no est\u00e1 permitido son los actos vand\u00e1licos y la violencia\u201d.<\/p>\n\n\n\n<blockquote class=\"wp-block-quote is-layout-flow wp-block-quote-is-layout-flow\"><p>Sobre las manifestaciones feministas de d\u00edas pasados, esto es lo que nos dijo&nbsp;<a target=\"_blank\" href=\"https:\/\/twitter.com\/RosarioPiedraIb?ref_src=twsrc%5Etfw\" rel=\"noreferrer noopener\">@RosarioPiedraIb<\/a>, nueva titular de la&nbsp;<a target=\"_blank\" href=\"https:\/\/twitter.com\/CNDH?ref_src=twsrc%5Etfw\" rel=\"noreferrer noopener\">@CNDH<\/a>, hace unos minutos en&nbsp;<a target=\"_blank\" href=\"https:\/\/twitter.com\/asilascosasw?ref_src=twsrc%5Etfw\" rel=\"noreferrer noopener\">@asilascosasw<\/a>.<\/p><p>?&nbsp;<a target=\"_blank\" href=\"https:\/\/t.co\/tOAOj53aAi\" rel=\"noreferrer noopener\">pic.twitter.com\/tOAOj53aAi<\/a><\/p><p>\u2014 Gabriela Warkentin (@warkentin)&nbsp;<a target=\"_blank\" href=\"https:\/\/twitter.com\/warkentin\/status\/1199703906097479682?ref_src=twsrc%5Etfw\" rel=\"noreferrer noopener\">November 27, 2019<\/a><\/p><\/blockquote>\n\n\n\n<p class=\"wp-block-paragraph\"> Piedra Ibarra opin\u00f3 que la violencia en una protesta impulsada por los ciudadanos es innecesaria. <\/p>\n\n\n\n<p class=\"wp-block-paragraph\">\u201cYo sigo siendo activista y siempre cuidamos mucho el hacer protestas pacificas, a pesar de que se sufrimos una de las violaciones mas grandes de los derechos humanos que es la desaparici\u00f3n forzada, la tortura y la ejecuci\u00f3n de algunos compa\u00f1eros, pero siempre optamos por protestar de una manera pacifica\u201d, a\u00f1adi\u00f3.&nbsp;<\/p>\n\n\n\n<p class=\"wp-block-paragraph\">Rosario Piedra Ibarra ha recibido algunas cr\u00edticas desde que asumi\u00f3 la presidencia de la CNDH por las respuestas que ha dado a ciertos temas, como el de la violencia contra periodistas en M\u00e9xico, adem\u00e1s de las acusaciones del grupo opositor a Morena que denunci\u00f3 fraude en el proceso de su elecci\u00f3n.<\/p>\n\n\n\n<p class=\"wp-block-paragraph\"><em>Con informaci\u00f3n de W Radio.<\/em><\/p>\n","protected":false},"excerpt":{"rendered":"<p> La titular de la CNDH dijo que la violencia no debe ser un componente de las protestas aunque se hayan violado los derechos humanos de las personas. <\/p>\n","protected":false},"author":3,"featured_media":14494,"comment_status":"open","ping_status":"open","sticky":false,"template":"","format":"standard","meta":{"_monsterinsights_skip_tracking":false,"footnotes":""},"categories":[690,51],"tags":[],"class_list":["post-14493","post","type-post","status-publish","format-standard","has-post-thumbnail","category-690","category-ejecutivo"],"_links":{"self":[{"href":"https:\/\/redsemlac.com\/semmexico\/wp-json\/wp\/v2\/posts\/14493","targetHints":{"allow":["GET"]}}],"collection":[{"href":"https:\/\/redsemlac.com\/semmexico\/wp-json\/wp\/v2\/posts"}],"about":[{"href":"https:\/\/redsemlac.com\/semmexico\/wp-json\/wp\/v2\/types\/post"}],"author":[{"embeddable":true,"href":"https:\/\/redsemlac.com\/semmexico\/wp-json\/wp\/v2\/users\/3"}],"replies":[{"embeddable":true,"href":"https:\/\/redsemlac.com\/semmexico\/wp-json\/wp\/v2\/comments?post=14493"}],"version-history":[{"count":0,"href":"https:\/\/redsemlac.com\/semmexico\/wp-json\/wp\/v2\/posts\/14493\/revisions"}],"wp:featuredmedia":[{"embeddable":true,"href":"https:\/\/redsemlac.com\/semmexico\/wp-json\/wp\/v2\/media\/14494"}],"wp:attachment":[{"href":"https:\/\/redsemlac.com\/semmexico\/wp-json\/wp\/v2\/media?parent=14493"}],"wp:term":[{"taxonomy":"category","embeddable":true,"href":"https:\/\/redsemlac.com\/semmexico\/wp-json\/wp\/v2\/categories?post=14493"},{"taxonomy":"post_tag","embeddable":true,"href":"https:\/\/redsemlac.com\/semmexico\/wp-json\/wp\/v2\/tags?post=14493"}],"curies":[{"name":"wp","href":"https:\/\/api.w.org\/{rel}","templated":true}]}}