{"id":14490,"date":"2019-11-27T20:55:38","date_gmt":"2019-11-27T20:55:38","guid":{"rendered":"https:\/\/redsemlac.com\/semmexico\/?p=14490"},"modified":"2023-07-21T15:15:01","modified_gmt":"2023-07-21T20:15:01","slug":"exige-marea-verde-renuncia-de-fiscal-tambien-pide-la-salida-de-valeria-burgos","status":"publish","type":"post","link":"https:\/\/redsemlac.com\/semmexico\/exige-marea-verde-renuncia-de-fiscal-tambien-pide-la-salida-de-valeria-burgos\/","title":{"rendered":"Exige Marea Verde renuncia de Fiscal; tambi\u00e9n pide la salida de Valeria Burgos"},"content":{"rendered":"\n<ul class=\"wp-block-list\"><li><em><strong>Demandan la destituci\u00f3n del Fiscal de Delitos Sexuales y de Trata de Personas<\/strong><\/em><\/li><\/ul>\n\n\n\n<p class=\"wp-block-paragraph\"><strong>Laura Cruz<\/strong><\/p>\n\n\n\n<p class=\"wp-block-paragraph\">SemM\u00e9xico\/Luces del Siglo. CHETUMAL, Q. ROO. 27 de noviembre 2019.<strong>&#8211;<\/strong>\u00a0El colectivo Marea Verde y seis asociaciones civiles m\u00e1s exigieron la destituci\u00f3n inmediata de Guadalupe Reyes Pinz\u00f3n, actual fiscal de Delitos Sexuales y de Trata de Personas en el estado, quien ha sido se\u00f1alada por familiares de v\u00edctimas por entorpecer los procesos judiciales.<\/p>\n\n\n\n<p class=\"wp-block-paragraph\">A su vez, demandaron la destituci\u00f3n inmediata de Valeria Burgos Maldonado, directora general del Instituto de las Mujeres de Solidaridad, por no cumplir con el requisito establecido en el art\u00edculo 19 del Reglamento del Instituto de las Mujeres del municipio.<\/p>\n\n\n\n<p class=\"wp-block-paragraph\">\u201cPara ocupar el cargo de Directora General se deber\u00e1 contar con grado de estudios m\u00ednimo de nivel licenciatura, as\u00ed como una edad m\u00ednima de 30 a\u00f1os, siendo que la referida servidora p\u00fablica no cuenta con grado de licenciatura\u201d, se fundamenta en el texto.<\/p>\n\n\n\n<p class=\"wp-block-paragraph\">Esto, ante la emergencia nacional debido al alza de casos de violencia contra las mujeres y de g\u00e9nero y en el marco del D\u00eda Internacional de la Erradicaci\u00f3n de la Violencia Contra las Mujeres.<\/p>\n\n\n\n<p class=\"wp-block-paragraph\">Las activistas exigieron en un documento dirigido a los tres niveles de gobierno, una serie de acciones para garantizar una vida libre de violencia y respeto a los derechos humanos de las mujeres y ni\u00f1as.<\/p>\n\n\n\n<p class=\"wp-block-paragraph\">La misiva est\u00e1 dirigida al presidente Andr\u00e9s Manuel L\u00f3pez Obrador, al gobernador Carlos Joaqu\u00edn Gonz\u00e1lez, al fiscal general \u00d3scar Montes de Oca y al presidente de la Junta de Gobierno y Coordinaci\u00f3n Pol\u00edtica del Congreso del Estado, Edgar Gasca Arceo.<\/p>\n\n\n\n<p class=\"wp-block-paragraph\">Tambi\u00e9n al presidente de la Comisi\u00f3n de Derechos Humanos del Estado de Quintana Roo, Marco Antonio Toh Eu\u00e1n, as\u00ed como a la presidenta del municipio de Solidaridad, Laura Berist\u00e1in.<\/p>\n\n\n\n<p class=\"wp-block-paragraph\"><strong>Declaratoria de Alerta<\/strong><\/p>\n\n\n\n<p class=\"wp-block-paragraph\">Las activistas solicitaron efectuar acciones para lograr la ejecuci\u00f3n de las medidas espec\u00edficas de seguridad, prevenci\u00f3n y justicia que se se\u00f1alaron en la declaratoria de la Alerta de Violencia de G\u00e9nero contra las Mujeres.<\/p>\n\n\n\n<p class=\"wp-block-paragraph\">Pidieron garantizar a las mujeres y ni\u00f1as que se encuentran en Quintana Roo, el derecho a vivir una vida libre de violencia.<\/p>\n\n\n\n<p class=\"wp-block-paragraph\">El documento, que fundamentan con las cifras proporcionadas por el Instituto Nacional de Estad\u00edstica y Geograf\u00eda (Inegi), exigen que todos los delitos cometidos contra mujeres y ni\u00f1as en el estado sean investigados con la debida diligencia.<\/p>\n\n\n\n<p class=\"wp-block-paragraph\">A su vez, que en todos los asesinatos de mujeres cometidos en el estado se inicie la carpeta de investigaci\u00f3n por el delito de feminicidio.<\/p>\n\n\n\n<p class=\"wp-block-paragraph\">Las activistas solicitaron que las personas encargadas de las investigaciones cuenten con las competencias, habilidades y capacidades necesarias para realizar su labor con un enfoque de derechos humanos y perspectiva de g\u00e9nero.<\/p>\n\n\n\n<p class=\"wp-block-paragraph\">Pidieron hacer una revisi\u00f3n del grado acad\u00e9mico y los perfiles de las personas que est\u00e1n a cargo de los institutos municipales de la Mujer y otras encargadas de prevenir y erradicar la violencia contra las mujeres.<\/p>\n\n\n\n<p class=\"wp-block-paragraph\">Adem\u00e1s, respeto a la laicidad del Estado; asegurar el acceso a la educaci\u00f3n integral de la sexualidad de menores y adolescentes; proporcionar informaci\u00f3n sobre m\u00e9todos anticonceptivos.<\/p>\n\n\n\n<p class=\"wp-block-paragraph\">Asegurar la existencia y suficiencia de m\u00e9todos anticonceptivos gratuitos en las instancias del sector salud de la zona rural y urbana, as\u00ed como efectuar campa\u00f1as permanentes de informaci\u00f3n y detecci\u00f3n del Virus de Inmunodeficiencia Humana (VIH).<\/p>\n\n\n\n<p class=\"wp-block-paragraph\">SEM\/Luces del Siglo<\/p>\n","protected":false},"excerpt":{"rendered":"<p>Demandan la destituci\u00f3n del Fiscal de Delitos Sexuales y de Trata de Personas<\/p>\n","protected":false},"author":3,"featured_media":14491,"comment_status":"open","ping_status":"open","sticky":false,"template":"","format":"standard","meta":{"_monsterinsights_skip_tracking":false,"footnotes":""},"categories":[690,56],"tags":[],"class_list":["post-14490","post","type-post","status-publish","format-standard","has-post-thumbnail","category-690","category-redes"],"_links":{"self":[{"href":"https:\/\/redsemlac.com\/semmexico\/wp-json\/wp\/v2\/posts\/14490","targetHints":{"allow":["GET"]}}],"collection":[{"href":"https:\/\/redsemlac.com\/semmexico\/wp-json\/wp\/v2\/posts"}],"about":[{"href":"https:\/\/redsemlac.com\/semmexico\/wp-json\/wp\/v2\/types\/post"}],"author":[{"embeddable":true,"href":"https:\/\/redsemlac.com\/semmexico\/wp-json\/wp\/v2\/users\/3"}],"replies":[{"embeddable":true,"href":"https:\/\/redsemlac.com\/semmexico\/wp-json\/wp\/v2\/comments?post=14490"}],"version-history":[{"count":0,"href":"https:\/\/redsemlac.com\/semmexico\/wp-json\/wp\/v2\/posts\/14490\/revisions"}],"wp:featuredmedia":[{"embeddable":true,"href":"https:\/\/redsemlac.com\/semmexico\/wp-json\/wp\/v2\/media\/14491"}],"wp:attachment":[{"href":"https:\/\/redsemlac.com\/semmexico\/wp-json\/wp\/v2\/media?parent=14490"}],"wp:term":[{"taxonomy":"category","embeddable":true,"href":"https:\/\/redsemlac.com\/semmexico\/wp-json\/wp\/v2\/categories?post=14490"},{"taxonomy":"post_tag","embeddable":true,"href":"https:\/\/redsemlac.com\/semmexico\/wp-json\/wp\/v2\/tags?post=14490"}],"curies":[{"name":"wp","href":"https:\/\/api.w.org\/{rel}","templated":true}]}}