{"id":14485,"date":"2019-11-27T20:42:42","date_gmt":"2019-11-27T20:42:42","guid":{"rendered":"https:\/\/redsemlac.com\/semmexico\/?p=14485"},"modified":"2023-07-21T15:15:01","modified_gmt":"2023-07-21T20:15:01","slug":"yucatan-8","status":"publish","type":"post","link":"https:\/\/redsemlac.com\/semmexico\/yucatan-8\/","title":{"rendered":"Mujeres detenidas el #25N en Yucat\u00e1n denuncian violaci\u00f3n a sus derechos por parte de la polic\u00eda"},"content":{"rendered":"\n<p class=\"wp-block-paragraph\"><strong>Lorena Castellanos Rinc\u00f3n<\/strong><\/p>\n\n\n\n<p class=\"wp-block-paragraph\">SemM\u00e9xico. M\u00e9rida, Yucat\u00e1n; 27 de noviembre de 2019.- Las mujeres que fueron detenidas de manera arbitraria por elementos de la Polic\u00eda Estatal de Yucat\u00e1n en el marco de la marcha del #25N, lanzaron un comunicado denunciando abusos, agresiones y violaciones a los derechos humanos que sufrieron por parte de los uniformados.&nbsp;<\/p>\n\n\n\n<p class=\"wp-block-paragraph\">El documento que comenz\u00f3 a circular en redes sociales la noche de este martes relata que desde las 17:40 horas, el grupo de 11 mujeres que caminaba por la calle 58 A del Centro Hist\u00f3rico de M\u00e9rida (a un costado de la iglesia de Santa Ana), fueron rodeadas por cuatro patrullas y cerca de 30 elementos de la Secretar\u00eda de Seguridad P\u00fablica (SSP), raz\u00f3n por la cual decidieron resguardarse en el negocio de impresiones Quick Digital, donde \u201ccomenz\u00f3 el abuso y represi\u00f3n\u201d.<\/p>\n\n\n\n<p class=\"wp-block-paragraph\">De acuerdo con el relato, al ingresar al establecimiento, las afectadas comenzaron a grabar mediante Facebook Live lo sucedido, poniendo resistencia y exponiendo en voz alta y ante los uniformados que no estaban cometiendo ning\u00fan delito y que estos no contaban con ninguna orden judicial para detenerlas, palabras a las que hicieron caso omiso, pues continuaban amotin\u00e1ndose afuera del local.<\/p>\n\n\n\n<p class=\"wp-block-paragraph\">\u201cEso no les import\u00f3 para arrebatarnos nuestras pertenencias (mochilas, carteras y celulares) ante ello pusimos resistencia&nbsp; exigimos una explicaci\u00f3n por hacer uso excesivo de la fuerza con la intenci\u00f3n de arrestarnos.&nbsp;<\/p>\n\n\n\n<p class=\"wp-block-paragraph\">\u201cLas personas que se encontraban en el lugar intentaron defendernos ante la actitud prepotente de los oficiales, pero fue en vano, ya que arrestaron a 7 de nosotras de manera arbitraria&nbsp; violenta con golpes, torceduras y tocamientos a nuestras partes \u00edntimas\u201d, aseguran.&nbsp;<\/p>\n\n\n\n<ul class=\"wp-block-gallery columns-2 is-cropped wp-block-gallery-1 is-layout-flex wp-block-gallery-is-layout-flex\"><li class=\"blocks-gallery-item\"><figure><img decoding=\"async\" src=\"https:\/\/redsemlac.com\/semmexico\/wp-content\/uploads\/2019\/11\/LORE-1-873x1024.jpg\" alt=\"\" data-id=\"14486\" data-link=\"https:\/\/redsemlac.com\/semmexico\/?attachment_id=14486\" class=\"wp-image-14486\"\/><\/figure><\/li><li class=\"blocks-gallery-item\"><figure><img decoding=\"async\" src=\"https:\/\/redsemlac.com\/semmexico\/wp-content\/uploads\/2019\/11\/LORE-2-1024x1018.jpg\" alt=\"\" data-id=\"14487\" data-link=\"https:\/\/redsemlac.com\/semmexico\/?attachment_id=14487\" class=\"wp-image-14487\"\/><\/figure><\/li><\/ul>\n\n\n\n<p class=\"wp-block-paragraph\">A estos actos de violencia, se sumaron los intentos de los oficiales por evitar se grabados tanto por las j\u00f3venes como por los testigos que documentaban con sus celulares las agresiones verbales y f\u00edsicas a las que sometieron a las j\u00f3venes.&nbsp;<\/p>\n\n\n\n<p class=\"wp-block-paragraph\">&nbsp;\u201cNos obligaron a proporcionar nuestras contrase\u00f1as de celulares y entraron a revisar nuestros perfiles en redes sociales\u201d.<\/p>\n\n\n\n<p class=\"wp-block-paragraph\">Destacaron que los oficiales mantuvieron en \u201ccalidad de desaparecidas\u201d a las j\u00f3venes detenidas, quienes estuvieron incomunicadas durante ese lapso, adem\u00e1s de que fueron torturadas por sus captores, quienes \u201ccometieron infinidad de violaciones a los derechos humanos\u201d, as\u00ed como a los protocolos de detenci\u00f3n.&nbsp;<\/p>\n\n\n\n<p class=\"wp-block-paragraph\">A pesar de tener documentados los hechos, los elementos negaron en repetida ocasiones que las\n j\u00f3venes no estaban detenidas. Horas despu\u00e9s fueron liberadas, debido al apoyo que recibieron de organismos civiles, as\u00ed como de sus amigas y familiares.&nbsp;<\/p>\n\n\n\n<p class=\"wp-block-paragraph\">En el comunicado, las involucradas reprueban abiertamente la violencia s\u00edfica, verbal y sexual  que sufrieron las siete detenidas, quienes desde la \u201cinjusta detenci\u00f3n sufrieron represi\u00f3n y abuso\u201d. Destacaron que algunas de ellas eran menores de edad, mientras que otras tuvieron afectaciones de salud por todo lo sucedido.<\/p>\n\n\n\n<p class=\"wp-block-paragraph\">Adem\u00e1s de repudiar las acciones de la SSP y la omisi\u00f3n del Estado, las mujeres firmantes se\u00f1alaron la criminalizaci\u00f3n que un d\u00eda antes realiz\u00f3 el medio local de noticias Telesur en sus redes sociales, as\u00ed como a otros medios que tacharon de amarillistas por promover el odio no solo hacia las mujeres, sino tambi\u00e9n la xenofobia, ya que en sus notas se\u00f1alaron que la mayor\u00eda de ellas no son originarias de Yucat\u00e1n.&nbsp;<\/p>\n\n\n\n<p class=\"wp-block-paragraph\">\u201cEs indignante que los medios comprados por el Estado mientan, oculten y minimicen que las yucatecas tambi\u00e9n tenemos participaci\u00f3n activa. No callaremos ante sus amenazas e intimidaciones, hacemos responsable al Estado de cualquier incidente que nos pueda suceder, ya que al d\u00eda de hoy intentan hackear nuestras cuentas y con patrullas afuera de las casas de\n algunas compa\u00f1eras\u201d.<\/p>\n\n\n\n<p class=\"wp-block-paragraph\">El comunicado finaliza esclareciendo que cada una de las afectadas tomar\u00e1 la decisi\u00f3n de interponer  o no una denuncia legal ante tales hechos.<\/p>\n\n\n\n<p class=\"wp-block-paragraph\">&nbsp;\u201cM\u00e9rida no es blanca ni segura para las ni\u00f1as y mujeres. M\u00e9rida es mis\u00f3gina, sus leyes benefician a pederastas y asesinos\u201d, concluye el comunicado firmado por las <strong>Mujeres  Feministas V\u00edctimas del 25N<\/strong>.<\/p>\n","protected":false},"excerpt":{"rendered":"<p>Denuncian abusos, agresiones y violaciones a los derechos humanos que sufrieron por parte de los uniformados. <\/p>\n","protected":false},"author":3,"featured_media":14488,"comment_status":"open","ping_status":"open","sticky":false,"template":"","format":"standard","meta":{"_monsterinsights_skip_tracking":false,"footnotes":""},"categories":[690,54],"tags":[],"class_list":["post-14485","post","type-post","status-publish","format-standard","has-post-thumbnail","category-690","category-mujeres"],"_links":{"self":[{"href":"https:\/\/redsemlac.com\/semmexico\/wp-json\/wp\/v2\/posts\/14485","targetHints":{"allow":["GET"]}}],"collection":[{"href":"https:\/\/redsemlac.com\/semmexico\/wp-json\/wp\/v2\/posts"}],"about":[{"href":"https:\/\/redsemlac.com\/semmexico\/wp-json\/wp\/v2\/types\/post"}],"author":[{"embeddable":true,"href":"https:\/\/redsemlac.com\/semmexico\/wp-json\/wp\/v2\/users\/3"}],"replies":[{"embeddable":true,"href":"https:\/\/redsemlac.com\/semmexico\/wp-json\/wp\/v2\/comments?post=14485"}],"version-history":[{"count":0,"href":"https:\/\/redsemlac.com\/semmexico\/wp-json\/wp\/v2\/posts\/14485\/revisions"}],"wp:featuredmedia":[{"embeddable":true,"href":"https:\/\/redsemlac.com\/semmexico\/wp-json\/wp\/v2\/media\/14488"}],"wp:attachment":[{"href":"https:\/\/redsemlac.com\/semmexico\/wp-json\/wp\/v2\/media?parent=14485"}],"wp:term":[{"taxonomy":"category","embeddable":true,"href":"https:\/\/redsemlac.com\/semmexico\/wp-json\/wp\/v2\/categories?post=14485"},{"taxonomy":"post_tag","embeddable":true,"href":"https:\/\/redsemlac.com\/semmexico\/wp-json\/wp\/v2\/tags?post=14485"}],"curies":[{"name":"wp","href":"https:\/\/api.w.org\/{rel}","templated":true}]}}