{"id":14482,"date":"2019-11-27T20:38:16","date_gmt":"2019-11-27T20:38:16","guid":{"rendered":"https:\/\/redsemlac.com\/semmexico\/?p=14482"},"modified":"2023-07-21T15:15:01","modified_gmt":"2023-07-21T20:15:01","slug":"en-america-latina-y-el-caribe-las-mujeres-son-quienes-mas-sufren-por-malnutricion","status":"publish","type":"post","link":"https:\/\/redsemlac.com\/semmexico\/en-america-latina-y-el-caribe-las-mujeres-son-quienes-mas-sufren-por-malnutricion\/","title":{"rendered":"En Am\u00e9rica Latina y el Caribe, las mujeres son quienes m\u00e1s sufren por malnutrici\u00f3n"},"content":{"rendered":"\n<p class=\"wp-block-paragraph\"><strong>Redacci\u00f3n<\/strong><\/p>\n\n\n\n<p class=\"wp-block-paragraph\">SemM\u00e9xico. Cd. de M\u00e9xico. 27 de noviembre de 2019.- En Am\u00e9rica Latina y el Caribe 28% de las mujeres adultas padecen obesidad, frente al 20% de los varones, una diferencia de ocho puntos porcentuales, seg\u00fan datos del m\u00e1s reciente informe de Naciones Unidas, el Panorama de la Seguridad Alimentaria y Nutricional en Am\u00e9rica Latina y el Caribe 2019.<\/p>\n\n\n\n<p class=\"wp-block-paragraph\">En la otra cara de la moneda, 69 millones de mujeres adultas sufren inseguridad alimentaria moderada o grave, en comparaci\u00f3n con 55 millones de hombres.<\/p>\n\n\n\n<p class=\"wp-block-paragraph\">Es por ello que, para lograr la reducci\u00f3n de todas las formas de malnutrici\u00f3n, se necesita adoptar una visi\u00f3n y una estrategia de g\u00e9nero que permita establecer y promover pol\u00edticas adecuadas y acciones concretas que enfrenten las causas de esta realidad.<\/p>\n\n\n\n<p class=\"wp-block-paragraph\">\u201cEn varios pa\u00edses de la regi\u00f3n las mujeres experimentan la coexistencia de la desnutrici\u00f3n y al mismo tiempo el sobrepeso y obesidad con consecuencias directas en la prevalencia de enfermedades no transmisibles relacionadas a la dieta. Es necesario entender mejor la relaci\u00f3n entre el funcionamiento de los actuales sistemas alimentarios y c\u00f3mo influyen estos en los mayores niveles de malnutrici\u00f3n en ni\u00f1as, j\u00f3venes y adultas\u201d, expuso Ricardo Rapallo, Oficial de Seguridad Alimentaria de la Organizaci\u00f3n de las Naciones Unidas para la Alimentaci\u00f3n y la Agricultura (FAO) para Am\u00e9rica Latina y el Caribe durante la inauguraci\u00f3n de la Consulta.<\/p>\n\n\n\n<p class=\"wp-block-paragraph\">El evento realizado por la FAO en conjunto con el Instituto Nacional de Salud P\u00fablica de M\u00e9xico (INSP) y el Instituto Internacional de Investigaci\u00f3n sobre Pol\u00edticas Alimentarias (IFPRI), busca identificar una agenda de trabajo que incluya opciones de pol\u00edtica en el sistema alimentario que puedan contribuir a reducir la brecha de g\u00e9nero en relaci\u00f3n a los indicadores de sobrepeso y obesidad en la regi\u00f3n.<\/p>\n\n\n\n<p class=\"wp-block-paragraph\">Para Guadalupe Valdez, Embajadora Especial Hambre Cero de FAO para Am\u00e9rica Latina y el Caribe, las pol\u00edticas p\u00fablicas que se deben impulsar para reducir la brecha de g\u00e9nero en el tema de malnutrici\u00f3n deben estar orientadas al tema de presupuesto, donde se debe abordar el tema de manera multisectorial.<\/p>\n\n\n\n<p class=\"wp-block-paragraph\">\u201cUn tema fundamental es el de la educaci\u00f3n a todos los niveles, desde la primera infancia, para ir generando cambios culturales, cambios de visi\u00f3n y de los roles que deben jugar hombres y mujeres en cuanto el tema culinario y gastron\u00f3mico en nuestras sociedades\u201d, expuso la exdiputada Dominicana.<\/p>\n\n\n\n<p class=\"wp-block-paragraph\">\u201cEsperamos recoger las recomendaciones y estrategias concretas para compartir con formuladores de pol\u00edticas en los pa\u00edses dirigidas a la reducci\u00f3n del sobrepeso y la obesidad con un profundo enfoque de g\u00e9nero\u201d, afirm\u00f3 por su parte Claudia Brito, Oficial de G\u00e9nero de FAO para Am\u00e9rica Latina y el Caribe.<\/p>\n\n\n\n<p class=\"wp-block-paragraph\">En la Consulta participaron expertos del Centro internacional de Investigaci\u00f3n para el Desarrollo y el Instituto Nacional de Alimentaci\u00f3n de Uruguay; el Ministerio de Desarrollo Social de Chile, la Universidad de Barcelona; el Centro de Investigaci\u00f3n en Pol\u00edticas y Programas de Nutrici\u00f3n, el Centro Nacional de Programas Preventivos y Control de Enfermedades, el Centro de Investigaci\u00f3n en Salud Poblacional, el Instituto Nacional de las Mujeres y la Secretar\u00eda de Salud de M\u00e9xico; Universidad Cat\u00f3lica de Argentina; la Consejer\u00eda Presidencial para la Ni\u00f1ez y Adolescencia de Colombia, la Facultad de Ciencias de la Nutrici\u00f3n y los Alimentos de la Universidad CES de Colombia; Consumer Good Forum y CIAT Harvest Plus, por parte de sociedad civil; as\u00ed como otras agencias de las Naciones Unidas como Banco Mundial y ONU Mujeres.<\/p>\n\n\n\n<p class=\"wp-block-paragraph\">SEM\/GR<br><\/p>\n","protected":false},"excerpt":{"rendered":"<p>En Am\u00e9rica Latina y el Caribe 28% de las mujeres adultas padecen obesidad, frente al 20% de los varones<\/p>\n","protected":false},"author":3,"featured_media":14483,"comment_status":"open","ping_status":"open","sticky":false,"template":"","format":"standard","meta":{"_monsterinsights_skip_tracking":false,"footnotes":""},"categories":[690,53],"tags":[],"class_list":["post-14482","post","type-post","status-publish","format-standard","has-post-thumbnail","category-690","category-internacional"],"_links":{"self":[{"href":"https:\/\/redsemlac.com\/semmexico\/wp-json\/wp\/v2\/posts\/14482","targetHints":{"allow":["GET"]}}],"collection":[{"href":"https:\/\/redsemlac.com\/semmexico\/wp-json\/wp\/v2\/posts"}],"about":[{"href":"https:\/\/redsemlac.com\/semmexico\/wp-json\/wp\/v2\/types\/post"}],"author":[{"embeddable":true,"href":"https:\/\/redsemlac.com\/semmexico\/wp-json\/wp\/v2\/users\/3"}],"replies":[{"embeddable":true,"href":"https:\/\/redsemlac.com\/semmexico\/wp-json\/wp\/v2\/comments?post=14482"}],"version-history":[{"count":0,"href":"https:\/\/redsemlac.com\/semmexico\/wp-json\/wp\/v2\/posts\/14482\/revisions"}],"wp:featuredmedia":[{"embeddable":true,"href":"https:\/\/redsemlac.com\/semmexico\/wp-json\/wp\/v2\/media\/14483"}],"wp:attachment":[{"href":"https:\/\/redsemlac.com\/semmexico\/wp-json\/wp\/v2\/media?parent=14482"}],"wp:term":[{"taxonomy":"category","embeddable":true,"href":"https:\/\/redsemlac.com\/semmexico\/wp-json\/wp\/v2\/categories?post=14482"},{"taxonomy":"post_tag","embeddable":true,"href":"https:\/\/redsemlac.com\/semmexico\/wp-json\/wp\/v2\/tags?post=14482"}],"curies":[{"name":"wp","href":"https:\/\/api.w.org\/{rel}","templated":true}]}}