{"id":14479,"date":"2019-11-27T20:28:28","date_gmt":"2019-11-27T20:28:28","guid":{"rendered":"https:\/\/redsemlac.com\/semmexico\/?p=14479"},"modified":"2023-07-21T15:15:01","modified_gmt":"2023-07-21T20:15:01","slug":"mujer-y-poder-34","status":"publish","type":"post","link":"https:\/\/redsemlac.com\/semmexico\/mujer-y-poder-34\/","title":{"rendered":"Mujer y Poder"},"content":{"rendered":"\n<h2 class=\"wp-block-heading\">Violento d\u00eda\u2026\u00a1 el D\u00eda en contra de la Violencia!<\/h2>\n\n\n\n<p class=\"wp-block-paragraph\"><strong>Natalia Vidales Rodr\u00edguez<\/strong><\/p>\n\n\n\n<p class=\"wp-block-paragraph\">SemM\u00e9xico. Sonora. 27d e noviembre de 2019.- El&nbsp;&nbsp;lunes&nbsp;&nbsp;pasado fue el&nbsp;D\u00eda Internacional de la Eliminaci\u00f3n de la Violencia contra la Mujer&nbsp;y, en aparente contradicci\u00f3n, en&nbsp;&nbsp;la CDMX&nbsp;&nbsp;se realizaron,&nbsp;&nbsp;durante la marcha para recordar las&nbsp;&nbsp;agresiones&nbsp;&nbsp;a los derechos&nbsp;&nbsp;(incluido el de la vida)&nbsp;&nbsp;y a&nbsp;&nbsp;las libertades de las mujeres,&nbsp;&nbsp;&nbsp;actos de violencia,&nbsp;&nbsp;disturbios y da\u00f1os.&nbsp;<\/p>\n\n\n\n<p class=\"wp-block-paragraph\">Al respecto, lo primero que habr\u00eda que aclarar es que esos d\u00edas no son celebraciones&nbsp;&nbsp;propiamente dichas, como&nbsp;&nbsp;por ejemplos&nbsp;&nbsp;las fechas patrias de la Independencia , de la Reforma o de la Revoluci\u00f3n;&nbsp;&nbsp;o como se festejan&nbsp;&nbsp;los cumplea\u00f1os,&nbsp;&nbsp;los aniversarios de bodas y&nbsp;&nbsp;dem\u00e1s felicidades. En este caso&nbsp;&nbsp;\u2013como en otros igual de indignos&#8211;&nbsp;&nbsp;&nbsp;se trata de manifestarse&nbsp;&nbsp;en contra de agresiones, desapariciones y muertes, y el pasado lunes,&nbsp;&nbsp;particularmente en contra de las mujeres.&nbsp;<br><\/p>\n\n\n\n<p class=\"wp-block-paragraph\">Se trata de un d\u00eda de reivindicaciones, de exigencia de Justicia y de esperanza en que, mediante la acci\u00f3n en conjunto y aprovechando una fecha especialmente establecida para hacerlo, pudiera lograrse la aparici\u00f3n de aquellas mujeres&nbsp;&nbsp;( as\u00ed&nbsp;&nbsp;ya sea solo de&nbsp;&nbsp;sus restos) de las que, de un d\u00eda para otro ya no se supo nada&nbsp;&nbsp;y, en general,&nbsp;&nbsp;de la erradicaci\u00f3n de la violencia de todo tipo y en toda clase de lugares&nbsp;&nbsp;( ancestral, por cierto) en perjuicio de la mujer: las agresiones f\u00edsicas, morales, econ\u00f3micas,&nbsp;&nbsp;en el hogar, en los centros de trabajo, en la v\u00eda p\u00fablica, etc\u00e9tera.<br><\/p>\n\n\n\n<p class=\"wp-block-paragraph\"><em>Si deseas la paz\u2026prep\u00e1rate para la guerra<\/em>, dec\u00eda el emperador romano Julio C\u00e9sar (dato cultural: la frase, en realidad es del estratega militar del imperio,&nbsp;&nbsp;Vegecio,&nbsp;&nbsp;en su Epitoma&nbsp;<em>Rei militaris<\/em>), refiri\u00e9ndose, obviamente, en que tal vez tengas que recurrir&nbsp;&nbsp;a la violencia&nbsp;&nbsp;&#8211;si el reclamo leg\u00edtimo&nbsp;&nbsp;no fue suficiente&#8211;&nbsp;&nbsp;para lograr que llegue la paz.&nbsp;&nbsp;Y no existe demanda m\u00e1s leg\u00edtima que dejar a las mujeres en paz (pero ya no invocando al \u201cpor el amor de Dios\u201d), sino reclamando el&nbsp;&nbsp;orden y&nbsp;&nbsp;la Justicia aqu\u00ed en la tierra.&nbsp;&nbsp;<br><\/p>\n\n\n\n<p class=\"wp-block-paragraph\">La condena a las pintas en monumentos p\u00fablicos (al Palacio de Bellas Artes y&nbsp;&nbsp;al Hemiciclo a Ju\u00e1rez, entre otros, defendidos sin violencia por parte de mujeres polic\u00edas que fueron agredidas por mujeres manifestantes,&nbsp;&nbsp;y que afortunadamente pudieron ser aseados y que no hubo lesionadas)&nbsp;&nbsp;y a los destrozos a comercios ( los m\u00e1s lamentables e injustos&nbsp;&nbsp;dado lo ajenos al conflicto), en realidad palidecen ante la indignaci\u00f3n por las cifras de feminicidios y de agresiones impunes&nbsp;&nbsp;a las mujeres en todo el pa\u00eds y durante tanto tiempo.&nbsp;<br><\/p>\n\n\n\n<p class=\"wp-block-paragraph\">Al parecer la indignaci\u00f3n brot\u00f3 precisamente por el n\u00famero de agentes que custodiaban muy celosos los monumentos y los comercios, al grito de que lo que deber\u00edan de garantizar era la seguridad p\u00fablica, pero en realidad&nbsp;&nbsp;la reacci\u00f3n no fue espont\u00e1nea, porque un grupo de alrededor de 50 activistas ( de entre m\u00e1s de tres mil marchantes pac\u00edficas)&nbsp;&nbsp;ya iban encapuchadas y&nbsp;&nbsp;preparadas con tubos para causar destrozos y aerosoles para las pintas.<br><\/p>\n\n\n\n<p class=\"wp-block-paragraph\">El reclamo tuvo &#8211;como en otras ocasiones&#8211;&nbsp;&nbsp;su momento de sarc\u00e1stica realidad: una reportera le pregunt\u00f3 a qui\u00e9n pintarrajeaba el hemiciclo porqu\u00e9 lo hac\u00eda,&nbsp;&nbsp;y le contest\u00f3 que eso le pasaba a Benito Ju\u00e1rez&nbsp;&nbsp;\u201cpor andar en la calle tan tarde\u201d ( en alusi\u00f3n a lo que se \u201cmerecen\u201d las mujeres por salir solas en la noche).&nbsp;<br><\/p>\n\n\n\n<p class=\"wp-block-paragraph\">Ciertamente que los da\u00f1os causados son reprobables, pero m\u00e1s cierto es que los feminicidios y las agresiones de todo tipo&nbsp;&nbsp;son incomparablemente peores,&nbsp;&nbsp;y que la marcha del pasado d\u00eda 25 fue una alerta de que las autoridades no est\u00e1n cumpliendo con su tarea elemental en materia de seguridad p\u00fablica, y mucho menos trat\u00e1ndose de la protecci\u00f3n a las mujeres,&nbsp;&nbsp;cuando despu\u00e9s de una agresi\u00f3n son revictimizadas en las barandillas de las polic\u00edas a donde acuden a denunciar los hechos.&nbsp;<br><\/p>\n\n\n\n<p class=\"wp-block-paragraph\">Y tampoco ayuda el acuerdo reci\u00e9n emitido por el Presidente L\u00f3pez Obrador en la v\u00edspera del evento, en que decret\u00f3&nbsp;&nbsp;que el machismo ya no existe en M\u00e9xico ( cuando lo primero que hizo al llegar al&nbsp;&nbsp;poder fue eliminar las Estancias Infantiles en perjuicio de las mujeres trabajadoras,&nbsp;&nbsp;y&nbsp;&nbsp;los refugios para&nbsp;&nbsp;mujeres agredidas).&nbsp;<br><\/p>\n\n\n\n<p class=\"wp-block-paragraph\">Dec\u00eda Ortega y Gasset que cuando los hombres echan a perder las cosas\u2026aparecen las mujeres para componerlas.<br><\/p>\n","protected":false},"excerpt":{"rendered":"<p>Violento d\u00eda\u2026\u00a1 el D\u00eda en contra de la Violencia!<\/p>\n","protected":false},"author":3,"featured_media":14480,"comment_status":"open","ping_status":"open","sticky":false,"template":"","format":"standard","meta":{"_monsterinsights_skip_tracking":false,"footnotes":""},"categories":[690,100,72],"tags":[],"class_list":["post-14479","post","type-post","status-publish","format-standard","has-post-thumbnail","category-690","category-mujer-y-poder","category-natalia-vidales"],"_links":{"self":[{"href":"https:\/\/redsemlac.com\/semmexico\/wp-json\/wp\/v2\/posts\/14479","targetHints":{"allow":["GET"]}}],"collection":[{"href":"https:\/\/redsemlac.com\/semmexico\/wp-json\/wp\/v2\/posts"}],"about":[{"href":"https:\/\/redsemlac.com\/semmexico\/wp-json\/wp\/v2\/types\/post"}],"author":[{"embeddable":true,"href":"https:\/\/redsemlac.com\/semmexico\/wp-json\/wp\/v2\/users\/3"}],"replies":[{"embeddable":true,"href":"https:\/\/redsemlac.com\/semmexico\/wp-json\/wp\/v2\/comments?post=14479"}],"version-history":[{"count":0,"href":"https:\/\/redsemlac.com\/semmexico\/wp-json\/wp\/v2\/posts\/14479\/revisions"}],"wp:featuredmedia":[{"embeddable":true,"href":"https:\/\/redsemlac.com\/semmexico\/wp-json\/wp\/v2\/media\/14480"}],"wp:attachment":[{"href":"https:\/\/redsemlac.com\/semmexico\/wp-json\/wp\/v2\/media?parent=14479"}],"wp:term":[{"taxonomy":"category","embeddable":true,"href":"https:\/\/redsemlac.com\/semmexico\/wp-json\/wp\/v2\/categories?post=14479"},{"taxonomy":"post_tag","embeddable":true,"href":"https:\/\/redsemlac.com\/semmexico\/wp-json\/wp\/v2\/tags?post=14479"}],"curies":[{"name":"wp","href":"https:\/\/api.w.org\/{rel}","templated":true}]}}