{"id":14476,"date":"2019-11-27T18:35:00","date_gmt":"2019-11-27T18:35:00","guid":{"rendered":"https:\/\/redsemlac.com\/semmexico\/?p=14476"},"modified":"2023-07-21T15:15:01","modified_gmt":"2023-07-21T20:15:01","slug":"mas-de-un-centenar-de-medios-de-comunicacion-y-plataformas-digitales-firman-el-pacto-por-la-eliminacion-de-la-violencia-contra-las-mujeres-y-las-ninas","status":"publish","type":"post","link":"https:\/\/redsemlac.com\/semmexico\/mas-de-un-centenar-de-medios-de-comunicacion-y-plataformas-digitales-firman-el-pacto-por-la-eliminacion-de-la-violencia-contra-las-mujeres-y-las-ninas\/","title":{"rendered":"M\u00e1s de un centenar de medios de comunicaci\u00f3n y plataformas digitales firman el Pacto por la Eliminaci\u00f3n de la Violencia contra las Mujeres y las Ni\u00f1as"},"content":{"rendered":"\n<p class=\"wp-block-paragraph\"><strong>Redacci\u00f3n<\/strong> <\/p>\n\n\n\n<p class=\"wp-block-paragraph\">SemM\u00e9xico. CD. de M\u00e9xico. 27 de noviembre de 2019.- Este martes 26 de noviembre de 2019, m\u00e1s de un centenar de medios de comunicaci\u00f3n y plataformas digitales en M\u00e9xico firmaron el Pacto por la Eliminaci\u00f3n de la Violencia contra las Mujeres y las Ni\u00f1as.<\/p>\n\n\n\n<p class=\"wp-block-paragraph\">Respondiendo al llamado de la Organizaci\u00f3n de las Naciones Unidas para la Educaci\u00f3n, la Ciencia y la Cultura (UNESCO), la Universidad Nacional Aut\u00f3noma de M\u00e9xico (UNAM) y la Alianza Global de Medios y G\u00e9nero (GAMAG), el Sistema P\u00fablico de Radiodifusi\u00f3n (SPR), que coordina a medios como el Instituto Mexicano de la Radio (IMER), Radio Educaci\u00f3n, Canal 11, Canal 14, Canal 21 y Canal 22; la Organizaci\u00f3n Editorial Mexicana (OEM), y la Asociaci\u00f3n Latinoamericana de Internet (ALAI), que agrupa, entre otras, a las plataformas digitales Facebook, Google y Twitter, firmaron el acuerdo.<\/p>\n\n\n\n<p class=\"wp-block-paragraph\">Se trata de un hecho sin precedente, pues por vez primera estos sectores, de la mano de UNESCO, UNAM y GAMAG, han identificado las acciones a desarrollar tanto al interior de sus estructuras como a trav\u00e9s de los contenidos que producen y\/o transmiten, a fin de contribuir a eliminar la violencia contra las mujeres y las ni\u00f1as e impulsar sociedades m\u00e1s justas e inclusivas.<\/p>\n\n\n\n<p class=\"wp-block-paragraph\">La ceremonia de presentaci\u00f3n del Pacto fue presidida por Alberto Vital, Coordinador de Humanidades de la UNAM; Guadalupe Valencia, Directora del Centro de Investigaciones Interdisciplinarias en Ciencias y Humanidades (CEIICH) de la UNAM; Aime\u00e9 Vega Montiel, Investigadora del CEIICH de la UNAM y Presidenta de la GAMAG, y por el Representante de la UNESCO en M\u00e9xico, Fr\u00e9d\u00e9ric Vacheron.<\/p>\n\n\n\n<p class=\"wp-block-paragraph\">El Pacto implica que los medios institucionalicen pr\u00e1cticas concretas en dos dimensiones: contenidos y estructura, para contribuir a eliminar la violencia contra las mujeres y las ni\u00f1as. Algunas de las acciones que llevar\u00e1n adelante, son: promover la erradicaci\u00f3n de estereotipos sexistas y de la apolog\u00eda de la violencia contra las mujeres en sus contenidos; impulsar mecanismos internos que promuevan espacios libres de violencia para las mujeres que forman parte de la planta laboral, protocolos de atenci\u00f3n a v\u00edctimas de violencia de g\u00e9nero y la participaci\u00f3n paritaria de las mujeres en todos los puestos.<\/p>\n\n\n\n<p class=\"wp-block-paragraph\">En una semana, cerca de 10 mil tipos y modalidades de violencia contra las mujeres son representados en los contenidos de radio y televisi\u00f3n, prensa escrita y revistas de mayor cobertura y consumo a nivel nacional, dijo la abogada Andrea Medina, quien ofreci\u00f3 una Conferencia Magistral para ejemplificar la dimensi\u00f3n del fen\u00f3meno que el Pacto aspira a revertir.<\/p>\n\n\n\n<p class=\"wp-block-paragraph\">Las plataformas digitales suscribieron, entre otros compromisos, el de promover que las usuarias tengan un mayor control de su experiencia en l\u00ednea mediante la difusi\u00f3n y comunicaci\u00f3n continua de los canales y medios disponibles en cada plataforma para el efectivo cumplimiento de sus reglas, normas de comunidad y t\u00e9rminos de servicio.<\/p>\n\n\n\n<p class=\"wp-block-paragraph\">Asimismo, en ocasi\u00f3n del 25 de Noviembre, D\u00eda Internacional de la Eliminaci\u00f3n de la Violencia Contra la Mujer, que marca el inicio de los 16 d\u00edas de activismo, estos medios producir\u00e1n contenidos y campa\u00f1as alusivas a esta conmemoraci\u00f3n.<\/p>\n\n\n\n<p class=\"wp-block-paragraph\">Por su parte, UNESCO, UNAM y GAMAG, acompa\u00f1ar\u00e1n con asesor\u00eda a los medios y a las plataformas en el desarrollo de estas acciones.<\/p>\n\n\n\n<p class=\"wp-block-paragraph\">A trav\u00e9s del Pacto, los medios estar\u00edan cumpliendo con los mandatos y recomendaciones que establece la normativa nacional e internacional, y que incluye instrumentos como CEDAW, Bel\u00e8m Do Par\u00e0, la Plataforma de Acci\u00f3n de Beijing, la Estrategia de Montevideo, as\u00ed como la Ley General de Acceso de las Mujeres a una Vida Libre de Violencia, la Ley General de Derechos de Ni\u00f1as, Ni\u00f1os y Adolescentes, la Ley Federal para Prevenir y Eliminar la Discriminaci\u00f3n, la Ley General de Igualdad entre Mujeres y Hombres, la Ley General para Prevenir, Sancionar y Erradicar los Delitos en Materia de Trata de Personas y para la Protecci\u00f3n y Asistencia a las V\u00edctimas de estos Delitos y la Ley Federal de Telecomunicaciones y Radiodifusi\u00f3n.<\/p>\n\n\n\n<p class=\"wp-block-paragraph\">Este es el punto de partida de un proceso al que se espera se sumen m\u00e1s medios de comunicaci\u00f3n en el pa\u00eds, pero la l\u00ednea de base ha resultado bastante amplia. Nacy Zambrano, representante de la OEM, explic\u00f3 la Organizaci\u00f3n tiene 4 mil 200 trabajadoras y trabajadores que diariamente editan 50 peri\u00f3dicos y 43 p\u00e1ginas web, y producen los contenidos de 23 estaciones de radio y un canal de televisi\u00f3n, mientras que el Sistema P\u00fablico de Radiodifusi\u00f3n del Estado Mexicano cuenta con 26 estaciones en 20 estados de la rep\u00fablica y tiene un 59.08 por ciento de cobertura nacional aproximadamente. El IMER cuenta con 21 emisoras y actualmente, el 45% de los puestos de mando est\u00e1 ocupado por mujeres, y 67 por ciento de ellas est\u00e1n en direcciones de \u00e1rea, dijo Aleida Calleja, Directora del IMER.<\/p>\n\n\n\n<p class=\"wp-block-paragraph\">En tanto, Sissi de la Pe\u00f1a, Directora de la ALAI, coment\u00f3 que las plataformas digitales est\u00e1n conscientes de que m\u00e1s del 66 por ciento de las mujeres mayores de 16 a\u00f1os han sufrido alg\u00fan tipo de acoso en l\u00ednea, por lo que su objetivo es promover medidas que atiendan esta problem\u00e1tica al tiempo de promover el empoderamiento de las mujeres.<\/p>\n\n\n\n<p class=\"wp-block-paragraph\">\u201cLa expectativa es que en muy poco tiempo se logre una transformaci\u00f3n significativa y estos medios establezcan un est\u00e1ndar que pueda convertirse en referente nacional e internacional\u201d, dijo la Presidenta de la GAMAG.<\/p>\n\n\n\n<p class=\"wp-block-paragraph\">En su oportunidad, Vacheron explic\u00f3 que el Pacto atiende directamente las Observaciones emitidas por el Comit\u00e9 de la Convenci\u00f3n sobre la Eliminaci\u00f3n de toda forma de Discriminaci\u00f3n contra la Mujer (CEDAW por sus siglas en ingl\u00e9s) al Estado mexicano, a partir de la examinaci\u00f3n de su 9\u00ba informe de cumplimiento, y destac\u00f3 la importancia de que en este caso sean los mismos medios quienes, al identificar la problem\u00e1tica, hayan decidido atenderla por decisi\u00f3n propia.<\/p>\n\n\n\n<p class=\"wp-block-paragraph\">\u201cEl impacto que puede tener una sola acci\u00f3n en una sola de las organizaciones que hoy suscriben este pacto es exponencial\u201d, dijo el Representante de la UNESCO en M\u00e9xico, quien a la vez hizo un llamado a la promoci\u00f3n de la igualdad de g\u00e9nero y la diversidad cultural como motor del desarrollo sostenible.<\/p>\n\n\n\n<p class=\"wp-block-paragraph\">SEM\/GR<\/p>\n","protected":false},"excerpt":{"rendered":"<p>Redacci\u00f3n SemM\u00e9xico. CD. de M\u00e9xico. 27 de noviembre de 2019.- Este martes 26 de noviembre de 2019, m\u00e1s de un centenar de medios de comunicaci\u00f3n y plataformas digitales en M\u00e9xico firmaron el Pacto por la Eliminaci\u00f3n de la Violencia contra las Mujeres y las Ni\u00f1as. Respondiendo al llamado de la Organizaci\u00f3n de las Naciones Unidas [&hellip;]<\/p>\n","protected":false},"author":3,"featured_media":14477,"comment_status":"open","ping_status":"open","sticky":false,"template":"","format":"standard","meta":{"_monsterinsights_skip_tracking":false,"footnotes":""},"categories":[690,55],"tags":[],"class_list":["post-14476","post","type-post","status-publish","format-standard","has-post-thumbnail","category-690","category-periodistas"],"_links":{"self":[{"href":"https:\/\/redsemlac.com\/semmexico\/wp-json\/wp\/v2\/posts\/14476","targetHints":{"allow":["GET"]}}],"collection":[{"href":"https:\/\/redsemlac.com\/semmexico\/wp-json\/wp\/v2\/posts"}],"about":[{"href":"https:\/\/redsemlac.com\/semmexico\/wp-json\/wp\/v2\/types\/post"}],"author":[{"embeddable":true,"href":"https:\/\/redsemlac.com\/semmexico\/wp-json\/wp\/v2\/users\/3"}],"replies":[{"embeddable":true,"href":"https:\/\/redsemlac.com\/semmexico\/wp-json\/wp\/v2\/comments?post=14476"}],"version-history":[{"count":0,"href":"https:\/\/redsemlac.com\/semmexico\/wp-json\/wp\/v2\/posts\/14476\/revisions"}],"wp:featuredmedia":[{"embeddable":true,"href":"https:\/\/redsemlac.com\/semmexico\/wp-json\/wp\/v2\/media\/14477"}],"wp:attachment":[{"href":"https:\/\/redsemlac.com\/semmexico\/wp-json\/wp\/v2\/media?parent=14476"}],"wp:term":[{"taxonomy":"category","embeddable":true,"href":"https:\/\/redsemlac.com\/semmexico\/wp-json\/wp\/v2\/categories?post=14476"},{"taxonomy":"post_tag","embeddable":true,"href":"https:\/\/redsemlac.com\/semmexico\/wp-json\/wp\/v2\/tags?post=14476"}],"curies":[{"name":"wp","href":"https:\/\/api.w.org\/{rel}","templated":true}]}}