{"id":14466,"date":"2019-11-27T18:03:40","date_gmt":"2019-11-27T18:03:40","guid":{"rendered":"https:\/\/redsemlac.com\/semmexico\/?p=14466"},"modified":"2023-07-21T15:15:02","modified_gmt":"2023-07-21T20:15:02","slug":"titulos-universitarios-con-perspectiva-de-genero","status":"publish","type":"post","link":"https:\/\/redsemlac.com\/semmexico\/titulos-universitarios-con-perspectiva-de-genero\/","title":{"rendered":"T\u00edtulos universitarios con perspectiva de g\u00e9nero"},"content":{"rendered":"\n<p class=\"wp-block-paragraph\"><strong>Josefina Aguilar Pastor<\/strong><\/p>\n\n\n\n<p class=\"wp-block-paragraph\">SemMexico. Chilpancingo, Guerrero, 27 de noviembre de 2019.- Olivia \u00c1lvarez Montalv\u00e1n, responsable de la Unidad de G\u00e9nero de la Universidad Aut\u00f3noma de Guerrero (UAGro), llam\u00f3 al Consejo Universitario, a aprobar la expedici\u00f3n de t\u00edtulos de pr\u00f3ximas egresadas con perspectiva de g\u00e9nero.<\/p>\n\n\n\n<p class=\"wp-block-paragraph\">Al dar la bienvenida a la conferencia&nbsp;\u201cEducaci\u00f3n Digital y Violencia Cibern\u00e9tica\u201d, disertada por Olimpia Coral Melo Cruz, impulsora de la llamada \u201cLey Olimpia\u201d,&nbsp;la funcionaria universitaria, se\u00f1al\u00f3 que la omisi\u00f3n tambi\u00e9n es violencia y lo que no se nombra, no existe, por lo que instig\u00f3 al Consejo Universitario, para que, en su pr\u00f3xima sesi\u00f3n, aprueben la expedici\u00f3n de t\u00edtulos con perspectiva de g\u00e9nero, en cumplimiento al compromiso contra\u00eddo por el rector Javier Salda\u00f1a el pasado 10 de octubre. Esta petici\u00f3n dijo \u00c1lvarez Montalv\u00e1n, est\u00e1 apoyada por m\u00e1s de 2 mil firmas de universitarias.<\/p>\n\n\n\n<p class=\"wp-block-paragraph\">Por otro lado, dio a conocer que ya cuentan con la propuesta del protocolo para la Prevenci\u00f3n, Atenci\u00f3n, Sanci\u00f3n y Erradicaci\u00f3n de la violencia de g\u00e9nero contra las mujeres de la Universidad Aut\u00f3noma de Guerrero, elaborado por Rosa Icela Ojeda Rivera, fundadora&nbsp;del Observatorio de Violencia contra Mujeres \u201cHanna Arendt\u201d, mismo que en pr\u00f3ximos d\u00edas tambi\u00e9n ser\u00e1 presentado ante el Consejo Universitario, adelant\u00f3 \u00c1lvarez Montalv\u00e1n.<\/p>\n\n\n\n<p class=\"wp-block-paragraph\">En tanto, el Coordinador General de Vinculaci\u00f3n y Cooperaci\u00f3n Fernando Ag\u00fcero Mancilla, asegur\u00f3 que la UAGro, se ha pronunciado a favor de la eliminaci\u00f3n de la violencia hacia las mujeres, exhortando a toda la estructura universitaria, priorice el respeto hacia la mujer, orientan a las familias a fortalecer los valores \u201cpara caminar juntos y poder erradicar esta grave situaci\u00f3n\u201d.<\/p>\n\n\n\n<p class=\"wp-block-paragraph\">Asegur\u00f3 que, en la UAGro, trabajan con acciones concretas a trav\u00e9s de la unidad de g\u00e9nero, para coadyuvar en la concientizaci\u00f3n del respeto al g\u00e9nero, meses atr\u00e1s refiri\u00f3, iniciaron la elaboraci\u00f3n de proyectos federales, entre ellos, el denominado \u201cPadres 2019\u201d, realizado con perspectiva de g\u00e9nero como una acci\u00f3n prioritaria de la instituci\u00f3n, mismo que fue aprobado, y han iniciado talleres dirigidos a ni\u00f1as y adolescentes de educaci\u00f3n b\u00e1sica en tres regiones del Estado.<\/p>\n\n\n\n<p class=\"wp-block-paragraph\">Con esta estrategia, instructoras universitarias, motivan a adolescentes de secundaria y ni\u00f1as del nivel primaria, a diferentes \u00e1reas del conocimiento de la ciencia, como parte de la coadyuvancia solidaria al g\u00e9nero, siendo apenas una parte de lo que la UAGro realiza en torno a la eliminaci\u00f3n de la violencia y el respeto a los derechos de la mujer, expuso Ag\u00fcero Mancilla.<br><\/p>\n","protected":false},"excerpt":{"rendered":"<p>Josefina Aguilar Pastor SemMexico. Chilpancingo, Guerrero, 27 de noviembre de 2019.- Olivia \u00c1lvarez Montalv\u00e1n, responsable de la Unidad de G\u00e9nero de la Universidad Aut\u00f3noma de Guerrero (UAGro), llam\u00f3 al Consejo Universitario, a aprobar la expedici\u00f3n de t\u00edtulos de pr\u00f3ximas egresadas con perspectiva de g\u00e9nero. Al dar la bienvenida a la conferencia&nbsp;\u201cEducaci\u00f3n Digital y Violencia Cibern\u00e9tica\u201d, [&hellip;]<\/p>\n","protected":false},"author":3,"featured_media":14467,"comment_status":"open","ping_status":"open","sticky":false,"template":"","format":"standard","meta":{"_monsterinsights_skip_tracking":false,"footnotes":""},"categories":[690,51],"tags":[],"class_list":["post-14466","post","type-post","status-publish","format-standard","has-post-thumbnail","category-690","category-ejecutivo"],"_links":{"self":[{"href":"https:\/\/redsemlac.com\/semmexico\/wp-json\/wp\/v2\/posts\/14466","targetHints":{"allow":["GET"]}}],"collection":[{"href":"https:\/\/redsemlac.com\/semmexico\/wp-json\/wp\/v2\/posts"}],"about":[{"href":"https:\/\/redsemlac.com\/semmexico\/wp-json\/wp\/v2\/types\/post"}],"author":[{"embeddable":true,"href":"https:\/\/redsemlac.com\/semmexico\/wp-json\/wp\/v2\/users\/3"}],"replies":[{"embeddable":true,"href":"https:\/\/redsemlac.com\/semmexico\/wp-json\/wp\/v2\/comments?post=14466"}],"version-history":[{"count":0,"href":"https:\/\/redsemlac.com\/semmexico\/wp-json\/wp\/v2\/posts\/14466\/revisions"}],"wp:featuredmedia":[{"embeddable":true,"href":"https:\/\/redsemlac.com\/semmexico\/wp-json\/wp\/v2\/media\/14467"}],"wp:attachment":[{"href":"https:\/\/redsemlac.com\/semmexico\/wp-json\/wp\/v2\/media?parent=14466"}],"wp:term":[{"taxonomy":"category","embeddable":true,"href":"https:\/\/redsemlac.com\/semmexico\/wp-json\/wp\/v2\/categories?post=14466"},{"taxonomy":"post_tag","embeddable":true,"href":"https:\/\/redsemlac.com\/semmexico\/wp-json\/wp\/v2\/tags?post=14466"}],"curies":[{"name":"wp","href":"https:\/\/api.w.org\/{rel}","templated":true}]}}