{"id":14455,"date":"2019-11-27T02:07:46","date_gmt":"2019-11-27T02:07:46","guid":{"rendered":"https:\/\/redsemlac.com\/semmexico\/?p=14455"},"modified":"2023-07-21T15:15:02","modified_gmt":"2023-07-21T20:15:02","slug":"iniciativa-del-senado-para-prohibir-castigo-corporal-infantil","status":"publish","type":"post","link":"https:\/\/redsemlac.com\/semmexico\/iniciativa-del-senado-para-prohibir-castigo-corporal-infantil\/","title":{"rendered":"Iniciativa del Senado para prohibir castigo corporal infantil"},"content":{"rendered":"\n<p class=\"wp-block-paragraph\"><strong>6 de cada 10 ni\u00f1os de 1 a 14 a\u00f1os han experimentado un castigo violento.&nbsp;<\/strong><\/p>\n\n\n\n<p class=\"wp-block-paragraph\">Elda Montiel&nbsp;<\/p>\n\n\n\n<p class=\"wp-block-paragraph\">SemM\u00e9xico. Cd. de M\u00e9xico. 26 de noviembre de 2019.- En M\u00e9xico seis de cada diez ni\u00f1as, ni\u00f1os y adolescentes, de entre 1 y 14 a\u00f1os, han experimentado alg\u00fan m\u00e9todo de disciplina violenta, por lo que el Senado de la Rep\u00fablica aprob\u00f3, por unanimidad, con 114 votos, prohibir el uso del castigo corporal como medida disciplinar a ni\u00f1as, ni\u00f1os y adolescentes.&nbsp;<\/p>\n\n\n\n<p class=\"wp-block-paragraph\">El dictamen que reforma la Ley General de los Derechos de Ni\u00f1as, Ni\u00f1os y Adolescentes, fue remitida a la C\u00e1mara de Diputados para sus efectos constitucionales.<\/p>\n\n\n\n<p class=\"wp-block-paragraph\">El castigo corporal es un fen\u00f3meno generalizado en Am\u00e9rica Latina y tiene un impacto directo en los \u00e1mbitos f\u00edsico, m\u00e9dico, psicol\u00f3gico y emocional de los menores de 18 a\u00f1os, que afecta a 176 millones de ni\u00f1as, ni\u00f1os y adolescentes, quienes a su vez lo replican en su cotidianidad.&nbsp;<\/p>\n\n\n\n<p class=\"wp-block-paragraph\">En nuestro pa\u00eds, \u00fanicamente la Ciudad de M\u00e9xico, Zacatecas y Chiapas proh\u00edben espec\u00edficamente el castigo corporal en sus leyes, mientras que Guanajuato y Chiapas lo proh\u00edben en sus c\u00f3digos penales. Mientras que 14 entidades contemplan excusas para lesionar a los descendientes.<\/p>\n\n\n\n<p class=\"wp-block-paragraph\">Los legisladores consideraron que es su responsabilidad asegurar una protecci\u00f3n especial a este sector de la poblaci\u00f3n contra el uso del castigo corporal en todos los entornos, familia, escuela, instituciones p\u00fablicas y privadas, centros de detenci\u00f3n y en comunidades.<\/p>\n\n\n\n<p class=\"wp-block-paragraph\">La presidenta de la Comisi\u00f3n de los Derechos de la Ni\u00f1ez y de la Adolescencia, Josefina V\u00e1zquez Mota, se\u00f1al\u00f3 que&nbsp;de acuerdo a la UNICEF la incidencia de ni\u00f1as que son asesinadas en sus casas es cuatro veces mayor que el de varones, y de acuerdo a los datos del Instituto Nacional de Estad\u00edstica y Geograf\u00eda, entre 2012 y 2017, fueron asesinados casi 2 mil 600 menores de 15 a\u00f1os, 42 % de ellos a manos de alg\u00fan familiar en sus hogares o por maltrato.<\/p>\n\n\n\n<p class=\"wp-block-paragraph\">Ana Lilia Rivera Rivera, presidenta de la Comisi\u00f3n de Estudios Legislativos, Segunda, expres\u00f3 que el objetivo de esta reforma es contribuir al cumplimiento de las obligaciones constitucionales y convencionales del Estado mexicano sobre los derechos de la ni\u00f1ez.<\/p>\n\n\n\n<p class=\"wp-block-paragraph\">Mientras la senadora de Morena, Nestora Salgado Garc\u00eda, record\u00f3 que la UNICEF hizo un llamado a los gobiernos que forman parte de ese organismo internacional para prohibir el castigo corporal en todas sus formas, toda vez que constituye un trato cruel inhumano y degradante, por lo que esta reforma permitir\u00e1 cumplir con esta recomendaci\u00f3n.&nbsp;&nbsp;<\/p>\n\n\n\n<p class=\"wp-block-paragraph\">El senador Miguel \u00c1ngel Lucero Olivas del PT reconoci\u00f3 que los castigos corporales para ni\u00f1as, ni\u00f1os y adolescentes son una herramienta que lamentablemente a\u00fan es usada en pleno siglo XXI.<\/p>\n\n\n\n<p class=\"wp-block-paragraph\">El senador Mart\u00ed Batres Guadarrama, de Morena, destac\u00f3 la importancia de esta reforma y consider\u00f3 que debe complementarse con otras reformas para establecer sanciones al castigo corporal humillante, de tal forma que no s\u00f3lo quede en una prohibici\u00f3n, sino que tenga una consecuencia.<\/p>\n","protected":false},"excerpt":{"rendered":"<p>6 de cada 10 ni\u00f1os de 1 a 14 a\u00f1os han experimentado un castigo violento.&nbsp; Elda Montiel&nbsp; SemM\u00e9xico. Cd. de M\u00e9xico. 26 de noviembre de 2019.- En M\u00e9xico seis de cada diez ni\u00f1as, ni\u00f1os y adolescentes, de entre 1 y 14 a\u00f1os, han experimentado alg\u00fan m\u00e9todo de disciplina violenta, por lo que el Senado de [&hellip;]<\/p>\n","protected":false},"author":3,"featured_media":14457,"comment_status":"open","ping_status":"open","sticky":false,"template":"","format":"standard","meta":{"_monsterinsights_skip_tracking":false,"footnotes":""},"categories":[690,50],"tags":[],"class_list":["post-14455","post","type-post","status-publish","format-standard","has-post-thumbnail","category-690","category-congreso"],"_links":{"self":[{"href":"https:\/\/redsemlac.com\/semmexico\/wp-json\/wp\/v2\/posts\/14455","targetHints":{"allow":["GET"]}}],"collection":[{"href":"https:\/\/redsemlac.com\/semmexico\/wp-json\/wp\/v2\/posts"}],"about":[{"href":"https:\/\/redsemlac.com\/semmexico\/wp-json\/wp\/v2\/types\/post"}],"author":[{"embeddable":true,"href":"https:\/\/redsemlac.com\/semmexico\/wp-json\/wp\/v2\/users\/3"}],"replies":[{"embeddable":true,"href":"https:\/\/redsemlac.com\/semmexico\/wp-json\/wp\/v2\/comments?post=14455"}],"version-history":[{"count":0,"href":"https:\/\/redsemlac.com\/semmexico\/wp-json\/wp\/v2\/posts\/14455\/revisions"}],"wp:featuredmedia":[{"embeddable":true,"href":"https:\/\/redsemlac.com\/semmexico\/wp-json\/wp\/v2\/media\/14457"}],"wp:attachment":[{"href":"https:\/\/redsemlac.com\/semmexico\/wp-json\/wp\/v2\/media?parent=14455"}],"wp:term":[{"taxonomy":"category","embeddable":true,"href":"https:\/\/redsemlac.com\/semmexico\/wp-json\/wp\/v2\/categories?post=14455"},{"taxonomy":"post_tag","embeddable":true,"href":"https:\/\/redsemlac.com\/semmexico\/wp-json\/wp\/v2\/tags?post=14455"}],"curies":[{"name":"wp","href":"https:\/\/api.w.org\/{rel}","templated":true}]}}