{"id":14451,"date":"2019-11-27T02:01:57","date_gmt":"2019-11-27T02:01:57","guid":{"rendered":"https:\/\/redsemlac.com\/semmexico\/?p=14451"},"modified":"2023-07-21T15:15:02","modified_gmt":"2023-07-21T20:15:02","slug":"documentan-33-casos-de-violencia-politica-contra-mujeres-en-elecciones-de-2018","status":"publish","type":"post","link":"https:\/\/redsemlac.com\/semmexico\/documentan-33-casos-de-violencia-politica-contra-mujeres-en-elecciones-de-2018\/","title":{"rendered":"Documentan 33 casos de violencia pol\u00edtica contra mujeres en elecciones de 2018"},"content":{"rendered":"\n<p class=\"wp-block-paragraph\">Proceso de elecci\u00f3n de candidaturas en que m\u00e1s agresiones se registran<\/p>\n\n\n\n<p class=\"wp-block-paragraph\">Analy S. Nu\u00f1o<\/p>\n\n\n\n<p class=\"wp-block-paragraph\">SemM\u00e9xico, 26 de noviembre de 2019, Zapopan, Jalisco.- Difamaciones, calumnias, agresiones verbales basadas en estereotipos y divulgaci\u00f3n de im\u00e1genes con el objetivo de menoscabar la imagen p\u00fablica, fueron las manifestaciones de violencia que se ejercieron en 33 casos de violencia pol\u00edtica en raz\u00f3n de g\u00e9nero registrados durante el proceso electoral 2018 en Jalisco.<\/p>\n\n\n\n<p class=\"wp-block-paragraph\">Las 33 agresiones que se registraron durante el periodo electoral fueron documentadas en el Diagn\u00f3stico de violencia pol\u00edtica contra las mujeres en raz\u00f3n de g\u00e9nero durante el proceso electoral en Jalisco 2018, en el cual se da cuenta del acoso pol\u00edtico y violencia simb\u00f3lica que se ejerci\u00f3 contra las mujeres en la pol\u00edtica.<\/p>\n\n\n\n<p class=\"wp-block-paragraph\">\u201cEn el caso de Jalisco me parece preocupante, porque esta violencia es m\u00e1s sutil, es una violencia donde las pr\u00e1cticas de presi\u00f3n que inhiben los derechos pol\u00edticos de las mujeres van m\u00e1s a sugestiones. Tenemos que tener muy claro que este tipo de violencia que se funda en la disciplina partidaria, inmoviliza a las mujeres, que se les impide salirse de los roles tradicionales, que se les impide ejercer sus derechos en igualdad de condiciones es la que se caracteriza en el estado de Jalisco\u201d, se\u00f1al\u00f3 Beatriz Rangel, consejera del Instituto Electoral y de Participaci\u00f3n Ciudadana (IEPC).&nbsp;<\/p>\n\n\n\n<p class=\"wp-block-paragraph\">El diagn\u00f3stico se\u00f1ala que de los 33 casos documentados, 20 se registraron en municipios de la Zona Metropolitana de Guadalajara, siendo Puerto Vallarta el que m\u00e1s casos registro al sumar 10.<\/p>\n\n\n\n<p class=\"wp-block-paragraph\">En relaci\u00f3n a los tipos de violencia, Concepci\u00f3n S\u00e1nchez, del Consorcio de Investigaci\u00f3n y Di\u00e1logo sobre Gobiernos Locales CIDIGLO explic\u00f3 que la estrategia dise\u00f1ada para la observaci\u00f3n de la violencia pol\u00edtica ejercida durante el proceso electoral permiti\u00f3 detectar que uno de los momentos de mayor incidencia de violencia es el relacionado a la designaci\u00f3n de candidatos.&nbsp;<\/p>\n\n\n\n<p class=\"wp-block-paragraph\">\u00abEs importante que se haya hecho desde la elecci\u00f3n de candidaturas, es uno de los momentos d\u00f3nde se ejerce la violencia m\u00e1s importante, que se registra desde ese momento en que la acompa\u00f1an a registrarse, en el de &#8216;le toca a \u00e9l pero puede poner a su esposa o hija&#8217; o por ejemplo algunas candidatas estaban embarazadas y el proceso que ellas vivieron de violencia fue tremendo, algunas se ve\u00edan obligadas casi casi a despu\u00e9s de haber parido salir perfectas, el ser juzgadas por su apariencia, sus capacidades, y todo dentro de un proceso f\u00edsico y con un estr\u00e9s a\u00f1adido\u00bb, indic\u00f3.&nbsp;<\/p>\n\n\n\n<p class=\"wp-block-paragraph\">Respecto a las regiones del estado, se detall\u00f3 que tras la elecci\u00f3n de 2018 se realizaron un conjunto de foros en los que se detect\u00f3 que la violencia fue frecuente, las candidatas sufrieron denostaciones en v\u00eddeos a trav\u00e9s de redes sociales, amenazas, discriminaci\u00f3n, mientras que en el caso de los partidos pol\u00edticos se registraron actitudes de denostaci\u00f3n, abuso de autoridad por estar ausentes en los espacios de decisi\u00f3n y falta de informaci\u00f3n en los lineamientos.&nbsp;<\/p>\n\n\n\n<p class=\"wp-block-paragraph\">En este sentido, la consejera del IEPC refiri\u00f3 que aunque fue complicado algunas mujeres s\u00ed denunciaron la violencia pol\u00edtica que vivieron en su contra, como el caso de una candidata de Encarnaci\u00f3n de D\u00edaz.&nbsp;<\/p>\n\n\n\n<p class=\"wp-block-paragraph\">\u201cAlgunas mujeres si presentaron algunas quejas, uno de ellas de Encarnaci\u00f3n de D\u00edaz, que se resolvi\u00f3 en el Instituto sancionando a un comunicador que denosta a una candidata haci\u00e9ndole se\u00f1alamientos sobre su vida privada, esto a trav\u00e9s de un medio de comunicaci\u00f3n que tiene alcanc\u00e9 tambi\u00e9n en Aguascalientes y se le impuso una sanci\u00f3n pecuniaria pero tambi\u00e9n se obliga a este comunicador as\u00ed como a la empresa para la que trabaja, a que retiren de manera permanente del Facebook y otras redes sus comentarios\u201d.<\/p>\n\n\n\n<p class=\"wp-block-paragraph\">Sandra Mart\u00ednez, del Centro de Estudios y Proyectos para la Igualdad de G\u00e9nero, A.C. y coordinadora de Investigaci\u00f3n Feminista, explic\u00f3 que documentar los casos de violencia pol\u00edtica en este Diagn\u00f3stico tiene el prop\u00f3sito no s\u00f3lo de visibilizar lo que enfrentan las mujeres en la pol\u00edtica sino de impulsar una iniciativa de Ley para tipificar la violencia pol\u00edtica contra las mujeres 3n raz\u00f3n de g\u00e9nero como delito grave antes del proceso electoral de 2021.&nbsp;<\/p>\n","protected":false},"excerpt":{"rendered":"<p>Proceso de elecci\u00f3n de candidaturas en que m\u00e1s agresiones se registran Analy S. Nu\u00f1o SemM\u00e9xico, 26 de noviembre de 2019, Zapopan, Jalisco.- Difamaciones, calumnias, agresiones verbales basadas en estereotipos y divulgaci\u00f3n de im\u00e1genes con el objetivo de menoscabar la imagen p\u00fablica, fueron las manifestaciones de violencia que se ejercieron en 33 casos de violencia pol\u00edtica [&hellip;]<\/p>\n","protected":false},"author":3,"featured_media":14453,"comment_status":"open","ping_status":"open","sticky":false,"template":"","format":"standard","meta":{"_monsterinsights_skip_tracking":false,"footnotes":""},"categories":[690,51],"tags":[],"class_list":["post-14451","post","type-post","status-publish","format-standard","has-post-thumbnail","category-690","category-ejecutivo"],"_links":{"self":[{"href":"https:\/\/redsemlac.com\/semmexico\/wp-json\/wp\/v2\/posts\/14451","targetHints":{"allow":["GET"]}}],"collection":[{"href":"https:\/\/redsemlac.com\/semmexico\/wp-json\/wp\/v2\/posts"}],"about":[{"href":"https:\/\/redsemlac.com\/semmexico\/wp-json\/wp\/v2\/types\/post"}],"author":[{"embeddable":true,"href":"https:\/\/redsemlac.com\/semmexico\/wp-json\/wp\/v2\/users\/3"}],"replies":[{"embeddable":true,"href":"https:\/\/redsemlac.com\/semmexico\/wp-json\/wp\/v2\/comments?post=14451"}],"version-history":[{"count":0,"href":"https:\/\/redsemlac.com\/semmexico\/wp-json\/wp\/v2\/posts\/14451\/revisions"}],"wp:featuredmedia":[{"embeddable":true,"href":"https:\/\/redsemlac.com\/semmexico\/wp-json\/wp\/v2\/media\/14453"}],"wp:attachment":[{"href":"https:\/\/redsemlac.com\/semmexico\/wp-json\/wp\/v2\/media?parent=14451"}],"wp:term":[{"taxonomy":"category","embeddable":true,"href":"https:\/\/redsemlac.com\/semmexico\/wp-json\/wp\/v2\/categories?post=14451"},{"taxonomy":"post_tag","embeddable":true,"href":"https:\/\/redsemlac.com\/semmexico\/wp-json\/wp\/v2\/tags?post=14451"}],"curies":[{"name":"wp","href":"https:\/\/api.w.org\/{rel}","templated":true}]}}