{"id":14447,"date":"2019-11-27T01:55:15","date_gmt":"2019-11-27T01:55:15","guid":{"rendered":"https:\/\/redsemlac.com\/semmexico\/?p=14447"},"modified":"2023-07-21T15:15:02","modified_gmt":"2023-07-21T20:15:02","slug":"solo-con-unidad-se-combate-la-violencia","status":"publish","type":"post","link":"https:\/\/redsemlac.com\/semmexico\/solo-con-unidad-se-combate-la-violencia\/","title":{"rendered":"S\u00f3lo con unidad se combate la violencia"},"content":{"rendered":"\n<p class=\"wp-block-paragraph\">Redacci\u00f3n <\/p>\n\n\n\n<p class=\"wp-block-paragraph\">SemM\u00e9xico. Morelia, Michoac\u00e1n, 26 de noviembre de 2019.- Con un llamado a la unidad contra la violencia y al conmemorar el D\u00eda Internacional de la Eliminaci\u00f3n de la Violencia contra las Mujeres, el gobernador de Michoac\u00e1n, Silvano Aureoles Conejo, invit\u00f3 a los diferentes niveles de gobierno, poderes del Estado y a la sociedad en general, a actuar y a denunciar.<br> Durante el evento conmemorativo, el jefe del Ejecutivo estatal se refiri\u00f3 a las acciones para alcanzar los objetivos trazados, dentro de los cuales se encuentra la creaci\u00f3n de la Unidad Especializada para Prevenir y Atender la Violencia contra las Mujeres en el Estado de Michoac\u00e1n, que cuenta con un cuerpo de polic\u00edas debidamente capacitados, para atender los temas de violencia con una perspectiva de g\u00e9nero.<br> Indic\u00f3 que se contar\u00e1 adem\u00e1s con la campa\u00f1a medi\u00e1tica \u201cEsc\u00fachalo Bien\u201d la que fue presentada a trav\u00e9s de la Coordinaci\u00f3n General de Comunicaci\u00f3n Social (CGCS) y que busca \u201cel empoderamiento de las mujeres, dirigida a todas y todos para comprender que la violencia contra las mujeres se puede y se debe denunciar, que no es normal y que este gobierno las acompa\u00f1ara y respaldar\u00e1, sin titubeos\u201d.<br> Respecto a la primera acci\u00f3n, fueron asignados 30 elementos de seguridad p\u00fablica (hombres y mujeres) que en las \u00faltimas semanas fueron preparados para la identificaci\u00f3n de agresiones en contra de las mujeres. La agrupaci\u00f3n, inicialmente, fue asignada a Morelia, municipio que ha sido identificado como uno de los que registra mayor n\u00famero de homicidios en la entidad en contra del sector femenino.<br> Fue Israel Patr\u00f3n Reyes, secretario de Seguridad P\u00fablica el encargado de dar a conocer los pormenores de la nueva Unidad, se\u00f1alando que la capacitaci\u00f3n recibida por los elementos dur\u00f3 120 horas, incluy\u00e9ndose temas de car\u00e1cter jur\u00eddico, de g\u00e9nero y de identificaci\u00f3n de todos los tipos de violencia en espacios p\u00fablicos.<br> Dijo adem\u00e1s que los 30 elementos fueron orientados acerca de derechos humanos y para poder detectar de manera temprana la fase de violencia en la que se encuentren las afectadas.<br> Al precisar la informaci\u00f3n, a\u00f1adi\u00f3 que el prop\u00f3sito perseguido es que desde el Centro Estatal de Comando, Comunicaciones, C\u00f3mputo, Control, Coordinaci\u00f3n e Inteligencia (C5i), la Unidad atienda llamadas de emergencia del 911 para orientar a las v\u00edctimas de la violencia, mientras simult\u00e1neamente se env\u00eden las alertas al grupo especializado ubicado en las colonias de Morelia, cuya labor ser\u00e1 de proximidad para su actuaci\u00f3n inmediata.<br> Fue anunciado que esta estrategia se extender\u00e1 hacia otros 13 municipios de Michoac\u00e1n que cuentan con Alerta de Violencia de G\u00e9nero, cuyo objetivo ser\u00e1 el de disminuir los homicidios y feminicidios en Michoac\u00e1n.<br> Julieta L\u00f3pez Bautista, titular de la CGCS, por su parte, dio a conocer a conocer la campa\u00f1a \u201cContra la Violencia y por el Empoderamiento de las Mujeres\u201d, cuyo fin es el de visibilizar la violencia de g\u00e9nero como un problema que est\u00e1 presente en la entidad y que su prevenci\u00f3n debe realizarse desde la perspectiva de la v\u00edctima.<br> Esta campa\u00f1a tendr\u00e1 tres modalidades: La primera es \u201cEsc\u00fachalo Bien\u201d, que posicionar\u00e1 la cero tolerancia a la violencia; la segunda fue denominada \u201cOilo\u201d, y su objetivo es prevenir y detectar los diferentes tipos de violencia a trav\u00e9s de herramientas l\u00fadicas, para finalmente dar paso a \u201cNos Van a Escuchar\u201d, tendiente a dar a conocer los casos de \u00e9xito de las mujeres que han luchado en temas de violencia.<br> A su vez, en el uso de la palabra, la secretaria de Igualdad Sustantiva y Desarrollo de las Mujeres, Nuria Gabriela Hern\u00e1ndez Abarca, dej\u00f3 en claro que la violencia en todas sus manifestaciones es alarmante, por lo que es obligaci\u00f3n de la autoridad trabajar para su erradicaci\u00f3n.<br> Junto con ello, se\u00f1al\u00f3 que los altos niveles de crimen contra las mujeres indignan y preocupan, ya que adem\u00e1s es un reflejo de la indiferencia, corrupci\u00f3n, omisiones y silencios que son condenables.<br> Advirti\u00f3 que no se cesar\u00e1 de prevenir la violencia feminicida en Michoac\u00e1n, dando seguimiento a los trabajos de investigaci\u00f3n al respecto, y \u201cestaremos atentas para mejorar cualquier acci\u00f3n a fin de tener una vida libre de violencia\u201d, subray\u00f3.<\/p>\n","protected":false},"excerpt":{"rendered":"<p>Redacci\u00f3n SemM\u00e9xico. Morelia, Michoac\u00e1n, 26 de noviembre de 2019.- Con un llamado a la unidad contra la violencia y al conmemorar el D\u00eda Internacional de la Eliminaci\u00f3n de la Violencia contra las Mujeres, el gobernador de Michoac\u00e1n, Silvano Aureoles Conejo, invit\u00f3 a los diferentes niveles de gobierno, poderes del Estado y a la sociedad en [&hellip;]<\/p>\n","protected":false},"author":3,"featured_media":14449,"comment_status":"open","ping_status":"open","sticky":false,"template":"","format":"standard","meta":{"_monsterinsights_skip_tracking":false,"footnotes":""},"categories":[690,51,1],"tags":[],"class_list":["post-14447","post","type-post","status-publish","format-standard","has-post-thumbnail","category-690","category-ejecutivo","category-uncategorized"],"_links":{"self":[{"href":"https:\/\/redsemlac.com\/semmexico\/wp-json\/wp\/v2\/posts\/14447","targetHints":{"allow":["GET"]}}],"collection":[{"href":"https:\/\/redsemlac.com\/semmexico\/wp-json\/wp\/v2\/posts"}],"about":[{"href":"https:\/\/redsemlac.com\/semmexico\/wp-json\/wp\/v2\/types\/post"}],"author":[{"embeddable":true,"href":"https:\/\/redsemlac.com\/semmexico\/wp-json\/wp\/v2\/users\/3"}],"replies":[{"embeddable":true,"href":"https:\/\/redsemlac.com\/semmexico\/wp-json\/wp\/v2\/comments?post=14447"}],"version-history":[{"count":0,"href":"https:\/\/redsemlac.com\/semmexico\/wp-json\/wp\/v2\/posts\/14447\/revisions"}],"wp:featuredmedia":[{"embeddable":true,"href":"https:\/\/redsemlac.com\/semmexico\/wp-json\/wp\/v2\/media\/14449"}],"wp:attachment":[{"href":"https:\/\/redsemlac.com\/semmexico\/wp-json\/wp\/v2\/media?parent=14447"}],"wp:term":[{"taxonomy":"category","embeddable":true,"href":"https:\/\/redsemlac.com\/semmexico\/wp-json\/wp\/v2\/categories?post=14447"},{"taxonomy":"post_tag","embeddable":true,"href":"https:\/\/redsemlac.com\/semmexico\/wp-json\/wp\/v2\/tags?post=14447"}],"curies":[{"name":"wp","href":"https:\/\/api.w.org\/{rel}","templated":true}]}}