{"id":14443,"date":"2019-11-27T01:50:00","date_gmt":"2019-11-27T01:50:00","guid":{"rendered":"https:\/\/redsemlac.com\/semmexico\/?p=14443"},"modified":"2023-07-21T15:15:02","modified_gmt":"2023-07-21T20:15:02","slug":"necesario-acabar-con-la-violencia-institucional-contra-las-mujeres","status":"publish","type":"post","link":"https:\/\/redsemlac.com\/semmexico\/necesario-acabar-con-la-violencia-institucional-contra-las-mujeres\/","title":{"rendered":"Necesario acabar con la violencia institucional contra las mujeres"},"content":{"rendered":"\n<p class=\"wp-block-paragraph\">Redacci\u00f3n <\/p>\n\n\n\n<p class=\"wp-block-paragraph\">SemM\u00e9xico. Cd. de M\u00e9xico. 26 de noviembre de 2019.- Urge erradicar la violencia y la discriminaci\u00f3n contra las mujeres en M\u00e9xico y la estrategia debe empezar destinando m\u00e1s presupuesto para terminar con la violencia institucional, ya que por segundo a\u00f1o consecutivo se cercenaron recursos y desaparecido programas para el desarrollo integral de las mexicanas, expuso en nombre del Grupo Parlamentario del PRI, la diputada Erika S\u00e1nchez Mart\u00ednez.<br> A prop\u00f3sito del D\u00eda Internacional de la Eliminaci\u00f3n de la Violencia contra la Mujer, la legisladora por el estado de Sinaloa sentenci\u00f3 que en M\u00e9xico ninguna transformaci\u00f3n se dar\u00e1, si no arrancamos de ra\u00edz la violencia, cuyo origen radica en la injusticia, la desigualdad, la discriminaci\u00f3n y la presencia de una sociedad omisa e insensible.<br> \u201cEl presupuesto transversal para la igualdad entre mujeres y hombres hoy es un cap\u00edtulo m\u00e1s de una novela ficticia llamada el ganso y asumir que por representar el 51 por ciento de la poblaci\u00f3n, los programas de becas y de pensiones atiende los retos particulares de las mujeres, solo demuestra que no entienden, que su visi\u00f3n no empodera y tampoco construye\u201d, sentenci\u00f3 S\u00e1nchez Mart\u00ednez.<br> Exigi\u00f3 asignar presupuesto para fortalecer  las alertas de g\u00e9nero, los centros de justicia para las mujeres y los observatorios; recuperar el programa de Ciudades Seguras, aunque se cambie el nombre;  resarcir los recursos al  sistema de estancias infantiles, a las escuelas de tiempo completo, as\u00ed como devolver los m\u00e1s de 300 millones de pesos destinados para los hijos de las mujeres del campo, adem\u00e1s de transparentar el presupuesto de refugios para mujeres violentadas, porque nadie sabe d\u00f3nde qued\u00f3 ese dinero.<br> La violencia de g\u00e9nero lacera, lastima e igual toca a nuestras ni\u00f1as que a las mujeres en su trabajo, en el transporte p\u00fablico, y ha cobrado la vida de hijas, madres, esposas, hermanas, mujeres todas; en M\u00e9xico expuso, son asesinadas tres mujeres diariamente, tan solo en septiembre se reportaron 91 feminicidios, de los cuales 10 fueron menores de edad.<br> La legisladora priista evidenci\u00f3 que las manifestaciones en todo el pa\u00eds, donde fuimos testigos de la rabia social, son resultado de la desatenci\u00f3n de un gobierno incapaz de proteger su integridad; en el PRI dijo \u201cnos unimos a su demanda, pero tambi\u00e9n convocamos a que el di\u00e1logo y el respeto sean los ejes de esta lucha permanente.\u201d<br> Estim\u00f3 que la Legislatura de la Paridad se est\u00e1 tardando en hacer causa com\u00fan para actualizar las leyes con la aplicaci\u00f3n de la paridad; existe el riesgo de que la violencia pol\u00edtica se multiplique, cuando muchos se sientan amenazados con una mayor participaci\u00f3n de las mujeres en la toma de decisiones.<\/p>\n\n\n\n<p class=\"wp-block-paragraph\"><\/p>\n","protected":false},"excerpt":{"rendered":"<p>Redacci\u00f3n SemM\u00e9xico. Cd. de M\u00e9xico. 26 de noviembre de 2019.- Urge erradicar la violencia y la discriminaci\u00f3n contra las mujeres en M\u00e9xico y la estrategia debe empezar destinando m\u00e1s presupuesto para terminar con la violencia institucional, ya que por segundo a\u00f1o consecutivo se cercenaron recursos y desaparecido programas para el desarrollo integral de las mexicanas, [&hellip;]<\/p>\n","protected":false},"author":3,"featured_media":14445,"comment_status":"open","ping_status":"open","sticky":false,"template":"","format":"standard","meta":{"_monsterinsights_skip_tracking":false,"footnotes":""},"categories":[690,50,1],"tags":[],"class_list":["post-14443","post","type-post","status-publish","format-standard","has-post-thumbnail","category-690","category-congreso","category-uncategorized"],"_links":{"self":[{"href":"https:\/\/redsemlac.com\/semmexico\/wp-json\/wp\/v2\/posts\/14443","targetHints":{"allow":["GET"]}}],"collection":[{"href":"https:\/\/redsemlac.com\/semmexico\/wp-json\/wp\/v2\/posts"}],"about":[{"href":"https:\/\/redsemlac.com\/semmexico\/wp-json\/wp\/v2\/types\/post"}],"author":[{"embeddable":true,"href":"https:\/\/redsemlac.com\/semmexico\/wp-json\/wp\/v2\/users\/3"}],"replies":[{"embeddable":true,"href":"https:\/\/redsemlac.com\/semmexico\/wp-json\/wp\/v2\/comments?post=14443"}],"version-history":[{"count":0,"href":"https:\/\/redsemlac.com\/semmexico\/wp-json\/wp\/v2\/posts\/14443\/revisions"}],"wp:featuredmedia":[{"embeddable":true,"href":"https:\/\/redsemlac.com\/semmexico\/wp-json\/wp\/v2\/media\/14445"}],"wp:attachment":[{"href":"https:\/\/redsemlac.com\/semmexico\/wp-json\/wp\/v2\/media?parent=14443"}],"wp:term":[{"taxonomy":"category","embeddable":true,"href":"https:\/\/redsemlac.com\/semmexico\/wp-json\/wp\/v2\/categories?post=14443"},{"taxonomy":"post_tag","embeddable":true,"href":"https:\/\/redsemlac.com\/semmexico\/wp-json\/wp\/v2\/tags?post=14443"}],"curies":[{"name":"wp","href":"https:\/\/api.w.org\/{rel}","templated":true}]}}