{"id":14435,"date":"2019-11-26T20:48:15","date_gmt":"2019-11-26T20:48:15","guid":{"rendered":"https:\/\/redsemlac.com\/semmexico\/?p=14435"},"modified":"2023-07-21T15:15:02","modified_gmt":"2023-07-21T20:15:02","slug":"la-noche-debe-ser-nuestra-marcha-en-aguascalientes","status":"publish","type":"post","link":"https:\/\/redsemlac.com\/semmexico\/la-noche-debe-ser-nuestra-marcha-en-aguascalientes\/","title":{"rendered":"La noche debe ser nuestra: Marcha en Aguascalientes"},"content":{"rendered":"\n<p class=\"wp-block-paragraph\">Texto: Hazyadeth Acero<\/p>\n\n\n\n<p class=\"wp-block-paragraph\">Foto:&nbsp;&nbsp;Claudia Castro&nbsp;<\/p>\n\n\n\n<p class=\"wp-block-paragraph\"><strong>S<\/strong>emM\u00e9xico. Aguascalientes. 26 de noviembre de 2019.- Aguascalientes es un estado feminicida, no es el lugar de la gente buena, no es un estado seguro. Diariamente, el Centro de Justicia para Mujeres registra en promedio algunas 50 denuncias por diferentes tipos de violencia de g\u00e9nero. En lo que va del 2019, la Fiscal\u00eda General del Estado ha reconocido s\u00f3lo 6 casos de feminicidio, m\u00e1s una sola sentencia por tentativa de feminicidio. Los casos de suicidios inducidos de mujeres son cientos de v\u00edctimas silenciosas de la violencia. Y la lista sigue&#8230;<\/p>\n\n\n\n<p class=\"wp-block-paragraph\">Este 25 de noviembre,&nbsp;D\u00eda Internacional para la Erradicaci\u00f3n de la Violencia contra las Mujeres,&nbsp;mujeres de la Comunidad Feminista de Aguascalientes \u00abReclamaron la Noche\u00bb con una marcha nocturna, iniciada en la explanada de la Fiscal\u00eda General del Estado, seguida por la avenida H\u00e9roe de Nacozari, calle Madero hasta la explanada de la Plaza de Armas, en donde concluyeron formando un c\u00edrculo sororo.<\/p>\n\n\n\n<p class=\"wp-block-paragraph\">Al inicio, oficiales de la Fiscal\u00eda molestos por la presencia de las manifestantes, decidieron cerrar las puertas externa, dejando a un grupo de j\u00f3venes con pa\u00f1uelo morado y verde al interior y otras al exterior del organismo. Tras unos minutos de discusi\u00f3n con una polic\u00eda, una activista reclam\u00f3 su acci\u00f3n y abri\u00f3 la puerta para dar paso a la organizaci\u00f3n del contingente, la toma de la fotograf\u00eda conjunta y arrancar la marcha encendiendo las antorchas que acompa\u00f1ar\u00edan su andar.<\/p>\n\n\n\n<p class=\"wp-block-paragraph\">Durante la caminata, se bail\u00f3, se salt\u00f3 y se gritaron consignas como \u00abJusticia\u00bb, \u00abHermana, escucha, \u00fanete a la lucha\u00bb, \u00abVivas Nos Queremos\u00bb, \u00abTranquila hermana aqu\u00ed est\u00e1 tu manada\u00bb, entre otras m\u00e1s. Las y los transe\u00fantes deten\u00edan su camino para tomar fotograf\u00edas y videos as\u00ed como exponer su aprobaci\u00f3n o malestar por lo observado. A pesar de algunos gritos negativos, las mujeres manifestantes mantuvieron su andar pac\u00edfico llamando a la poblaci\u00f3n a no ser omisa, a exigir justicia y a no naturalizar las violencias.<\/p>\n\n\n\n<p class=\"wp-block-paragraph\">Al llegar a la Plaza Principal se form\u00f3 un c\u00edrculo alrededor de la asta de bandera, en donde se dio lectura al comunicado, que denunciaba el complicado acceso a la justicia para las v\u00edctimas y sus familias; el incremento de los niveles de violencia en los hogares, en las instituciones educativas, en las calles del estado y a\u00fan m\u00e1s en las zonas no visibles: las comunidades rurales.&nbsp;<\/p>\n\n\n\n<p class=\"wp-block-paragraph\">Se record\u00f3 que en 1960, las hermanas Mirabal en Rep\u00fablica Dominicana fueron asesinadas por \u00f3rdenes de Rafael Le\u00f3nidas Trujillo, hecho que fue tomado para visibilizar la violencia que sufren las mujeres alrededor del mundo. Y aunque por iniciativa de organizaciones civiles y la presi\u00f3n pol\u00edtica hacia los gobiernos, a\u00f1o con a\u00f1o se conmemora este d\u00eda, las exigencias por un mejor sistema de justicia y programas efectivos de prevenci\u00f3n no se han concretado.&nbsp;<\/p>\n\n\n\n<p class=\"wp-block-paragraph\">Subrayaron que es alarmante que en pleno 2019, persista una falta de reconocimiento del Poder Judicial del Estado sobre el delito de feminicidio, enfoc\u00e1ndose en c\u00f3mo argumentar el delito de homicidio doloso sin una investigaci\u00f3n con perspectiva de g\u00e9nero; causando que hasta el momento no exista ninguna sentencia contra los feminicidas y cientos de carpetas cerradas como suicidios. \u00abPor esto y m\u00e1s, este 25 de noviembre no festejamos nada. Salimos a las calles una vez m\u00e1s a visibilizar las ausencias, los retos a\u00fan presentes por lograr una movilidad segura, una vida libre de violencias. Porque no estamos solas, porque no necesitamos de un var\u00f3n para poder salir a divertirnos en las noches, para poder caminar a casa sin temor a ser agredidas, porque la noche debe ser nuestra. Exigimos un Aguascalientes seguro, libre y sin temor\u00bb.<\/p>\n","protected":false},"excerpt":{"rendered":"<p>Texto: Hazyadeth Acero Foto:&nbsp;&nbsp;Claudia Castro&nbsp; SemM\u00e9xico. Aguascalientes. 26 de noviembre de 2019.- Aguascalientes es un estado feminicida, no es el lugar de la gente buena, no es un estado seguro. Diariamente, el Centro de Justicia para Mujeres registra en promedio algunas 50 denuncias por diferentes tipos de violencia de g\u00e9nero. En lo que va del [&hellip;]<\/p>\n","protected":false},"author":3,"featured_media":14437,"comment_status":"open","ping_status":"open","sticky":false,"template":"","format":"standard","meta":{"_monsterinsights_skip_tracking":false,"footnotes":""},"categories":[690,54,1],"tags":[],"class_list":["post-14435","post","type-post","status-publish","format-standard","has-post-thumbnail","category-690","category-mujeres","category-uncategorized"],"_links":{"self":[{"href":"https:\/\/redsemlac.com\/semmexico\/wp-json\/wp\/v2\/posts\/14435","targetHints":{"allow":["GET"]}}],"collection":[{"href":"https:\/\/redsemlac.com\/semmexico\/wp-json\/wp\/v2\/posts"}],"about":[{"href":"https:\/\/redsemlac.com\/semmexico\/wp-json\/wp\/v2\/types\/post"}],"author":[{"embeddable":true,"href":"https:\/\/redsemlac.com\/semmexico\/wp-json\/wp\/v2\/users\/3"}],"replies":[{"embeddable":true,"href":"https:\/\/redsemlac.com\/semmexico\/wp-json\/wp\/v2\/comments?post=14435"}],"version-history":[{"count":0,"href":"https:\/\/redsemlac.com\/semmexico\/wp-json\/wp\/v2\/posts\/14435\/revisions"}],"wp:featuredmedia":[{"embeddable":true,"href":"https:\/\/redsemlac.com\/semmexico\/wp-json\/wp\/v2\/media\/14437"}],"wp:attachment":[{"href":"https:\/\/redsemlac.com\/semmexico\/wp-json\/wp\/v2\/media?parent=14435"}],"wp:term":[{"taxonomy":"category","embeddable":true,"href":"https:\/\/redsemlac.com\/semmexico\/wp-json\/wp\/v2\/categories?post=14435"},{"taxonomy":"post_tag","embeddable":true,"href":"https:\/\/redsemlac.com\/semmexico\/wp-json\/wp\/v2\/tags?post=14435"}],"curies":[{"name":"wp","href":"https:\/\/api.w.org\/{rel}","templated":true}]}}