{"id":14431,"date":"2019-11-26T18:12:31","date_gmt":"2019-11-26T18:12:31","guid":{"rendered":"https:\/\/redsemlac.com\/semmexico\/?p=14431"},"modified":"2023-07-21T15:15:02","modified_gmt":"2023-07-21T20:15:02","slug":"el-lince-mujeres-la-eterna-deuda-de-mexico","status":"publish","type":"post","link":"https:\/\/redsemlac.com\/semmexico\/el-lince-mujeres-la-eterna-deuda-de-mexico\/","title":{"rendered":"El Lince: Mujeres, la eterna deuda de M\u00e9xico"},"content":{"rendered":"\n<p class=\"wp-block-paragraph\">C\u00e9sar A. V\u00e1zquez Lince<\/p>\n\n\n\n<p class=\"wp-block-paragraph\">BINIZA: Con la reducci\u00f3n de recursos a organismos aut\u00f3nomos en el Presupuesto 2020, queda confirmado que el gobierno de la cuarta transformaci\u00f3n no quiere contrapesos.<\/p>\n\n\n\n<p class=\"wp-block-paragraph\">En marco del D\u00eda Internacional de la Violencia Contra la Mujer, cabe hacer la reflexi\u00f3n sobre este c\u00e1ncer social que aflige a M\u00e9xico. Aunque se han tomado acciones para mejorar la situaci\u00f3n de las mujeres, lo cierto es que a\u00fan se tiene una gran deuda.<\/p>\n\n\n\n<p class=\"wp-block-paragraph\">M\u00e9xico es uno de los pa\u00edses que menos seguridad financiera, social y legal le ofrece a las mujeres.<\/p>\n\n\n\n<p class=\"wp-block-paragraph\">Un estudio realizado por la Universidad de Georgetown, coloca a M\u00e9xico en el lugar 103&nbsp; de 167 entre los pa\u00edses m\u00e1s seguros e inclusivos. Colocando por encima a pa\u00edses como Argentina, Nicaragua, Uruguay y Venezuela.<\/p>\n\n\n\n<p class=\"wp-block-paragraph\">Estas calificaciones refleja que la violencia organizada en M\u00e9xico socava los logros de la inclusi\u00f3n y justicia para las mujeres.<\/p>\n\n\n\n<p class=\"wp-block-paragraph\">En datos publicados por el Secretario Ejecutivo del Sistema Nacional de Seguridad P\u00fablica de Enero a Septiembre de este a\u00f1o se han cometido 748 feminicidios, dejando en claro que la entidad m\u00e1s peligrosas es Veracruz con 146, seguido por Estado de M\u00e9xico con 81 y Nuevo Le\u00f3n con 53.<\/p>\n\n\n\n<p class=\"wp-block-paragraph\">Y aunque el actual Congreso logr\u00f3 la paridad, los programas dise\u00f1ados para apoyar a las mujeres sufrieron recortes en el Presupuesto 2019 y 2020<\/p>\n\n\n\n<p class=\"wp-block-paragraph\">En el 2019 programas como :<\/p>\n\n\n\n<p class=\"wp-block-paragraph\">*El Fortalecimiento de la Igualdad Sustantiva entre Hombres y Mujeres sufri\u00f3 un 22% de recorte&nbsp;<\/p>\n\n\n\n<p class=\"wp-block-paragraph\">*La Red Nacional de Refugios y Centros para Mujeres V\u00edctimas de Violencia sufri\u00f3 un 15%&nbsp;<\/p>\n\n\n\n<p class=\"wp-block-paragraph\">*Programas de Derechos Indigenas 5%<\/p>\n\n\n\n<p class=\"wp-block-paragraph\">*Consejo Nacional para Prevenir la Discriminaci\u00f3n 8%<\/p>\n\n\n\n<p class=\"wp-block-paragraph\">Y programas como Fondo de Coinversi\u00f3n para Sociedad Civil y Apoyo a las Instancias de Mujeres en las Entidades Federativas desaparecieron.<\/p>\n\n\n\n<p class=\"wp-block-paragraph\">En el 2020 los programas afectados fueron:<\/p>\n\n\n\n<p class=\"wp-block-paragraph\">*Programas como Salud materna, sexual y reproductiva 21%<\/p>\n\n\n\n<p class=\"wp-block-paragraph\">*Atenci\u00f3n y prevenci\u00f3n de la violencia contra las mujeres 40%<\/p>\n\n\n\n<p class=\"wp-block-paragraph\">*Investigaci\u00f3n en Materia de Trata de Personas, el PEF no contempla ni un solo peso, aunque en 2019 oper\u00f3 con 47 millones de pesos.<\/p>\n\n\n\n<p class=\"wp-block-paragraph\">Tambi\u00e9n el Banco Nacional de Datos e Informaci\u00f3n sobre Casos de Violencia contra las Mujeres (Benavim), el gobierno de Andr\u00e9s Manuel L\u00f3pez Obrador propone un recorte de hasta el 58%<\/p>\n\n\n\n<p class=\"wp-block-paragraph\">En contra peso el Presidente L\u00f3pez Obrador firm\u00f3 el Acuerdo por la Igualdad, en donde se promete mejores condiciones a las mujeres.<\/p>\n\n\n\n<p class=\"wp-block-paragraph\">Destac\u00f3 que seg\u00fan sus datos, hay varios programas sociales donde hay un importante porcentaje de mujeres\u2026<\/p>\n\n\n\n<p class=\"wp-block-paragraph\">Y es cierto, J\u00f3venes Construyendo el futuro el 57% de los beneficiarios son mujeres; en Sembrando vida el 31%; en las Pensiones para el Bienestar el 55%, y en Becas para la Educaci\u00f3n Superior el 53%. Sin embargo los que son exclusivos contra la violencia contra la mujer siguen sufriendo recortes como si\u2026 no tuvieran importancia.<\/p>\n\n\n\n<p class=\"wp-block-paragraph\">WEB:&nbsp;<a href=\"http:\/\/www.ellince.mx\/\" rel=\"noreferrer noopener\" target=\"_blank\">www.ellince.mx<\/a><\/p>\n\n\n\n<p class=\"wp-block-paragraph\">E-MAIL:&nbsp;<a href=\"mailto:ellincexalapa@gmail.com\" rel=\"noreferrer noopener\" target=\"_blank\">ellincexalapa@gmail.com<\/a><\/p>\n\n\n\n<p class=\"wp-block-paragraph\">TWITTER: @ElLinceMx<\/p>\n\n\n\n<p class=\"wp-block-paragraph\">FACEBOOK:&nbsp;<a href=\"https:\/\/www.facebook.com\/ellince.mx\/\" rel=\"noreferrer noopener\" target=\"_blank\">https:\/\/www.facebook.com\/ellince.mx\/<\/a><\/p>\n","protected":false},"excerpt":{"rendered":"<p>C\u00e9sar A. V\u00e1zquez Lince BINIZA: Con la reducci\u00f3n de recursos a organismos aut\u00f3nomos en el Presupuesto 2020, queda confirmado que el gobierno de la cuarta transformaci\u00f3n no quiere contrapesos. En marco del D\u00eda Internacional de la Violencia Contra la Mujer, cabe hacer la reflexi\u00f3n sobre este c\u00e1ncer social que aflige a M\u00e9xico. Aunque se han [&hellip;]<\/p>\n","protected":false},"author":3,"featured_media":14433,"comment_status":"open","ping_status":"open","sticky":false,"template":"","format":"standard","meta":{"_monsterinsights_skip_tracking":false,"footnotes":""},"categories":[690,82,35],"tags":[],"class_list":["post-14431","post","type-post","status-publish","format-standard","has-post-thumbnail","category-690","category-la-opinion","category-opinion"],"_links":{"self":[{"href":"https:\/\/redsemlac.com\/semmexico\/wp-json\/wp\/v2\/posts\/14431","targetHints":{"allow":["GET"]}}],"collection":[{"href":"https:\/\/redsemlac.com\/semmexico\/wp-json\/wp\/v2\/posts"}],"about":[{"href":"https:\/\/redsemlac.com\/semmexico\/wp-json\/wp\/v2\/types\/post"}],"author":[{"embeddable":true,"href":"https:\/\/redsemlac.com\/semmexico\/wp-json\/wp\/v2\/users\/3"}],"replies":[{"embeddable":true,"href":"https:\/\/redsemlac.com\/semmexico\/wp-json\/wp\/v2\/comments?post=14431"}],"version-history":[{"count":0,"href":"https:\/\/redsemlac.com\/semmexico\/wp-json\/wp\/v2\/posts\/14431\/revisions"}],"wp:featuredmedia":[{"embeddable":true,"href":"https:\/\/redsemlac.com\/semmexico\/wp-json\/wp\/v2\/media\/14433"}],"wp:attachment":[{"href":"https:\/\/redsemlac.com\/semmexico\/wp-json\/wp\/v2\/media?parent=14431"}],"wp:term":[{"taxonomy":"category","embeddable":true,"href":"https:\/\/redsemlac.com\/semmexico\/wp-json\/wp\/v2\/categories?post=14431"},{"taxonomy":"post_tag","embeddable":true,"href":"https:\/\/redsemlac.com\/semmexico\/wp-json\/wp\/v2\/tags?post=14431"}],"curies":[{"name":"wp","href":"https:\/\/api.w.org\/{rel}","templated":true}]}}