{"id":14416,"date":"2019-11-26T17:50:50","date_gmt":"2019-11-26T17:50:50","guid":{"rendered":"https:\/\/redsemlac.com\/semmexico\/?p=14416"},"modified":"2023-07-21T15:15:03","modified_gmt":"2023-07-21T20:15:03","slug":"pri-schafik-handal-el-fmln-y-la-diferencia-con-la-4t","status":"publish","type":"post","link":"https:\/\/redsemlac.com\/semmexico\/pri-schafik-handal-el-fmln-y-la-diferencia-con-la-4t\/","title":{"rendered":"PRI, Schafik H\u00e1ndal el FMLN y la diferencia con la 4T"},"content":{"rendered":"\n<p class=\"wp-block-paragraph\"><strong>MOIS\u00c9S S\u00c1NCHEZ LIM\u00d3N<\/strong><\/p>\n\n\n\n<p class=\"wp-block-paragraph\">SemM\u00e9xico. Cd. de M\u00e9xico. 26 de noviembre de 2019.- \u00bfRecuerda usted a Schafik H\u00e1ndal y los Acuerdos de Paz de Chapultepec firmados a principios de la d\u00e9cada de los 90 del siglo pasado en M\u00e9xico?<\/p>\n\n\n\n<p class=\"wp-block-paragraph\">En materia de pol\u00edtica exterior M\u00e9xico es vastamente reconocido. Su calidad de mediador en la negociaci\u00f3n tendente a acercar voluntades y llegar a acuerdos de paz en Latinoam\u00e9rica tuvo con esos Acuerdos una etapa que viene a colaci\u00f3n por el contraste de la diplomacia desplegada en esos d\u00edas, ni m\u00e1s ni menos que los del salinismo, y los burdos asumidos en el rescate de Evo Morales, quien pretendi\u00f3 perpetuarse en el poder en Bolivia. Veamos<\/p>\n\n\n\n<p class=\"wp-block-paragraph\">Hace unos d\u00edas, con un colega record\u00e1bamos al desaparecido pol\u00edtico Gustavo Carvajal Moreno, llamado \u201ccanciller sin cartera, y comparti\u00f3 pinceladas de ese episodio en el que intervino el veracruzano. Fue la negociaci\u00f3n que tuvo como protagonista a Schafik H\u00e1ndal, identificado como Comandante Sim\u00f3n en la dirigencia de la guerrilla salvadore\u00f1a del Frente Farabundo Mart\u00ed para la Liberaci\u00f3n Nacional (FMLN).<\/p>\n\n\n\n<p class=\"wp-block-paragraph\">Los di\u00e1logos que derivaron en los Acuerdos de Chapultepec y llevaron la paz y la reconciliaci\u00f3n a El Salvador, se celebraron en ese escenario que a la 4T provoca prurito por haber sido residencia del emperador Maximiliano de Habsburgo, tra\u00eddo por los conservadores decimon\u00f3nicos con car\u00e1cter de emperador de M\u00e9xico.<\/p>\n\n\n\n<p class=\"wp-block-paragraph\">Pero, vaya, la historia patria est\u00e1 salpicada por esa vocaci\u00f3n que M\u00e9xico tiene en materia de asilo y refugio pol\u00edtico, la larga tradici\u00f3n reconocida mundialmente y que ha registrado episodios que se presumen y otros, como el del dimitente Evo Morales, que despiertan suspicacias y obligadamente inscriben al voluntarismo diplom\u00e1tico instruido desde Palacio Nacional.<\/p>\n\n\n\n<p class=\"wp-block-paragraph\">Y es que, partir del asilo pol\u00edtico otorgado a Evo Morales, quien renunci\u00f3 a la Presidencia de Bolivia y pr\u00e1cticamente huy\u00f3 en la que se antoja estrategia para allanar su retorno, como salvador de la patria y apaciguar la violencia que provoc\u00f3 su dimisi\u00f3n, es una p\u00e1gina m\u00e1s en la historia contempor\u00e1nea latinoamericana escenificada por l\u00edderes que llegaron al poder con la bandera de la democracia y contra la corrupci\u00f3n, sin duda cierta e insultante de grupos entronizados en el poder, pero han terminado por mimetizarse con aquellos a los que combatieron, e incluso han incurrido en la dictadura.<\/p>\n\n\n\n<p class=\"wp-block-paragraph\">Veamos el contraste con un episodio poco conocido de la diplomacia mexicana.<\/p>\n\n\n\n<p class=\"wp-block-paragraph\">Corr\u00eda el a\u00f1o de 1992, aquel mi\u00e9rcoles 15 de enero se encontraban reunidos en el Castillo de Chapultepec del Distrito Federal, el entonces presidente salvadore\u00f1o Alfredo Cristiani, el l\u00edder del FMLN Schafik H\u00e1ndal, \u00d3scar Santamar\u00eda, el escritor David Escobar Galindo y el comandante Roberto Ca\u00f1as. El di\u00e1logo lo patrocinaba el gobierno del presidente Carlos Salinas de Gortari, quien durante meses segu\u00eda de cerca la negociaci\u00f3n.<\/p>\n\n\n\n<p class=\"wp-block-paragraph\">Por el Gobierno mexicano estaba el entonces secretario de Relaciones Exteriores, Fernando Solana Morales, pendiente de todo lo que ocurr\u00eda en aquella mesa, una negociaci\u00f3n que parec\u00eda no tener fin.<\/p>\n\n\n\n<p class=\"wp-block-paragraph\">Y mire usted, el PRI ten\u00eda como enviado a Gustavo Carvajal Moreno, \u201cel canciller sin cartera\u201d, cuya experiencia databa desde el gobierno del presidente Jos\u00e9 L\u00f3pez Portillo, quien le hab\u00eda encargado la tarea de brindar importantes apoyos al Frente Farabundo Mart\u00ed para la Liberaci\u00f3n Nacional (FMLN); incluso no es un secreto que hizo lo mismo con la guerrilla nicarag\u00fcense, el Frente Sandinista de Liberaci\u00f3n Nacional, en las postrimer\u00edas de la d\u00e9cada de los 70.<\/p>\n\n\n\n<p class=\"wp-block-paragraph\">Bien. La ma\u00f1ana de aquel d\u00eda todo iba bien. Los acuerdos hab\u00edan madurado y estaban listos para ser signados por los representantes del Gobierno salvadore\u00f1o y los del FMLN. El presidente Carlos Salinas fue informado por sus enviados que todo estaba a punto para la firma el d\u00eda jueves 16 de enero.<\/p>\n\n\n\n<p class=\"wp-block-paragraph\">Era invierno en la capital de la Rep\u00fablica mexicana; frio y humedad en el vetusto castillo. Hab\u00eda algunas risas, bromas, el ambiente de guerra que viv\u00eda El Salvador se transformaba en camarader\u00eda en suelo mexicano. De repente todo cambi\u00f3. Las alarmas se encendieron. El comandante Schafik H\u00e1ndal, l\u00edder del FMLN, hab\u00eda sufrido un infarto al miocardio.<\/p>\n\n\n\n<p class=\"wp-block-paragraph\">El famoso \u201ctel\u00e9fono rojo\u201d, a trav\u00e9s del cual los altos funcionarios del gobierno federal se comunican con el Presidente de la Rep\u00fablica son\u00f3 en Los Pinos, entonces residencia oficial de los presidentes de M\u00e9xico. Carlos Salinas fue informado de la delicada salud en que se encontraba H\u00e1ndal. Al momento un Helic\u00f3ptero militar despeg\u00f3 del Campo Marte y aterriz\u00f3 en el Castillo de Chapultepec. Schafik fue subido a bordo y trasladado al Centro M\u00e9dico Nacional Siglo XXI, donde un equipo de m\u00e9dicos lo esperaba para ser intervenido. La operaci\u00f3n fue un \u00e9xito pero la informaci\u00f3n no trascendi\u00f3.<\/p>\n\n\n\n<p class=\"wp-block-paragraph\">El jueves 16 de enero, lo que pocos saben, con menos de veinticuatro horas de reposo, Schafik H\u00e1ndal, firm\u00f3 los Acuerdos de Paz que pon\u00edan fin a la guerra en El Salvador, un conflicto que enfrent\u00f3 abiertamente, durante la guerra fr\u00eda, al PRI y sus gobiernos con Estados Unidos por la oposici\u00f3n mexicana a la soluci\u00f3n militar planteada por la Casa Blanca.<\/p>\n\n\n\n<p class=\"wp-block-paragraph\">\u201cEs motivo de profunda satisfacci\u00f3n para nosotros que la firma del Acuerdo de Paz se realice en el Castillo de Chapultepec, aqu\u00ed donde los Ni\u00f1os H\u00e9roes demostraron la indomable voluntad de los mexicanos para defender su Patria, su dignidad y su soberan\u00eda; lugar que evoca tambi\u00e9n la victoriosa lucha de Benito Ju\u00e1rez contra la impostura, por la Rep\u00fablica y las reformas que dieron a M\u00e9xico su perfil definitivo como naci\u00f3n soberana. Estos valores que pertenecen a M\u00e9xico, est\u00e1n integrados en los cimientos de la latinoamericanidad\u201d, expres\u00f3 el valiente guerrillero.<\/p>\n\n\n\n<p class=\"wp-block-paragraph\">Y frente a Carlos Salinas de Gortari sigui\u00f3 agradeciendo a \u201cM\u00e9xico su constante y cotidiano apoyo a la negociaci\u00f3n salvadore\u00f1a y al pueblo mexicano su calor y simpat\u00edas\u201d.<\/p>\n\n\n\n<p class=\"wp-block-paragraph\">Los a\u00f1os pasaron, pero el agradecimiento de Schafik H\u00e1ndal a M\u00e9xico y al PRI, jam\u00e1s pas\u00f3, menos a\u00fan a Carlos Salinas de Gortari con quien lo uni\u00f3 una amistad.<\/p>\n\n\n\n<p class=\"wp-block-paragraph\">Hombre bien nacido, Schafik H\u00e1ndal siempre se alegraba de que una delegaci\u00f3n de mexicanos llegara a visitarlo a su austera casa y si eran del Partido Revolucionario Institucional, se alegraba m\u00e1s. Gustavo Carvajal Moreno, fundador de la Copppal, quien muchas veces acud\u00eda junto con sus compa\u00f1eros pri\u00edstas, pasaba a comprar algunas viandas para no llegar con las manos vac\u00edas. \u201cCooperen, no sean gorrones\u201d les dec\u00eda en tono de broma. Conoc\u00eda las dificultades econ\u00f3micas de su amigo y procuraba no causarle molestias.<\/p>\n\n\n\n<p class=\"wp-block-paragraph\">Schafik era un gran conversador. Hombre agradecido, siempre preguntaba por M\u00e9xico, por el PRI, as\u00ed como por sus amigos mexicanos.<\/p>\n\n\n\n<p class=\"wp-block-paragraph\">Era un buen anfitri\u00f3n, mejor amigo y sobre todo un excepcional salvadore\u00f1o que, generoso, no le neg\u00f3 la paz a su amada patria. Falleci\u00f3 el 24 de enero de 2006 en El Salvador, en su patria por cuyas libertades luch\u00f3.<\/p>\n\n\n\n<p class=\"wp-block-paragraph\">\u00bfAlguna comparaci\u00f3n con Evo Morales? El boliviano se llama perseguido por Estados Unidos, v\u00edctima de Estados Unidos pero refiere que Estados Unidos, el gobierno de Trump, le ofreci\u00f3 un avi\u00f3n para viajar a donde quisiera. En M\u00e9xico tiene vida de jeque; se le trata como Jefe de Estado, aunque se asume ex Presidente.<\/p>\n\n\n\n<p class=\"wp-block-paragraph\">No hay comparaci\u00f3n alguna en aquel ejercicio de la pol\u00edtica exterior de M\u00e9xico y lo ocurrido con el chico boliviano que se quiso perpetuar en el poder. Conste.<\/p>\n\n\n\n<p class=\"wp-block-paragraph\"><a href=\"mailto:sanchezlimon@gmail.com\" target=\"_blank\" rel=\"noreferrer noopener\">sanchezlimon@gmail.com<\/a><\/p>\n\n\n\n<p class=\"wp-block-paragraph\"><a href=\"http:\/\/www.entresemana.mx\/\" target=\"_blank\" rel=\"noreferrer noopener\">www.entresemana.mx<\/a><\/p>\n\n\n\n<p class=\"wp-block-paragraph\">@msanchezlimon<\/p>\n","protected":false},"excerpt":{"rendered":"<p>MOIS\u00c9S S\u00c1NCHEZ LIM\u00d3N SemM\u00e9xico. Cd. de M\u00e9xico. 26 de noviembre de 2019.- \u00bfRecuerda usted a Schafik H\u00e1ndal y los Acuerdos de Paz de Chapultepec firmados a principios de la d\u00e9cada de los 90 del siglo pasado en M\u00e9xico? En materia de pol\u00edtica exterior M\u00e9xico es vastamente reconocido. Su calidad de mediador en la negociaci\u00f3n tendente [&hellip;]<\/p>\n","protected":false},"author":3,"featured_media":14418,"comment_status":"open","ping_status":"open","sticky":false,"template":"","format":"standard","meta":{"_monsterinsights_skip_tracking":false,"footnotes":""},"categories":[690,105,83,35,1],"tags":[],"class_list":["post-14416","post","type-post","status-publish","format-standard","has-post-thumbnail","category-690","category-entresemana","category-moises-sanchez-limon","category-opinion","category-uncategorized"],"_links":{"self":[{"href":"https:\/\/redsemlac.com\/semmexico\/wp-json\/wp\/v2\/posts\/14416","targetHints":{"allow":["GET"]}}],"collection":[{"href":"https:\/\/redsemlac.com\/semmexico\/wp-json\/wp\/v2\/posts"}],"about":[{"href":"https:\/\/redsemlac.com\/semmexico\/wp-json\/wp\/v2\/types\/post"}],"author":[{"embeddable":true,"href":"https:\/\/redsemlac.com\/semmexico\/wp-json\/wp\/v2\/users\/3"}],"replies":[{"embeddable":true,"href":"https:\/\/redsemlac.com\/semmexico\/wp-json\/wp\/v2\/comments?post=14416"}],"version-history":[{"count":0,"href":"https:\/\/redsemlac.com\/semmexico\/wp-json\/wp\/v2\/posts\/14416\/revisions"}],"wp:featuredmedia":[{"embeddable":true,"href":"https:\/\/redsemlac.com\/semmexico\/wp-json\/wp\/v2\/media\/14418"}],"wp:attachment":[{"href":"https:\/\/redsemlac.com\/semmexico\/wp-json\/wp\/v2\/media?parent=14416"}],"wp:term":[{"taxonomy":"category","embeddable":true,"href":"https:\/\/redsemlac.com\/semmexico\/wp-json\/wp\/v2\/categories?post=14416"},{"taxonomy":"post_tag","embeddable":true,"href":"https:\/\/redsemlac.com\/semmexico\/wp-json\/wp\/v2\/tags?post=14416"}],"curies":[{"name":"wp","href":"https:\/\/api.w.org\/{rel}","templated":true}]}}