{"id":14412,"date":"2019-11-26T17:43:16","date_gmt":"2019-11-26T17:43:16","guid":{"rendered":"https:\/\/redsemlac.com\/semmexico\/?p=14412"},"modified":"2023-07-21T15:15:03","modified_gmt":"2023-07-21T20:15:03","slug":"la-doble-cara-de-la-trata-cuantas-formas-puede-llegar-a-tener","status":"publish","type":"post","link":"https:\/\/redsemlac.com\/semmexico\/la-doble-cara-de-la-trata-cuantas-formas-puede-llegar-a-tener\/","title":{"rendered":"La doble cara de la trata: \u00bfcu\u00e1ntas formas puede llegar a tener?"},"content":{"rendered":"\n<p class=\"wp-block-paragraph\">Por Adriana Rocha Pastor<\/p>\n\n\n\n<p class=\"wp-block-paragraph\">SemM\u00e9xico\/AmecoPress. Madrid, 26 nov. 2019. AmecoPress. &#8211; La trata de seres humanos est\u00e1 cambiando. Las redes han trazado nuevas rutas, influidas por los diferentes flujos migratorios. Las leyes y las pol\u00edticas cambian y, a la vez, evoluciona la tecnolog\u00eda, la econom\u00eda y el mundo laboral. Los m\u00e9todos de captaci\u00f3n y las t\u00e9cnicas de coacci\u00f3n y manipulaci\u00f3n tambi\u00e9n han mutado. Quien lo paga sigue siendo la v\u00edctima.<\/p>\n\n\n\n<p class=\"wp-block-paragraph\">La ONU se\u00f1ala a Espa\u00f1a como uno de los principales pa\u00edses de origen, tr\u00e1nsito y destino de la trata, sobre todo de mujeres y ni\u00f1as con fines de explotaci\u00f3n sexual. El dato es preocupante, pero Europa insta a Espa\u00f1a a preocuparse, tambi\u00e9n, por estas nuevas maneras que no son el foco de atenci\u00f3n.<\/p>\n\n\n\n<p class=\"wp-block-paragraph\">Esta ma\u00f1ana, en el espacio Impact Hub del madrile\u00f1o barrio de Chueca, se han presentado los datos del \u00faltimo Informe Novicom: La otra cara de la trata. La meta es visibilizar las distintas formas de trata que afectan a las mujeres, un fen\u00f3meno que va m\u00e1s all\u00e1 de la prostituci\u00f3n forzada. Hablan de nuevas formas, nuevos contextos como la pornograf\u00eda, los centros de masajes, los chats o las webs er\u00f3ticas.<\/p>\n\n\n\n<p class=\"wp-block-paragraph\">Aunque el fin de explotaci\u00f3n sexual es el m\u00e1s sonado y la atenci\u00f3n p\u00fablica se centra en ese asunto, solo es la punta del iceberg. En Espa\u00f1a existe la trata con este fin, pero tambi\u00e9n la esclavitud laboral, los matrimonios forzosos, la trata para la comisi\u00f3n de delitos o para la mendicidad. La Comisi\u00f3n Europea es quien ha se\u00f1alado que la actual perspectiva subestima otras finalidades y GRETA (Grupo de Expertos del Consejo de Europa), advierte de las consecuencias de olvidar la otra parte. Insta a tomar cartas en el asunto, pasar a la acci\u00f3n.<\/p>\n\n\n\n<p class=\"wp-block-paragraph\">No es la primera vez que escriben al respecto, ya publicaron en 2017 un Estudio llamado \u201c\u00bfDe qu\u00e9 se trata? Visibilizando otras finalidades de la trata se seres humanos\u201d. Accem recuerda que tambi\u00e9n existe la trata combinada: \u201ccuando una mujer es explotada con diferentes finalidades\u201d.<\/p>\n\n\n\n<p class=\"wp-block-paragraph\">En 2017, la mayor\u00eda de personas identificadas como v\u00edctimas de la trata laboral proced\u00edan de Ruman\u00eda, Espa\u00f1a y China. En 2018 hab\u00eda cambiado la tendencia: los pa\u00edses m\u00e1s afectados eran Vietnam, Moldavia, Ruman\u00eda y Portugal. Este a\u00f1o, 2019, el foco de atenci\u00f3n se ha ido a Taiw\u00e1n, con organizaciones especializadas. Obviando la trata sexual y la prostituci\u00f3n forzada, las mujeres colman el servicio dom\u00e9stico, la industria textil, el calzado y las conservas.<\/p>\n\n\n\n<p class=\"wp-block-paragraph\">En base a datos, muchas entrevistas y el relato vital de una superviviente, el Informe Novicom busca el avance en detecci\u00f3n de casos, asistencia directa y capacitaci\u00f3n a las v\u00edctimas, investigaci\u00f3n al respecto, sensibilizaci\u00f3n ciudadana o incidencia pol\u00edtica. Es un estudio de \u00e1mbito estatal financiado por el Ministerio de Trabajo, Migraciones y Seguridad Social y el Fondo de Asilo, Migraci\u00f3n e Integraci\u00f3n (FAMI).<\/p>\n\n\n\n<p class=\"wp-block-paragraph\">Teresa de Gasperis, responsable del proyecto Novicom de Accem, explica que han notado un incremento anual de enero a diciembre, y en 2019, por primera vez, se ha extendido a Huelva y Vigo, no solo est\u00e1 en Madrid. \u201cEste a\u00f1o decidimos hacer un informe diagn\u00f3stico para ver qu\u00e9 pasa con las mujeres v\u00edctimas de trata no de manera sexual\u201d.<\/p>\n\n\n\n<p class=\"wp-block-paragraph\">Cree que hay que sensibilizar a toda la sociedad. Que se sepa c\u00f3mo es, qu\u00e9 pautas seguir para detectar qui\u00e9n puede ser v\u00edctima. Talleres, din\u00e1micas con personas en riesgo de trata o explotaci\u00f3n y diferentes actividades de concienciaci\u00f3n para que \u201ccualquier ciudadano pueda detectar casos de trata\u201d.<\/p>\n\n\n\n<p class=\"wp-block-paragraph\">\u201cHasta la fecha, entre talleres, encuentros y din\u00e1micas, hemos llegado a m\u00e1s de 700 personas en los tres territorios\u201d, se\u00f1ala la l\u00edder del informe. La jornada se organiza cada a\u00f1o, el encuentro entre distintos profesionales para solucionar dudas permite el an\u00e1lisis desde varias perspectivas: \u201cEl informe est\u00e1 centrado en las mujeres, pero la idea de hoy es centrarnos en todos los colectivos. No solo centrarnos en mujeres, poder tener una perspectiva desde todos los colectivos\u201d.<\/p>\n\n\n\n<p class=\"wp-block-paragraph\">Mujeres, pero tambi\u00e9n ni\u00f1as y el colectivo LGTBI. Son datos que extraen de las entrevistas realizadas. \u201cParte de las conclusiones y retos son reflexiones ya compartidas en otros espacios, inquietudes, dificultades a la hora de abordar el tema\u2026 Muchas veces, es importante poner por escrito, de manera estructurada, estas consideraciones y estas reflexiones\u201d.<\/p>\n\n\n\n<p class=\"wp-block-paragraph\">En la fase de documentaci\u00f3n, se fijaron en apariciones del tema en la prensa y se revis\u00f3 bibliograf\u00eda. El estudio de campo contempla 17 entrevistas semiestructuradas, 1 relato de vida de una mujer superviviente de la trata y 1 entrevista a una profesional de Accem (acompa\u00f1amiento).<\/p>\n\n\n\n<p class=\"wp-block-paragraph\">\u201cMuchas mujeres a lo mejor no hab\u00edan pasado su fase de recuperaci\u00f3n. Solo una mujer, superviviente de la trata, que despu\u00e9s de muchos a\u00f1os decidi\u00f3 entrevistarse con un compa\u00f1ero y darnos su relato de vida. Para ella, una manera de cerrar todo lo vivido\u201d. Explica que pas\u00f3 hace muchos a\u00f1os y contarlo le sirvi\u00f3 para \u201ccerrar toda esa experiencia. Poner un punto y seguir. Hemos podido contar con ella\u201d, dice de Gasperis.<\/p>\n\n\n\n<p class=\"wp-block-paragraph\">El Informe Novicom propone la tipificaci\u00f3n del trabajo forzoso, la adopci\u00f3n de una Ley Integral de Lucha contra la Trata de Seres Humanos y Protecci\u00f3n a las V\u00edctimas&nbsp;<\/p>\n\n\n\n<p class=\"wp-block-paragraph\">\u201cque abarque todas las finalidades de la trata y todas las personas que puedan sufrirlo\u201d.<\/p>\n\n\n\n<p class=\"wp-block-paragraph\">Los principales retos se centran en el proceso de identificaci\u00f3n de la v\u00edctima, la recopilaci\u00f3n de datos y los recursos y servicios espec\u00edficos para otras formas de trata, entre otros.<\/p>\n\n\n\n<p class=\"wp-block-paragraph\">Para conseguirlos, Teresa de Gasperis insta a la coordinaci\u00f3n efectiva entre los actores implicados en la lucha contra la trata, \u201cpero no solo los actores que ya estamos muy involucrados en la lucha, sino muchos m\u00e1s que hay que tener en consideraci\u00f3n: sindicatos y otras asociaciones de categor\u00eda laboral o de migraci\u00f3n\u201d.<\/p>\n\n\n\n<p class=\"wp-block-paragraph\">Tambi\u00e9n promueven el desarrollo de buenas pr\u00e1cticas para las trabajadoras, la dotaci\u00f3n de recursos y la toma de un papel proactivo. \u201cQue las mismas v\u00edctimas reconozcan que han sido v\u00edctimas, sabemos que es muy complicado que pase por muchos motivos, por lo que es importante activar manera para que el fen\u00f3meno y las v\u00edctimas emerjan. Muy importante poner en marcha estos mecanismos\u201d.<\/p>\n\n\n\n<p class=\"wp-block-paragraph\">La organizaci\u00f3n recuerda que hay que comprender la conducta herm\u00e9tica y defensiva de quien lo sufre en primera persona, \u00abfruto de la situaci\u00f3n traum\u00e1tica que han atravesado y de las amenazas\u00bb. La identificaci\u00f3n, seg\u00fan Accem, deber\u00eda respetar los tiempos y las necesidades de cada persona. La \u00fanica responsabilidad no debe recaer sobre las v\u00edctimas. sino tambi\u00e9n en la detecci\u00f3n de otros indicios razonables. Recuerdan que hacerlo de manera incorrecta puede ser delicado y acabar por \u00abconducir a su detenci\u00f3n o deportaci\u00f3n\u00bb.<\/p>\n\n\n\n<p class=\"wp-block-paragraph\">Adem\u00e1s, pretenden monitorear la situaci\u00f3n \u201cpara ver si la intervenci\u00f3n ha servido para algo. A lo mejor no siempre nos detenemos en valorar este punto, pero nos puede ayudar a mejorar\u201d. La idea del Informe es seguir adelante y corregir errores, hacer buenas propuestas, por eso mentan las l\u00edneas de financiaci\u00f3n p\u00fablicas a proyectos, se necesita m\u00e1s.<\/p>\n\n\n\n<p class=\"wp-block-paragraph\">Teresa de Gasperis ha agradecido la implicaci\u00f3n a quienes que se han acercado al acto y ha nombrado campa\u00f1as de visibilizaci\u00f3n como \u201cNo apartes la mirada\u201d. Ha concluido as\u00ed: \u201cen 10 a\u00f1os hemos avanzado mucho, pero son muchos los retos que nos queda. Sobre todo, cuando hablamos de otras formas de trata diferente de la habitual y otros colectivos\u201d.<\/p>\n","protected":false},"excerpt":{"rendered":"<p>Por Adriana Rocha Pastor SemM\u00e9xico\/AmecoPress. Madrid, 26 nov. 2019. AmecoPress. &#8211; La trata de seres humanos est\u00e1 cambiando. Las redes han trazado nuevas rutas, influidas por los diferentes flujos migratorios. Las leyes y las pol\u00edticas cambian y, a la vez, evoluciona la tecnolog\u00eda, la econom\u00eda y el mundo laboral. Los m\u00e9todos de captaci\u00f3n y las [&hellip;]<\/p>\n","protected":false},"author":3,"featured_media":14414,"comment_status":"open","ping_status":"open","sticky":false,"template":"","format":"standard","meta":{"_monsterinsights_skip_tracking":false,"footnotes":""},"categories":[690,53,1],"tags":[],"class_list":["post-14412","post","type-post","status-publish","format-standard","has-post-thumbnail","category-690","category-internacional","category-uncategorized"],"_links":{"self":[{"href":"https:\/\/redsemlac.com\/semmexico\/wp-json\/wp\/v2\/posts\/14412","targetHints":{"allow":["GET"]}}],"collection":[{"href":"https:\/\/redsemlac.com\/semmexico\/wp-json\/wp\/v2\/posts"}],"about":[{"href":"https:\/\/redsemlac.com\/semmexico\/wp-json\/wp\/v2\/types\/post"}],"author":[{"embeddable":true,"href":"https:\/\/redsemlac.com\/semmexico\/wp-json\/wp\/v2\/users\/3"}],"replies":[{"embeddable":true,"href":"https:\/\/redsemlac.com\/semmexico\/wp-json\/wp\/v2\/comments?post=14412"}],"version-history":[{"count":0,"href":"https:\/\/redsemlac.com\/semmexico\/wp-json\/wp\/v2\/posts\/14412\/revisions"}],"wp:featuredmedia":[{"embeddable":true,"href":"https:\/\/redsemlac.com\/semmexico\/wp-json\/wp\/v2\/media\/14414"}],"wp:attachment":[{"href":"https:\/\/redsemlac.com\/semmexico\/wp-json\/wp\/v2\/media?parent=14412"}],"wp:term":[{"taxonomy":"category","embeddable":true,"href":"https:\/\/redsemlac.com\/semmexico\/wp-json\/wp\/v2\/categories?post=14412"},{"taxonomy":"post_tag","embeddable":true,"href":"https:\/\/redsemlac.com\/semmexico\/wp-json\/wp\/v2\/tags?post=14412"}],"curies":[{"name":"wp","href":"https:\/\/api.w.org\/{rel}","templated":true}]}}