{"id":14408,"date":"2019-11-26T17:39:34","date_gmt":"2019-11-26T17:39:34","guid":{"rendered":"https:\/\/redsemlac.com\/semmexico\/?p=14408"},"modified":"2023-07-21T15:15:03","modified_gmt":"2023-07-21T20:15:03","slug":"el-45-por-ciento-de-las-mujeres-asesinadas-durante-2019-en-el-estado-espanol-residian-en-la-espana-rural","status":"publish","type":"post","link":"https:\/\/redsemlac.com\/semmexico\/el-45-por-ciento-de-las-mujeres-asesinadas-durante-2019-en-el-estado-espanol-residian-en-la-espana-rural\/","title":{"rendered":"El 45 por ciento de las mujeres asesinadas durante 2019 en el Estado espa\u00f1ol resid\u00edan en la Espa\u00f1a rural"},"content":{"rendered":"\n<p class=\"wp-block-paragraph\">Por Redacci\u00f3n&nbsp;<\/p>\n\n\n\n<p class=\"wp-block-paragraph\">SemM\u00e9xico\/AmecoPress. Madrid, 26 nov. 2019.- En el marco del D\u00eda Internacional de Lucha contra la Violencia hacia las Mujeres, desde el \u00c1rea de la Mujer de COAG y la Confederaci\u00f3n de Mujeres del Medio Rural (CERES) se suman a las iniciativas locales de ayuntamientos en todos los municipios para visibilizar esta \u00ablacra que sufre nuestra sociedad, insistiendo en una realidad: mientras que siga habiendo asesinatos machistas viviremos en una sociedad desequilibrada, enquistada e injusta\u00bb.<\/p>\n\n\n\n<p class=\"wp-block-paragraph\">\u201cAsimismo, denunciamos la falta de recursos p\u00fablicos para prevenir y combatir la violencia de g\u00e9nero en el medio rural. El 45 por ciento de las mujeres asesinadas en 2019 (51 desde enero) resid\u00edan en la Espa\u00f1a rural\u201d, ha puntualizado Inmaculada Ida\u00f1ez, responsable del \u00c1rea de la Mujer de COAG y Presidenta de CERES.<\/p>\n\n\n\n<p class=\"wp-block-paragraph\">Como representantes de las agricultoras y ganaderas, reclaman:<\/p>\n\n\n\n<p class=\"wp-block-paragraph\">1. Que se desarrolle e implemente el Convenio de Estambul del Consejo de Europa sobre prevenci\u00f3n y lucha contra la violencia contra la mujer y la violencia dom\u00e9stica que entr\u00f3 en vigor en Espa\u00f1a en 2014 y que est\u00e1 considerado como el tratado internacional m\u00e1s completo y de mayor alcance sobre la lucha contra la violencia contra las mujeres, siendo tambi\u00e9n el primer instrumento de car\u00e1cter vinculante a nivel europeo en esta materia. Sus rasgos m\u00e1s relevantes son la extensi\u00f3n del concepto de violencia de g\u00e9nero, que en Espa\u00f1a la Ley 1\/2004 deja circunscrita a la pareja o expareja; la no supeditaci\u00f3n de las medidas sociales y de seguridad a que la v\u00edctima presente denuncia judicial o testifique, la mejora de la colaboraci\u00f3n internacional y entre las autoridades judiciales y fiscales, la polic\u00eda y las administraciones estatal, auton\u00f3micas y locales, as\u00ed como las ONG\u2019s, en la protecci\u00f3n de todas las v\u00edctimas.<\/p>\n\n\n\n<p class=\"wp-block-paragraph\">2. El cumplimiento de las recomendaciones de la CEDAW (convenci\u00f3n para la eliminaci\u00f3n de todas las formas de discriminaci\u00f3n hacia la mujer) cuyo comit\u00e9 de personas expertas alert\u00f3 al gobierno espa\u00f1ol para que cumpliera precisamente el Convenio de Estambul anteriormente citado.<\/p>\n\n\n\n<p class=\"wp-block-paragraph\">3. Que toda la sociedad y sus organizaciones e instituciones se comprometan en esta lucha.<\/p>\n\n\n\n<p class=\"wp-block-paragraph\">4. Que la lucha y los recursos incluyan tanto la violencia que ejerce la pareja o ex pareja como las agresiones sexuales, el acoso sexual en el \u00e1mbito laboral, la trata con fines de explotaci\u00f3n sexual y laboral de mujeres y ni\u00f1as y todas las violencias machistas.<\/p>\n\n\n\n<p class=\"wp-block-paragraph\">5. Que todas las instancias de gobierno se comprometan realmente en la prevenci\u00f3n y erradicaci\u00f3n de las violencias machistas, as\u00ed como en la asistencia y reparaci\u00f3n de todas las mujeres en situaci\u00f3n de violencia, independientemente de la situaci\u00f3n administrativa en que se encuentren las mujeres.<\/p>\n\n\n\n<p class=\"wp-block-paragraph\">6. Que la prevenci\u00f3n sea una pol\u00edtica prioritaria, que incluya un sistema co-educativo en todos los ciclos, la formaci\u00f3n espec\u00edfica para todo el personal profesional que interviene en los procesos, los medios de comunicaci\u00f3n, la producci\u00f3n cultural y la sociedad civil en la lucha contra las violencias machistas.<\/p>\n\n\n\n<p class=\"wp-block-paragraph\">7. Que los medios de comunicaci\u00f3n se comprometan a hacer tratamiento adecuado de las diferentes de violencias machistas, visibiliz\u00e1ndolas.&nbsp;<\/p>\n\n\n\n<p class=\"wp-block-paragraph\">8. La eliminaci\u00f3n de la custodia compartida impuesta y el r\u00e9gimen de visitas a los menores de los maltratadores condenados.<\/p>\n\n\n\n<p class=\"wp-block-paragraph\">\u201cCERES y COAG se quieren significar como referencias en el medio rural contra la violencia. Mientras no se reconozcan los derechos de las mujeres para vivir libres nos van a encontrar en las calles y en cualquier medio donde tengamos cabida para presionar. No vamos a dar un paso atr\u00e1s en nuestros derechos y continuaremos realizando esfuerzos por visibilizar todas las injusticias que nos maltratan por el hecho de haber nacido mujeres. No somos objeto para la explotaci\u00f3n de nadie\u201d, ha subrayado Inmaculada Ida\u00f1ez.<\/p>\n","protected":false},"excerpt":{"rendered":"<p>Por Redacci\u00f3n&nbsp; SemM\u00e9xico\/AmecoPress. Madrid, 26 nov. 2019.- En el marco del D\u00eda Internacional de Lucha contra la Violencia hacia las Mujeres, desde el \u00c1rea de la Mujer de COAG y la Confederaci\u00f3n de Mujeres del Medio Rural (CERES) se suman a las iniciativas locales de ayuntamientos en todos los municipios para visibilizar esta \u00ablacra que [&hellip;]<\/p>\n","protected":false},"author":3,"featured_media":14410,"comment_status":"open","ping_status":"open","sticky":false,"template":"","format":"standard","meta":{"_monsterinsights_skip_tracking":false,"footnotes":""},"categories":[690,53,1],"tags":[],"class_list":["post-14408","post","type-post","status-publish","format-standard","has-post-thumbnail","category-690","category-internacional","category-uncategorized"],"_links":{"self":[{"href":"https:\/\/redsemlac.com\/semmexico\/wp-json\/wp\/v2\/posts\/14408","targetHints":{"allow":["GET"]}}],"collection":[{"href":"https:\/\/redsemlac.com\/semmexico\/wp-json\/wp\/v2\/posts"}],"about":[{"href":"https:\/\/redsemlac.com\/semmexico\/wp-json\/wp\/v2\/types\/post"}],"author":[{"embeddable":true,"href":"https:\/\/redsemlac.com\/semmexico\/wp-json\/wp\/v2\/users\/3"}],"replies":[{"embeddable":true,"href":"https:\/\/redsemlac.com\/semmexico\/wp-json\/wp\/v2\/comments?post=14408"}],"version-history":[{"count":0,"href":"https:\/\/redsemlac.com\/semmexico\/wp-json\/wp\/v2\/posts\/14408\/revisions"}],"wp:featuredmedia":[{"embeddable":true,"href":"https:\/\/redsemlac.com\/semmexico\/wp-json\/wp\/v2\/media\/14410"}],"wp:attachment":[{"href":"https:\/\/redsemlac.com\/semmexico\/wp-json\/wp\/v2\/media?parent=14408"}],"wp:term":[{"taxonomy":"category","embeddable":true,"href":"https:\/\/redsemlac.com\/semmexico\/wp-json\/wp\/v2\/categories?post=14408"},{"taxonomy":"post_tag","embeddable":true,"href":"https:\/\/redsemlac.com\/semmexico\/wp-json\/wp\/v2\/tags?post=14408"}],"curies":[{"name":"wp","href":"https:\/\/api.w.org\/{rel}","templated":true}]}}