{"id":14404,"date":"2019-11-26T17:33:08","date_gmt":"2019-11-26T17:33:08","guid":{"rendered":"https:\/\/redsemlac.com\/semmexico\/?p=14404"},"modified":"2023-07-21T15:15:03","modified_gmt":"2023-07-21T20:15:03","slug":"el-movimiento-feminista-llena-las-calles-contra-la-violencia-machista","status":"publish","type":"post","link":"https:\/\/redsemlac.com\/semmexico\/el-movimiento-feminista-llena-las-calles-contra-la-violencia-machista\/","title":{"rendered":"El movimiento feminista llena las calles contra la violencia machista"},"content":{"rendered":"\n<p class=\"wp-block-paragraph\">Por Redacci\u00f3n&nbsp;<\/p>\n\n\n\n<p class=\"wp-block-paragraph\">SemM\u00e9xico\/AmecoPress. Madrid, 26 nov. 2019. &#8211; Miles de personas se manifiestan en m\u00e1s de una treintena de ciudades del Estado espa\u00f1ol con motivo del D\u00eda Internacional de la Eliminaci\u00f3n de la Violencia contra la Mujer. En Madrid, unas 8000 mujeres y hombres marcharon en la gran manifestaci\u00f3n convocada por el Foro de Madrid contra la Violencia a las Mujeres, desde la plaza de Cibeles a la Puerta del Sol. Encabezando la manifestaci\u00f3n, una gran pancarta con el lema elegido este a\u00f1o: \u2018Cuidado, el machismo mata. Tolerancia cero\u2019.<\/p>\n\n\n\n<p class=\"wp-block-paragraph\">C\u00e1nticos: \u00abSola o borracha quiero llegar a casa, mi cuerpo es m\u00edo, m\u00edo, m\u00edo\u00bb. Carteles: \u00abNo estamos todas, nos faltan las asesinadas\u00bb, \u00abVivas nos queremos\u00bb, \u00abSomos m\u00e1s fuertes porque somos libres\u00bb o \u00abHermana, nosotras s\u00ed te creemos\u00bb. Banderas moradas. Y este a\u00f1o, mensajes a Vox, que lamentablemente ha tenido mucho protagonismo en el d\u00eda contra la violencia hacia las mujeres, por sus actitudes, mentiras, y capacidad para romper el consenso pol\u00edtico alrededor de la violencia de g\u00e9nero: \u00abAbascal, vuelve a tu corral\u00bb, \u00abEscucha Vox, las v\u00edctimas tienen voz\u00bb o \u00abEn nuestros derechos, ni un paso atr\u00e1s\u00bb.<\/p>\n\n\n\n<p class=\"wp-block-paragraph\">En la manifestaci\u00f3n participan integrantes del Gobierno en funciones, como la vicepresidenta, Carmen Calvo; el ministro del Interior, Fernando Grande-Marlaska; de Sanidad, Mar\u00eda Luisa Carcedo; de Justicia, Dolores Delgado; de Trabajo, Magdalena Valerio; y de Cultura, Jos\u00e9 Guirao.<\/p>\n\n\n\n<p class=\"wp-block-paragraph\">Tambi\u00e9n han asistido representantes de partidos pol\u00edticos, sindicatos y colectivos sociales. La portavoz de Unidas Podemos en el Congreso de los Diputados, Irene Montero; la vicesecretaria de Pol\u00edtica Social del PP, Cuca Gamarra; y de comunicaci\u00f3n, Pablo Montesinos; y el consejero madrile\u00f1o de Pol\u00edticas Sociales, Alberto Reyero, entre otros.<\/p>\n\n\n\n<p class=\"wp-block-paragraph\">La manifestaci\u00f3n se plantea como expresi\u00f3n de las reivindicaciones de la agenda feminista y quiere mostrar la indignaci\u00f3n y la voluntad declarada de las organizaciones de no cejar y seguir avanzando hacia una sociedad m\u00e1s justa e igualitaria, a pesar de las amenazas de los discursos machistas y negacionitas de esta violencia espec\u00edfica, la que se ejerce contra las mujeres por el hecho de serlo. Pero, tambi\u00e9n es importante recordar que la manifestaci\u00f3n se plantea como un acto de apoyo a las miles de mujeres que sufren violencia (30.000 mujeres viven en Espa\u00f1a con Orden de Protecci\u00f3n y alejamiento).<\/p>\n\n\n\n<p class=\"wp-block-paragraph\">Al final, en la Puerta del Sol, se da lectura al manifiesto consensuado por las organizaciones que apoyan la convocatoria, donde se denuncia \u201cla paralizaci\u00f3n del Pacto de Estado contra la Violencia Machista\u201d y se acusa a todas las administraciones de \u201cdesidia, abandono y falta de voluntad pol\u00edtica\u201d.<\/p>\n","protected":false},"excerpt":{"rendered":"<p>Por Redacci\u00f3n&nbsp; SemM\u00e9xico\/AmecoPress. Madrid, 26 nov. 2019. &#8211; Miles de personas se manifiestan en m\u00e1s de una treintena de ciudades del Estado espa\u00f1ol con motivo del D\u00eda Internacional de la Eliminaci\u00f3n de la Violencia contra la Mujer. En Madrid, unas 8000 mujeres y hombres marcharon en la gran manifestaci\u00f3n convocada por el Foro de Madrid [&hellip;]<\/p>\n","protected":false},"author":3,"featured_media":14406,"comment_status":"open","ping_status":"open","sticky":false,"template":"","format":"standard","meta":{"_monsterinsights_skip_tracking":false,"footnotes":""},"categories":[690,53,1],"tags":[],"class_list":["post-14404","post","type-post","status-publish","format-standard","has-post-thumbnail","category-690","category-internacional","category-uncategorized"],"_links":{"self":[{"href":"https:\/\/redsemlac.com\/semmexico\/wp-json\/wp\/v2\/posts\/14404","targetHints":{"allow":["GET"]}}],"collection":[{"href":"https:\/\/redsemlac.com\/semmexico\/wp-json\/wp\/v2\/posts"}],"about":[{"href":"https:\/\/redsemlac.com\/semmexico\/wp-json\/wp\/v2\/types\/post"}],"author":[{"embeddable":true,"href":"https:\/\/redsemlac.com\/semmexico\/wp-json\/wp\/v2\/users\/3"}],"replies":[{"embeddable":true,"href":"https:\/\/redsemlac.com\/semmexico\/wp-json\/wp\/v2\/comments?post=14404"}],"version-history":[{"count":0,"href":"https:\/\/redsemlac.com\/semmexico\/wp-json\/wp\/v2\/posts\/14404\/revisions"}],"wp:featuredmedia":[{"embeddable":true,"href":"https:\/\/redsemlac.com\/semmexico\/wp-json\/wp\/v2\/media\/14406"}],"wp:attachment":[{"href":"https:\/\/redsemlac.com\/semmexico\/wp-json\/wp\/v2\/media?parent=14404"}],"wp:term":[{"taxonomy":"category","embeddable":true,"href":"https:\/\/redsemlac.com\/semmexico\/wp-json\/wp\/v2\/categories?post=14404"},{"taxonomy":"post_tag","embeddable":true,"href":"https:\/\/redsemlac.com\/semmexico\/wp-json\/wp\/v2\/tags?post=14404"}],"curies":[{"name":"wp","href":"https:\/\/api.w.org\/{rel}","templated":true}]}}