{"id":14392,"date":"2019-11-26T15:11:26","date_gmt":"2019-11-26T15:11:26","guid":{"rendered":"https:\/\/redsemlac.com\/semmexico\/?p=14392"},"modified":"2023-07-21T15:15:03","modified_gmt":"2023-07-21T20:15:03","slug":"guerrero-86","status":"publish","type":"post","link":"https:\/\/redsemlac.com\/semmexico\/guerrero-86\/","title":{"rendered":"Asesinatos de mujeres est\u00e1n relacionados con el crimen organizado"},"content":{"rendered":"\n<ul class=\"wp-block-list\"><li>Afirma secretario de Gobierno de Guerrero que se trata de sicarias y halcones <\/li><li>Solo reconocen 18 feminicidios de 233 asesinatos violentos de mujeres<\/li><\/ul>\n\n\n\n<p class=\"wp-block-paragraph\">Josefina Aguilar Pastor<br>\nSemM\u00e9xico, Chilpancingo,Gro., 26 noviembre 2019.- En tanto que organizaciones civiles feministas reportan, hasta el mes de octubre, 233 asesinatos de mujeres, el gobierno estatal reconoce solo 18 feminicidios, la mayor\u00eda  de las muertes de mujeres est\u00e1n relacionadas con el crimen organizado, pues hay mujeres \u201chalcones\u201d y sicarias, se\u00f1al\u00f3 el secretario general de Gobierno, Florencio Salazar Adame.<\/p>\n\n\n\n<p class=\"wp-block-paragraph\">En lo que fue su comparecencia ante el pleno del Congreso del Estado, durante la glosa del IV Informe de Gobierno, el responsable de la pol\u00edtica interna y presidente del Sistema para Prevenir, Atender, Sancionar y Erradicar la Violencia contra las mujeres, dijo que, del 1 de enero al 11 de agosto, solo tiene registrados 8 feminicidios. Guerrero, a\u00f1adi\u00f3, se ubica en el lugar 18 a nivel nacional de acuerdo al Secretariado Ejecutivo del Sistema Nacional de Seguridad P\u00fablica, los municipios m\u00e1s afectados, son Acapulco, Chilpancingo y Chilapa.<\/p>\n\n\n\n<p class=\"wp-block-paragraph\">La violencia contra las mujeres solo fue abordada por tres diputados, entre ellos, Mois\u00e9s Reyes Sandoval, de Morena, quien cuestion\u00f3 sobre los mecanismos implementados por el gobierno del Estado para prevenir los feminicidios en Guerrero, ante lo que el funcionario respondi\u00f3 que Guerrero no se encuentra entre los primeros lugares y se\u00f1al\u00f3 que los delitos cometido son menores.<\/p>\n\n\n\n<p class=\"wp-block-paragraph\">Pidi\u00f3 no confundir los feminicidios con los casos de mujeres que lamentablemente son v\u00edctimas por actividades de car\u00e1cter delictivo, los grupos delincuenciales est\u00e1n integrados lo mismo por hombres que por mujeres \u201cque igualmente pueden ser halcones, sicarias que \u201cdesgraciadamente son v\u00edctimas de enfrentamiento con otros grupos criminales\u201d, se\u00f1al\u00f3 Salazar Adame.<\/p>\n\n\n\n<p class=\"wp-block-paragraph\">Son feminicidios cuando son v\u00edctimas de violencia \u201cpor su caracter\u00edstica femenina\u201d, por razones de odio, exclusi\u00f3n, violencia intrafamiliar y ese n\u00famero en Guerrero es reducido, estamos comprometidos en tratar de erradicarlos.<\/p>\n\n\n\n<p class=\"wp-block-paragraph\">Involucrar a los hombres en la estrategia contra la violencia machista<\/p>\n\n\n\n<p class=\"wp-block-paragraph\">Sostuvo que en la estrategia para combatir la violencia de g\u00e9nero se debe involucrar tambi\u00e9n a los hombres, pues quienes inciden de mayor manera en esta pr\u00e1ctica son los varones, por diferentes razones, desde la formaci\u00f3n familiar y cultural que les dice que son los que mandan, que debe ser servidos, atendidos, pueden andar en la calle, no deben rendir cuentas, distinto a las mujeres que deben estar en la casa, atender al pap\u00e1, a los hermanos, regresar a una determinada hora, no tienen las mismas libertades, de lo contrario dejan de ser mujeres honorables.<\/p>\n\n\n\n<p class=\"wp-block-paragraph\">Todo esto ha provocado una cultura en la que el hombre se impone y muchas de las veces a trav\u00e9s de la violencia, \u201cpor eso nosotros estamos tratando de ampliar la capacitaci\u00f3n a quienes somos el factor de la violencia contra las mujeres, las mujeres son las v\u00edctimas, los victimarios somos los hombres, a quienes tenemos que reformar es a los hombres, los que tenemos que cambiar nuestro comportamiento somos los hombres y en eso estamos empe\u00f1ados\u201d, sostuvo Salazar Adame.<\/p>\n\n\n\n<p class=\"wp-block-paragraph\">En tanto, la diputada Mar\u00eda Ver\u00f3nica Mu\u00f1oz Parra, del PRI, record\u00f3 que el 25N se conmemora el D\u00eda Internacional de la Eliminaci\u00f3n de la Violencia contra las Mujeres. <\/p>\n\n\n\n<p class=\"wp-block-paragraph\">Refiri\u00f3 que, de acuerdo a estudios realizados en 2018, la media nacional en feminicidios era de 0.95 casos por cada 100 mil habitantes, mientras que en Guerrero era de 2.3 casos, y aun con ello los datos dados a conocer por el funcionario, refieren que Guerrero se ubica en el lugar 18 a nivel nacional con 8 feminicidios.<\/p>\n\n\n\n<p class=\"wp-block-paragraph\">Sus cuestionamientos fueron en el sentido de las acciones realizadas, si han logrado disminuir el n\u00famero y el \u00edndice de feminicidios en la entidad,  si el estado trabaja con colectivos, sociedad civil, asociaciones civiles para disminuir este delito, si cuentan con pol\u00edticas p\u00fablicas para erradicar la violencia contra las mujeres en el \u00e1mbito p\u00fablico y privado, si el dan importancia a la Alerta de Violencia de G\u00e9nero, si cuentan con protocolos y espacios que atienden esta violencia, as\u00ed como con alg\u00fan registro o banco de datos con informaci\u00f3n sobre casos de violencia que se presentan en el Estado.<\/p>\n\n\n\n<p class=\"wp-block-paragraph\">Pol\u00edticas p\u00fablicas de largo aliento<\/p>\n\n\n\n<p class=\"wp-block-paragraph\">Salazar Adame respondi\u00f3 que la AVG ha llevado a implementar pol\u00edticas p\u00fablicas que deben ser sostenidas en el tiempo, con o sin alerta debe haber mecanismo para que las mujeres se muevan en un ambiente seguro, aunque las condiciones de la entidad no permiten asegurar qu\u00e9 en un tiempo se va a acabar, es cultural, para que todos puedan convivir en igualdad de g\u00e9neros, de manera civilizada y respetuosa\u201d, coment\u00f3.<\/p>\n\n\n\n<p class=\"wp-block-paragraph\">El funcionario asegur\u00f3 que han podido avanzar no solo porque est\u00e1n cumpliendo las acciones comprometidas, como las 232 reuniones de trabajo para evaluar acciones con las diferentes instancias del estado, han entregado dos informes anuales a la Conavim, celebrado tres sesiones del Sistema Estatal para Prevenir, Atender, Sancionar, Erradicar la Violencia contra las Mujeres, tres de la Comisi\u00f3n de Alerta de G\u00e9nero y cuatro de Promoci\u00f3n y Participaci\u00f3n Ciudadana, talleres a m\u00e1s de mil docentes del sector educativo, se han editado tres mil ejemplares de la \u201cGu\u00eda Violeta\u201d, reforzamiento de la campa\u00f1a \u201cCambiemos la Ruta\u201d en el transporte p\u00fablico y acompa\u00f1amiento de los municipios con AVG.<\/p>\n\n\n\n<p class=\"wp-block-paragraph\">No hay una forma de medir las mujeres beneficiadas con estas acciones, dijo y anunci\u00f3 que a finales de enero pr\u00f3ximo, levantaran una encuesta en cada uno de los municipios con AVG, que arrojar\u00e1 resultados concretos, en cuanto a cuales han sido las respuestas de cada Secretar\u00eda involucrada, para evitar la violencia de g\u00e9nero, c\u00f3mo est\u00e1n otorgando los servicios, de qu\u00e9 manera son atendidas las personas que dicen ser sujetas de violencia en los centros hospitalarios, seguridad p\u00fablica y fiscal\u00eda.<\/p>\n\n\n\n<p class=\"wp-block-paragraph\">\u201cAl ser un tema tan sensible\u201d, indic\u00f3 que se necesita que los resultados sean corroborados por la poblaci\u00f3n y por los servidores p\u00fablicos de estas \u00e1reas dedicas a atender a las mujeres violentadas.<\/p>\n\n\n\n<p class=\"wp-block-paragraph\">Esta encuesta permitir\u00e1 conocer m\u00e1s a fondo las acciones realizadas. \u201cNo es nuestro inter\u00e9s maquillar datos, tampoco poner en duda si el gabinete del gobernador est\u00e9 incumpliendo con lo que les corresponde, pero al ser un tema delicado, solo queremos tener certidumbre\u201d, recalc\u00f3 el Secretario General de Gobierno.<\/p>\n\n\n\n<p class=\"wp-block-paragraph\">Asegur\u00f3 que la Declaratoria de Alerta de Violencia de G\u00e9nero emitida en 2017, permiti\u00f3 identificar \u00e1reas de oportunidad e impulsar pol\u00edticas p\u00fablicas en favor de las mujeres, con base en un plan, presupuesto espec\u00edfico y mecanismos de seguimiento.<\/p>\n\n\n\n<p class=\"wp-block-paragraph\">SEM\/jap\/sj<\/p>\n","protected":false},"excerpt":{"rendered":"<p>Solo reconocen 18 feminicidios de 233 asesinatos violentos de mujeres<\/p>\n","protected":false},"author":3,"featured_media":14394,"comment_status":"open","ping_status":"open","sticky":false,"template":"","format":"standard","meta":{"_monsterinsights_skip_tracking":false,"footnotes":""},"categories":[690,50],"tags":[],"class_list":["post-14392","post","type-post","status-publish","format-standard","has-post-thumbnail","category-690","category-congreso"],"_links":{"self":[{"href":"https:\/\/redsemlac.com\/semmexico\/wp-json\/wp\/v2\/posts\/14392","targetHints":{"allow":["GET"]}}],"collection":[{"href":"https:\/\/redsemlac.com\/semmexico\/wp-json\/wp\/v2\/posts"}],"about":[{"href":"https:\/\/redsemlac.com\/semmexico\/wp-json\/wp\/v2\/types\/post"}],"author":[{"embeddable":true,"href":"https:\/\/redsemlac.com\/semmexico\/wp-json\/wp\/v2\/users\/3"}],"replies":[{"embeddable":true,"href":"https:\/\/redsemlac.com\/semmexico\/wp-json\/wp\/v2\/comments?post=14392"}],"version-history":[{"count":0,"href":"https:\/\/redsemlac.com\/semmexico\/wp-json\/wp\/v2\/posts\/14392\/revisions"}],"wp:featuredmedia":[{"embeddable":true,"href":"https:\/\/redsemlac.com\/semmexico\/wp-json\/wp\/v2\/media\/14394"}],"wp:attachment":[{"href":"https:\/\/redsemlac.com\/semmexico\/wp-json\/wp\/v2\/media?parent=14392"}],"wp:term":[{"taxonomy":"category","embeddable":true,"href":"https:\/\/redsemlac.com\/semmexico\/wp-json\/wp\/v2\/categories?post=14392"},{"taxonomy":"post_tag","embeddable":true,"href":"https:\/\/redsemlac.com\/semmexico\/wp-json\/wp\/v2\/tags?post=14392"}],"curies":[{"name":"wp","href":"https:\/\/api.w.org\/{rel}","templated":true}]}}