{"id":14387,"date":"2019-11-26T15:01:24","date_gmt":"2019-11-26T15:01:24","guid":{"rendered":"https:\/\/redsemlac.com\/semmexico\/?p=14387"},"modified":"2023-07-21T15:15:03","modified_gmt":"2023-07-21T20:15:03","slug":"solecita-la-hija-de-todas-la-que-no-ha-tenido-justicia-martha-figueroa-mier","status":"publish","type":"post","link":"https:\/\/redsemlac.com\/semmexico\/solecita-la-hija-de-todas-la-que-no-ha-tenido-justicia-martha-figueroa-mier\/","title":{"rendered":"Solecita, la hija de todas, la que no ha tenido justicia: Martha Figueroa Mier"},"content":{"rendered":"\n<ul class=\"wp-block-list\"><li>850 registros de casos de violencia feminicida y feminicidios en Chiapas<\/li><li>Lament\u00f3 que la violencia atente contra la vida de las y los periodistas<\/li><\/ul>\n\n\n\n<p class=\"wp-block-paragraph\"><strong>Candelaria Rodr\u00edguez<\/strong><br> SemM\u00e9xico, Tuxtla Guti\u00e9rrez, Chis., 25 noviembre 2019.- Desde San Crist\u00f3bal de las Casas, ubicado a 56 kil\u00f3metros de Tuxtla Guti\u00e9rrez, Martha Figueroa Mier, activista, feminista y abogada arrib\u00f3 al foro \u201cAvances y retrocesos en torno a la violencia feminicida y los feminicidios en Chiapas\u201d cargando, literalmente una  cruz color rosa con una foto al centro de la joven fotoperiodista, feminista de Oaxaca,  Mar\u00eda del Sol Cruz Jarqu\u00edn, asesinada en Juchit\u00e1n, Oaxaca, el 2 de junio del 2018, cuando cubr\u00eda una campa\u00f1a electoral. La cruz fue colocada en medio del pres\u00eddium para que fuera visible para todo el auditorio, repleto de diputadas, feministas, dirigentes, periodistas y p\u00fablico en general. <\/p>\n\n\n\n<p class=\"wp-block-paragraph\">\u201cAhora s\u00ed que cargamos esta cruz, porque Solecita representa para m\u00ed, como las hijas de todas. Y nos representa a todas, y trae a mi mente a la mama (Soledad Jarqu\u00edn), que es una excelente periodista, que ha visibilizado el tema\u201d, dijo la feminista y abogada defensoras de los derechos humanos de las mujeres, Martha Figueroa Mier, en el foro en el marco del D\u00eda Internacional de la Eliminaci\u00f3n de la violencia contra las mujeres, donde hizo hincapi\u00e9 de la falta de respuesta de las autoridades.<\/p>\n\n\n\n<p class=\"wp-block-paragraph\">Invitada por la organizaci\u00f3n \u201c\u00datero Feliz\u201d para reflexionar sobre la violencia contra las mujeres, en las instalaciones del congreso del Estado, carg\u00f3 la cruz, \u201cla llevo a donde voy\u201d. Lament\u00f3 que la violencia atente contra la vida de las y los periodistas, y que la misma presidenta de la Comisi\u00f3n Nacional de los Derechos Humanos, desconoce, eso es muy preocupante, dijo.<\/p>\n\n\n\n<ul class=\"wp-block-gallery columns-2 is-cropped wp-block-gallery-1 is-layout-flex wp-block-gallery-is-layout-flex\"><li class=\"blocks-gallery-item\"><figure><img decoding=\"async\" src=\"https:\/\/redsemlac.com\/semmexico\/wp-content\/uploads\/2019\/11\/IMG-20191126-WA0000-768x1024.jpg\" alt=\"\" data-id=\"14388\" data-link=\"https:\/\/redsemlac.com\/semmexico\/?attachment_id=14388\" class=\"wp-image-14388\"\/><\/figure><\/li><li class=\"blocks-gallery-item\"><figure><img decoding=\"async\" src=\"https:\/\/redsemlac.com\/semmexico\/wp-content\/uploads\/2019\/11\/FORO-CHIAPAS-2-1024x576.jpeg\" alt=\"\" data-id=\"14389\" data-link=\"https:\/\/redsemlac.com\/semmexico\/?attachment_id=14389\" class=\"wp-image-14389\"\/><\/figure><\/li><\/ul>\n\n\n\n<p class=\"wp-block-paragraph\">En la charla, donde dijo que, de 2012 a la fecha, hay 850 registros de casos de violencia feminicida y feminicidios en Chiapas, de los cuales 385 han sido identificados por las integrantes defensoras del Colectivo de Mujeres (COLEM) como feminicidios y desde la aplicaci\u00f3n de la Declaratoria de la Alerta de Violencia de G\u00e9nero contra las Mujeres, el 18 de noviembre del 2016, se han identificado 355 de los cuales, 139 son feminicidios, este a\u00f1o van 140 casos: 53 posibles feminicidios.  <\/p>\n\n\n\n<p class=\"wp-block-paragraph\">Al referirse de reparaci\u00f3n del da\u00f1o a las v\u00edctimas, dijo que para que ello suceda, debe desde el inicio de la investigaci\u00f3n registrarse como feminicidios, como el caso de Solecita, para que el Estado vea cual es el nivel y el tama\u00f1o y el fondo que se gener\u00f3 para atender a las v\u00edctimas y se aplique desde el principio y no hasta que llega una sentencia que nunca llega. Aunque en el caso de la fotoperiodista no se registr\u00f3 como feminicidio y la Fiscal\u00eda de Oaxaca no ha \u201cenderezado\u201d la investigaci\u00f3n.<\/p>\n\n\n\n<p class=\"wp-block-paragraph\">\u201cEs innegable que muchas mujeres, como Solecita son v\u00edctimas y que toda la familia, la sociedad, la comunidad requiere de acciones reparadoras y que el Estado est\u00e1 obligado a generarlas\u201d, y no solo es dinero, coment\u00f3, en virtud que la Comisionada Nacional que hablaba de v\u00edctimas, \u201cdec\u00eda que si ustedes pueden poner una cantidad desde el principio es m\u00e1s f\u00e1cil. No todo se arregla con dinero\u201d, coment\u00f3. Lo que hace falta es que se registre a todas las v\u00edctimas para que consideren el tama\u00f1o de la reparaci\u00f3n del da\u00f1o, y quede a cargo del Estado, porque es el Estado el que debe garantizar la vida para las mujeres.<\/p>\n\n\n\n<p class=\"wp-block-paragraph\">Por eso cargo mi cruz. La cargo con la esperanza de que haya justicia no solo para Soledad, sino justicia para m\u00ed,  igual para todas como las j\u00f3venes que hoy aportan ideas nuevas, entusiasta que hoy est\u00e1n participando, como lo era Solecita.<\/p>\n\n\n\n<p class=\"wp-block-paragraph\">La activista hizo un an\u00e1lisis de los avances y retrocesos en torno a la violencia feminicida y los feminicidios en Chiapas, y se\u00f1al\u00f3 que desde la Alerta de Violencia de G\u00e9nero contra las Mujeres (AVGM) y desde el 2012 que se crea el tipo penal de feminicidio, las cifras coinciden con el consorcio con 850 registro de violencia feminicida, y m\u00e1s de 300 feminicidios y las fuentes son las y los periodistas. Refiere que en Chiapas registra m\u00e1s de 50 feminicidios, m\u00e1s homicidios, m\u00e1s accidentes y el gobernador (Rutilio Escand\u00f3n Cadenas) dice que este a\u00f1o van 16 feminicidios.<\/p>\n\n\n\n<p class=\"wp-block-paragraph\">SEM\/cr<\/p>\n","protected":false},"excerpt":{"rendered":"<p>850 registros de casos de violencia feminicida y feminicidios en Chiapas<\/p>\n","protected":false},"author":3,"featured_media":14390,"comment_status":"open","ping_status":"open","sticky":false,"template":"","format":"standard","meta":{"_monsterinsights_skip_tracking":false,"footnotes":""},"categories":[690,54],"tags":[],"class_list":["post-14387","post","type-post","status-publish","format-standard","has-post-thumbnail","category-690","category-mujeres"],"_links":{"self":[{"href":"https:\/\/redsemlac.com\/semmexico\/wp-json\/wp\/v2\/posts\/14387","targetHints":{"allow":["GET"]}}],"collection":[{"href":"https:\/\/redsemlac.com\/semmexico\/wp-json\/wp\/v2\/posts"}],"about":[{"href":"https:\/\/redsemlac.com\/semmexico\/wp-json\/wp\/v2\/types\/post"}],"author":[{"embeddable":true,"href":"https:\/\/redsemlac.com\/semmexico\/wp-json\/wp\/v2\/users\/3"}],"replies":[{"embeddable":true,"href":"https:\/\/redsemlac.com\/semmexico\/wp-json\/wp\/v2\/comments?post=14387"}],"version-history":[{"count":0,"href":"https:\/\/redsemlac.com\/semmexico\/wp-json\/wp\/v2\/posts\/14387\/revisions"}],"wp:featuredmedia":[{"embeddable":true,"href":"https:\/\/redsemlac.com\/semmexico\/wp-json\/wp\/v2\/media\/14390"}],"wp:attachment":[{"href":"https:\/\/redsemlac.com\/semmexico\/wp-json\/wp\/v2\/media?parent=14387"}],"wp:term":[{"taxonomy":"category","embeddable":true,"href":"https:\/\/redsemlac.com\/semmexico\/wp-json\/wp\/v2\/categories?post=14387"},{"taxonomy":"post_tag","embeddable":true,"href":"https:\/\/redsemlac.com\/semmexico\/wp-json\/wp\/v2\/tags?post=14387"}],"curies":[{"name":"wp","href":"https:\/\/api.w.org\/{rel}","templated":true}]}}