{"id":14312,"date":"2019-11-25T21:13:49","date_gmt":"2019-11-25T21:13:49","guid":{"rendered":"https:\/\/redsemlac.com\/semmexico\/?p=14312"},"modified":"2023-07-21T15:15:05","modified_gmt":"2023-07-21T20:15:05","slug":"gobierno-no-garantiza-la-eliminacion-de-la-violencia-contra-las-mujeres","status":"publish","type":"post","link":"https:\/\/redsemlac.com\/semmexico\/gobierno-no-garantiza-la-eliminacion-de-la-violencia-contra-las-mujeres\/","title":{"rendered":"Gobierno no garantiza la eliminaci\u00f3n de la violencia contra las mujeres"},"content":{"rendered":"\n<p class=\"wp-block-paragraph\">* Piden que el gobierno de la CDMX abstenerse de operativos de contenci\u00f3n de manifestaciones<\/p>\n\n\n\n<p class=\"wp-block-paragraph\">* Hoy se prev\u00e9n varias marchas<\/p>\n\n\n\n<p class=\"wp-block-paragraph\">Redacci\u00f3n<\/p>\n\n\n\n<p class=\"wp-block-paragraph\">SemM\u00e9xico, Cd. de M\u00e9xico, 25 noviembre 2019.- Los gobiernos de M\u00e9xico \u2013federal, estatales y municipales-, no garantizan la eliminaci\u00f3n de la violencia contra las mujeres, ni con pol\u00edticas p\u00fablicas serias, ni mucho menos han logrado garantizar el debido acceso a la justicia y a las garant\u00edas de no repetici\u00f3n y no impunidad en los diferentes casos de feminicidio, desaparici\u00f3n y desaparici\u00f3n forzada, violaci\u00f3n, trata de personas, violencia intrafamiliar, hostigamiento y acoso sexuales y violencia pol\u00edtica y que los avances que se han presentado en nuestro pa\u00eds en el tema, no se han logrado por la voluntad o concesi\u00f3n de ning\u00fan gobierno, sino ha sido a partir de la lucha del movimiento feminista.<\/p>\n\n\n\n<p class=\"wp-block-paragraph\">En un comunicado el Colectivo Aequus. Promoci\u00f3n y Defensa de Derechos Humanos, se\u00f1ala que hay preocupaci\u00f3n ya que este d\u00eda, en la Ciudad de M\u00e9xico, est\u00e1n convocadas diversas manifestaciones legitimas del movimiento feminista, precisamente para protestar contra toda violencia cometida contra las mujeres, sin embargo, advierten el Gobierno de la Ciudad de M\u00e9xico, ha amenazado con una serie de medidas que a nuestro juicio las consideramos como provocaciones, sobre todo las relativas al uso de polic\u00edas (mujeres) para contener aspectos de las movilizaciones y es uso de \u201cvoluntarias\u201d servidoras p\u00fablicas del Gobierno para infiltrarse como cuerpo de Paz en las movilizaciones.<\/p>\n\n\n\n<p class=\"wp-block-paragraph\">Consideran que, dentro de los par\u00e1metros del delito de acechanza prohibido por diversos lineamientos internacionales, ya que no es posible tener constancia o certeza de que esa infiltraci\u00f3n este integrada por \u201cservidoras p\u00fablicas\u201d o por polic\u00edas vestidas de civil.<\/p>\n\n\n\n<p class=\"wp-block-paragraph\">Por ello exigen al gobierno de la CDMX se abstenga de implementar operativos de contenci\u00f3n de manifestaciones, bajo ninguna circunstancia y menos en un d\u00eda como hoy y contra el movimiento feminista que precisamente hoy se moviliza en lucha contra las diversas formas de violencia cometidas hacia las mujeres.<\/p>\n\n\n\n<p class=\"wp-block-paragraph\">El comunicado es acompa\u00f1ado de una imagen en la que aparecen (de arriba a abajo y de derecha a izquierda):&nbsp;<\/p>\n\n\n\n<p class=\"wp-block-paragraph\">&#8211; Mar\u00eda Victoria de Gaona, madre de Luis Roberto Malag\u00f3n de Gaona, estudiante de la Facultad de Derecho-UNAM, v\u00edctima de homicidio en agosto de 2017<\/p>\n\n\n\n<p class=\"wp-block-paragraph\">&#8211; Mar\u00eda de Jes\u00fas Jaimes Zamudio, estudiante del Instituto Polit\u00e9cnico Nacional, v\u00edctima de feminicidio en enero de 2016.<\/p>\n\n\n\n<p class=\"wp-block-paragraph\">&#8211; Ver\u00f3nica Gudalupe Benitez Vega, estudiante de la Facultad de Estudios Superiores Cuautitl\u00e1n Campo 1, v\u00edctima de feminicidio en julio de 2017.<\/p>\n\n\n\n<p class=\"wp-block-paragraph\">&#8211; Elideth Yesenia Zamudio Solozarno, activista y madre de Mar\u00eda de Jes\u00fas Jaimes Zamudio, estudiante del Instituto Polit\u00e9cnico Nacional, v\u00edctima de feminicidio en enero de 2016.<\/p>\n\n\n\n<p class=\"wp-block-paragraph\">&#8211; Astli \u201cN\u201d, menor de edad, v\u00edctima de tortura por parte de elementos policiacos de la Secretaria de Seguridad Ciudadana del Gobierno de la Ciudad de M\u00e9xico, en enero 2019.<\/p>\n\n\n\n<p class=\"wp-block-paragraph\">&#8211; Mariela Vanessa D\u00edaz Valverde, estudiante de la Facultad de Filosof\u00eda y Letras \u2013UNAM, desaparecida desde abril de 2018.<\/p>\n\n\n\n<p class=\"wp-block-paragraph\">&#8211; Mar\u00eda de Lourdes Mej\u00eda Aguilar, activista y madre de Carlos Sinuh\u00e9 Cuevas Mej\u00eda, tesista y activista de la Facultad de Filosof\u00eda y Letras-UNAM, v\u00edctima de ejecuci\u00f3n extrajudicial en octubre de 2011.<\/p>\n\n\n\n<p class=\"wp-block-paragraph\">&#8211; Leslye Leticia Hern\u00e1ndez Moreno, estudiante de la Universidad Aut\u00f3noma de la Ciudad de M\u00e9xico, v\u00edctima de feminicidio en enero de 2019.<\/p>\n\n\n\n<p class=\"wp-block-paragraph\">&#8211; Guadalupe Pamela Gallardo Volante, desaparecida desde noviembre de 2017<\/p>\n\n\n\n<p class=\"wp-block-paragraph\">&#8211; Lesvy Berlin Rivera Osorio, estudiante de la UNAM, v\u00edctima de feminicidio en mayo de 2017.<\/p>\n\n\n\n<p class=\"wp-block-paragraph\">&#8211; Madres integrantes de movimiento de Madres y Padres de los 43 estudiantes de la Escuela Normal Rural \u201cRa\u00fal Isidro Burgos\u201d de Ayotizanapa, Guerrero, v\u00edctimas de desaparici\u00f3n forzada por elementos del Estado mexicano en septiembre de 2014.<\/p>\n\n\n\n<p class=\"wp-block-paragraph\">&#8211; Mar\u00eda de Jes\u00fas Patricio Martinez, vocera del Concejo Ind\u00edgena de Gobierno del Congreso Nacional Ind\u00edgena y ex pre-candidata independiente a la Presidencia de la Republica, blanco de cr\u00edticas racistas y mis\u00f3ginas por parte, principalmente, de simpatizantes y seguidores del titular del ejecutivo federal actual, durante el proceso electoral 2017-2018.<\/p>\n\n\n\n<p class=\"wp-block-paragraph\">&#8211; Familiares mujeres del colectivo Hasta Encontrarlxs CDMX.<\/p>\n\n\n\n<p class=\"wp-block-paragraph\">&#8211; Viviana Elizabeth Garrido Ibarra, desaparecida desde noviembre de 2018.<\/p>\n\n\n\n<p class=\"wp-block-paragraph\">&#8211; Mujeres integrantes de la Comunidad Otom\u00ed residente en la Ciudad de M\u00e9xico, victimas de diversos actos de racismo, segregaci\u00f3n, desalojos violentos, por parte de autoridades del Gobierno de la Ciudad de M\u00e9xico y de presuntos grupos vecinales de las colonias Ju\u00e1rez y Roma.<\/p>\n\n\n\n<p class=\"wp-block-paragraph\">&#8211; Mar\u00eda Volante, activista y madre de Guadalupe Pamela Gallardo Volante, desaparecida desde noviembre de 2017.<\/p>\n\n\n\n<p class=\"wp-block-paragraph\">&#8211; Araceli Osorio, activista y madre Lesvy Berlin Rivera Osorio, estudiante de la UNAM, v\u00edctima de feminicidio en mayo de 2017.<\/p>\n\n\n\n<p class=\"wp-block-paragraph\">&#8211; Sharon Dennise Corales Hern\u00e1ndez, estudiante de la Facultad de Psicolog\u00eda-UNAM, presa de consciencia desde el 20 de septiembre de 2019, interna en el penal de Santa Marta Acatitla.<\/p>\n\n\n\n<p class=\"wp-block-paragraph\">SEM\/sj<\/p>\n","protected":false},"excerpt":{"rendered":"<p>* Piden que el gobierno de la CDMX abstenerse de operativos de contenci\u00f3n de manifestaciones * Hoy se prev\u00e9n varias marchas Redacci\u00f3n SemM\u00e9xico, Cd. de M\u00e9xico, 25 noviembre 2019.- Los gobiernos de M\u00e9xico \u2013federal, estatales y municipales-, no garantizan la eliminaci\u00f3n de la violencia contra las mujeres, ni con pol\u00edticas p\u00fablicas serias, ni mucho menos [&hellip;]<\/p>\n","protected":false},"author":3,"featured_media":14314,"comment_status":"open","ping_status":"open","sticky":false,"template":"","format":"standard","meta":{"_monsterinsights_skip_tracking":false,"footnotes":""},"categories":[690,54],"tags":[],"class_list":["post-14312","post","type-post","status-publish","format-standard","has-post-thumbnail","category-690","category-mujeres"],"_links":{"self":[{"href":"https:\/\/redsemlac.com\/semmexico\/wp-json\/wp\/v2\/posts\/14312","targetHints":{"allow":["GET"]}}],"collection":[{"href":"https:\/\/redsemlac.com\/semmexico\/wp-json\/wp\/v2\/posts"}],"about":[{"href":"https:\/\/redsemlac.com\/semmexico\/wp-json\/wp\/v2\/types\/post"}],"author":[{"embeddable":true,"href":"https:\/\/redsemlac.com\/semmexico\/wp-json\/wp\/v2\/users\/3"}],"replies":[{"embeddable":true,"href":"https:\/\/redsemlac.com\/semmexico\/wp-json\/wp\/v2\/comments?post=14312"}],"version-history":[{"count":0,"href":"https:\/\/redsemlac.com\/semmexico\/wp-json\/wp\/v2\/posts\/14312\/revisions"}],"wp:featuredmedia":[{"embeddable":true,"href":"https:\/\/redsemlac.com\/semmexico\/wp-json\/wp\/v2\/media\/14314"}],"wp:attachment":[{"href":"https:\/\/redsemlac.com\/semmexico\/wp-json\/wp\/v2\/media?parent=14312"}],"wp:term":[{"taxonomy":"category","embeddable":true,"href":"https:\/\/redsemlac.com\/semmexico\/wp-json\/wp\/v2\/categories?post=14312"},{"taxonomy":"post_tag","embeddable":true,"href":"https:\/\/redsemlac.com\/semmexico\/wp-json\/wp\/v2\/tags?post=14312"}],"curies":[{"name":"wp","href":"https:\/\/api.w.org\/{rel}","templated":true}]}}