{"id":14308,"date":"2019-11-25T18:56:26","date_gmt":"2019-11-25T18:56:26","guid":{"rendered":"https:\/\/redsemlac.com\/semmexico\/?p=14308"},"modified":"2023-07-21T15:15:05","modified_gmt":"2023-07-21T20:15:05","slug":"tenida-de-negro-conmemoracion-del-25n-en-dominicana","status":"publish","type":"post","link":"https:\/\/redsemlac.com\/semmexico\/tenida-de-negro-conmemoracion-del-25n-en-dominicana\/","title":{"rendered":"Te\u00f1ida de negro conmemoraci\u00f3n del 25N en Dominicana"},"content":{"rendered":"\n<p class=\"wp-block-paragraph\">* Realizan miles de personas la Marca de las Mariposas<\/p>\n\n\n\n<p class=\"wp-block-paragraph\">* Llaman a poner fines a los \u201cacuerdos\u201d en casos de violencia contra las mujeres<\/p>\n\n\n\n<p class=\"wp-block-paragraph\">Mercedes Alonso<\/p>\n\n\n\n<p class=\"wp-block-paragraph\">SemM\u00e9xico\/SEMLac, Santo Domingo, 25 noviembre 2019.- No son nada halag\u00fce\u00f1os los resultados que exhibe el pa\u00eds, justo en este mes en el cual el mundo conmemora este 25 el D\u00eda Internacional de la Eliminaci\u00f3n de la Violencia contra la Mujer o D\u00eda Internacional de la No Violencia de G\u00e9nero; y como hiriente paradoja, precisamente en estas \u00faltimas semanas, la violencia machista ha cobrado la vida de nueve mujeres en Rep\u00fablica Dominicana, tierra donde naci\u00f3 la conmemoraci\u00f3n, en memoria de las Hermanas Mirabal.<\/p>\n\n\n\n<p class=\"wp-block-paragraph\">El hecho de que hasta los d\u00edas que corren de 2019 se habla de la ocurrencia de 69 feminicidios, no solo conmociona a la sociedad dominicana, sino que expone con claridad la debilidad existente en la aplicaci\u00f3n de pol\u00edticas p\u00fablicas y el mal funcionamiento del sistema judicial y dem\u00e1s estamentos del Estado para enfrentar esta situaci\u00f3n.&nbsp;<\/p>\n\n\n\n<p class=\"wp-block-paragraph\"><strong>En marcha las Mariposas<\/strong><\/p>\n\n\n\n<p class=\"wp-block-paragraph\">El domingo 24 de noviembre amaneci\u00f3 gris en la capital dominicana, donde la \u201cMarcha de las Mariposas\u201d cubri\u00f3 calles e intersecciones de las principales avenidas. Miles de manifestantes gritaron con fuerzas su dolor y la falta de confianza en un Estado que no acaba de controlar lo que ha sido considerado verdadera pandemia.<\/p>\n\n\n\n<p class=\"wp-block-paragraph\"><strong>FINJUS pide poner fin a los acuerdos<\/strong><\/p>\n\n\n\n<p class=\"wp-block-paragraph\">El presidente de la Fundaci\u00f3n Institucionalidad y Justicia (FINJUS), Servio Tulio Casta\u00f1os, hizo saber p\u00fablicamente este 24 de noviembre, que se deb\u00eda poner fin a los acuerdos en los casos de violencia contra la mujer, avalados por la Justicia y los consider\u00f3 inaplicables en el marco de la realidad social actual, ya que muchos se concretan violentando las leyes en la mayor\u00eda de los casos.<\/p>\n\n\n\n<p class=\"wp-block-paragraph\">\u201cEs un tema que debe ser analizado, ya que estos criterios de oportunidad son otorgados pese a que no se cumplen los requisitos que establece la ley en la mayor\u00eda de los casos\u201d, afirm\u00f3 Casta\u00f1os y asegur\u00f3, adem\u00e1s, que el Ministerio P\u00fablico deb\u00eda suspender esa medida y dar un mensaje contundente a la sociedad, tras considerar que es un problema muy grave.<\/p>\n\n\n\n<p class=\"wp-block-paragraph\">Las palabras del presidente la FINJUS trascienden tras conocerse que, en menos de cuatro meses, dos mujeres fueron asesinadas por sus parejas o exparejas, luego de los perpetradores llegar a acuerdos con las autoridades, aun cuando exist\u00eda el precedente de haber sido ellas agredidas previamente.<\/p>\n\n\n\n<p class=\"wp-block-paragraph\"><strong>Hablan dirigentes feministas&nbsp;<\/strong><\/p>\n\n\n\n<p class=\"wp-block-paragraph\">Voces de activistas y defensoras de los derechos de la mujer, como Lourdes Contreras, coordinadora del Centro de Estudios de G\u00e9nero del Instituto Tecnol\u00f3gico de Santo Domingo (Intec), y F\u00e1tima Lorenzo, del Foro Feminista Magalis Pineda, coincidieron en afirmar que \u201cel Estado debe priorizar el dise\u00f1o de una pol\u00edtica verdaderamente integral para combatir este flagelo que le ha costado la vida a casi 69 mujeres en lo que va de a\u00f1o. No hay una pol\u00edtica del Estado dominicano estructurada de manera integral que permita detectar tempranamente las situaciones de riesgo. Estamos hablando de una pol\u00edtica de car\u00e1cter preventivo que involucre a las escuelas y universidades, con una adecuada capacitaci\u00f3n para los maestros\u201d.<\/p>\n\n\n\n<p class=\"wp-block-paragraph\">Tanto Contreras como Lorenzo se\u00f1alaron como otro de los serios problemas en el pa\u00eds el \u201caf\u00e1n de la Procuradur\u00eda General de la Rep\u00fablica (PGR), por reducir las estad\u00edsticas de feminicidios\u201d, hecho que contabilizan cuando se da entre parejas o exparejas, e ignora los que ocurren en otras circunstancias.<\/p>\n\n\n\n<p class=\"wp-block-paragraph\">\u201cMientras haya una mujer muerta por un feminicidio, los resultados tienen que ser cuestionados, porque cada vida vale lo que vale. Se trata de vidas perdidas, familias afectadas, ni\u00f1os que quedan en la orfandad\u201d, manifest\u00f3Lorenzo.<\/p>\n\n\n\n<p class=\"wp-block-paragraph\"><strong>Instituciones apoyan<\/strong><\/p>\n\n\n\n<p class=\"wp-block-paragraph\">Ante una realidad, que lejos de disminuir, consterna cada d\u00eda m\u00e1s, la Universidad Aut\u00f3noma de Santo Domingo (UASD), anunci\u00f3 que adoptar\u00eda medidas para apoyar la lucha contra la violencia de g\u00e9nero,y present\u00f3 un documento elaborado por el Instituto de Investigaci\u00f3n de G\u00e9nero y Familia de la academia, mediante el cual se dise\u00f1a una Unidad interdisciplinaria para la prevenci\u00f3n y atenci\u00f3n de la violencia de g\u00e9nero, que brinde servicios a lo interno de la Primada de Am\u00e9rica y a cualquier mujer de la sociedad que lo solicite.&nbsp;<\/p>\n\n\n\n<p class=\"wp-block-paragraph\">El vicerrector de Extensi\u00f3n, Antonio Medina Calca\u00f1o, aleg\u00f3 que la UASD se propone activar un convenio suscrito con la Procuradur\u00eda General de la Rep\u00fablica, para la formaci\u00f3n mutua sobre violencia de g\u00e9nero y la lucha por la construcci\u00f3n de la igualdad entre hombres y mujeres.<\/p>\n\n\n\n<p class=\"wp-block-paragraph\">A su vez, Virtudes de la Rosa, directora del Instituto de Investigaci\u00f3n G\u00e9nero y Familia de esta casa de altos estudios, dijo que se desarrollar\u00e1 en los medios de comunicaci\u00f3n y redes, una campa\u00f1a permanente de educaci\u00f3n y prevenci\u00f3n de la violencia de g\u00e9nero, incluido como l\u00ednea de investigaci\u00f3n en las tesis, monogr\u00e1ficos y en los programas docentes de las distintas carreras.<\/p>\n\n\n\n<p class=\"wp-block-paragraph\">Este domingo, representantes de la familia universitaria de la UASD estuvieron presentes en la Marcha de las Mariposas, en conmemoraci\u00f3n y homenaje a las Hermanas Mirabal y del D\u00eda Internacional de la No Violencia Contra la Mujer.<\/p>\n\n\n\n<p class=\"wp-block-paragraph\"><strong>Las que no denunciaron<\/strong><\/p>\n\n\n\n<p class=\"wp-block-paragraph\">El pasado 22 del actual mes, la Procuradur\u00eda General de la Rep\u00fablica (PGR), dio a conocer que el 88 % de las dominicanas asesinadas por sus parejas o exparejas, no hab\u00edan denunciado a su agresor, pese a haber sido muchas veces maltratadas.&nbsp;&nbsp;&nbsp;<\/p>\n\n\n\n<p class=\"wp-block-paragraph\">Jean Alain Rodr\u00edguez, procurador general de la Rep\u00fablica, se refiri\u00f3 al tema durante una rueda de prensa, en la cual resalt\u00f3, seg\u00fan su criterio, los avances en la ejecuci\u00f3n del Plan Nacional Contra la Violencia de G\u00e9nero, en momentos en los cuales existe gran alarma social por los \u00faltimos nueve feminicidios ocurridos desde principios de noviembre: dos de ellos con la acusaci\u00f3n de que se produjeron tras supuestas irregularidades en la excarcelaci\u00f3n de los agresores, que guardaban prisi\u00f3n por hechos de violencia hacia las hoy occisas.<\/p>\n\n\n\n<p class=\"wp-block-paragraph\">Ambos feminicidas obtuvieron la libertad de la prisi\u00f3n mediante acuerdos logrados con la falsificaci\u00f3n de firmas de las fallecidas y la complicidad de funcionarios.<\/p>\n\n\n\n<p class=\"wp-block-paragraph\">Con relaci\u00f3n a los hechos, Alain Rodr\u00edguez subray\u00f3: \u201cHab\u00edamos establecido formalmente y por escrito una prohibici\u00f3n de acuerdos ante tentativa de homicidio y esa prohibici\u00f3n fue violada por familiares, por abogados, notarios, fiscales, jueces que fallaron al sistema y hoy se encuentran bajo arresto algunas de estas personas\u201d.<\/p>\n\n\n\n<p class=\"wp-block-paragraph\">Agreg\u00f3 que la PGR proh\u00edbe el \u201cr\u00e9gimen de consecuencias\u201d previsto para sancionar a los funcionarios que cometan irregularidades en el desarrollo de su trabajo en este campo.<\/p>\n\n\n\n<p class=\"wp-block-paragraph\">No obstante, la realidad indica que el Plan Nacional Contra la Violencia de G\u00e9nero, puesto en marcha hace dos a\u00f1os, con 22 acciones enfocadas en la prevenci\u00f3n, fortalecimiento de la persecuci\u00f3n y atenci\u00f3n efectiva a las v\u00edctimas, no ha tenido los resultados requeridos y aunque el procurador menciona una supuesta reducci\u00f3n del 25 % en el n\u00famero de muertes de mujeres a manos de sus parejas en lo que va de a\u00f1o, y lo resalta como el mejor dato de los \u00faltimos 14 a\u00f1os, la Comisi\u00f3n Econ\u00f3mica para Am\u00e9rica Latina y el Caribe (CEPAL), posiciona a la Rep\u00fablica Dominicana en el tope de pa\u00edses latinoamericanos con m\u00e1s incidencia de casos de feminicidios, con 1,795 mujeres asesinadas entre enero de 2010 y septiembre de 2019.<\/p>\n\n\n\n<p class=\"wp-block-paragraph\">No en balde medios de prensa como la Agencia EFE y el digital InformativoMAS, publicaron de inmediato un titular que rese\u00f1aba: \u201cDatos de feminicidios en la Rep\u00fablica Dominicana est\u00e1n en tela de juicio\u201d, al enfocar los cuestionamientos de grupos de derechos humanos sobre la veracidad de las estad\u00edsticas oficiales, que registran una aparente disminuci\u00f3n de tales cr\u00edmenes, cuando en realidad, por solo poner un ejemplo, noviembre ha sido mes negro para las mujeres en dominicanas.<\/p>\n\n\n\n<p class=\"wp-block-paragraph\"><strong>Discrepan tambi\u00e9n&nbsp;<\/strong><\/p>\n\n\n\n<p class=\"wp-block-paragraph\">Los grupos Coordinadora de Mujeres del Cibao y Movimiento Feminista Hermanas Mirabal discrepan de las estad\u00edsticas que esgrimen las autoridades y plantean que, en los \u00faltimos cuatro a\u00f1os, la cifra anual de asesinatos de mujeres oscila entre 180 a 200, datos que, a su juicio, ellos minimizan.<\/p>\n\n\n\n<p class=\"wp-block-paragraph\">La portavoz de estos dos grupos, Raquel Rivera, entiende que las autoridades no tratan los asesinatos como feminicidios a menos que la parejas o exparejas sean detenidos o acusados por sus parientes como sospechosos del crimen. \u201cTodo esto tiene que ver con la desprotecci\u00f3n que tienen las mujeres dominicanas cuando acuden a la Justicia a denunciar a sus parejas y exparejas por amenazas y malos tratos\u201d, observ\u00f3.<\/p>\n\n\n\n<p class=\"wp-block-paragraph\">Por su parte, la destacada activista Sergia Galv\u00e1n, organizadora de la manifestaci\u00f3n contra la violencia hacia la mujer que tuvo lugar este domingo, record\u00f3 que uno de los problemas mayores que impide la protecci\u00f3n de la mujer en el pa\u00eds, es la demora del Parlamento en aprobar el proyecto de ley para crear un \u201csistema de apoyo integral\u201d capaz de erradicar la violencia contra las mujeres, estancado en el Congreso desde el a\u00f1o 2012.<\/p>\n\n\n\n<p class=\"wp-block-paragraph\">Concluy\u00f3 Galv\u00e1n que \u201ccuando el Estado no da una respuesta efectiva, se convierte en c\u00f3mplice\u201d.<\/p>\n\n\n\n<p class=\"wp-block-paragraph\"><strong>Finalmente\u2026<\/strong><\/p>\n\n\n\n<p class=\"wp-block-paragraph\">La lucha contin\u00faa\u2026Este domingo, la Marcha de las Mariposas inund\u00f3 avenidas de la capital en la Rep\u00fablica Dominicana. M\u00e1s de cien organizaciones civiles y sociales de todo el pa\u00eds; adem\u00e1s de la clase pol\u00edtica y representantes de academias se integraron a este evento, que m\u00e1s que conmemoraci\u00f3n constituy\u00f3 protesta y desaf\u00edo a lo que no parece tener fin.<\/p>\n\n\n\n<p class=\"wp-block-paragraph\">La poblaci\u00f3n se uni\u00f3 al intenso desfile y voces de renombrados artistas y comunicadores rememoraron este d\u00eda, cuando veinte a\u00f1os atr\u00e1s, la Asamblea General de las Naciones Unidas acogi\u00f3 mediante resoluci\u00f3n, el 25 de noviembre como D\u00eda Internacional de la Eliminaci\u00f3n de la Violencia contra las Mujeres, en memoria a Patria, Minerva y Teresa, las heroicas Hermanas Mirabal, cuyo legado hist\u00f3rico mantiene en pie el prop\u00f3sito de lograr un pa\u00eds y un mundo justo, libre de feminicidios y de violencia contra las mujeres.&nbsp;<\/p>\n\n\n\n<p class=\"wp-block-paragraph\">SEM-SEMlac\/ma\/sj<\/p>\n","protected":false},"excerpt":{"rendered":"<p>* Realizan miles de personas la Marca de las Mariposas * Llaman a poner fines a los \u201cacuerdos\u201d en casos de violencia contra las mujeres Mercedes Alonso SemM\u00e9xico\/SEMLac, Santo Domingo, 25 noviembre 2019.- No son nada halag\u00fce\u00f1os los resultados que exhibe el pa\u00eds, justo en este mes en el cual el mundo conmemora este 25 [&hellip;]<\/p>\n","protected":false},"author":3,"featured_media":14310,"comment_status":"open","ping_status":"open","sticky":false,"template":"","format":"standard","meta":{"_monsterinsights_skip_tracking":false,"footnotes":""},"categories":[690,53],"tags":[],"class_list":["post-14308","post","type-post","status-publish","format-standard","has-post-thumbnail","category-690","category-internacional"],"_links":{"self":[{"href":"https:\/\/redsemlac.com\/semmexico\/wp-json\/wp\/v2\/posts\/14308","targetHints":{"allow":["GET"]}}],"collection":[{"href":"https:\/\/redsemlac.com\/semmexico\/wp-json\/wp\/v2\/posts"}],"about":[{"href":"https:\/\/redsemlac.com\/semmexico\/wp-json\/wp\/v2\/types\/post"}],"author":[{"embeddable":true,"href":"https:\/\/redsemlac.com\/semmexico\/wp-json\/wp\/v2\/users\/3"}],"replies":[{"embeddable":true,"href":"https:\/\/redsemlac.com\/semmexico\/wp-json\/wp\/v2\/comments?post=14308"}],"version-history":[{"count":0,"href":"https:\/\/redsemlac.com\/semmexico\/wp-json\/wp\/v2\/posts\/14308\/revisions"}],"wp:featuredmedia":[{"embeddable":true,"href":"https:\/\/redsemlac.com\/semmexico\/wp-json\/wp\/v2\/media\/14310"}],"wp:attachment":[{"href":"https:\/\/redsemlac.com\/semmexico\/wp-json\/wp\/v2\/media?parent=14308"}],"wp:term":[{"taxonomy":"category","embeddable":true,"href":"https:\/\/redsemlac.com\/semmexico\/wp-json\/wp\/v2\/categories?post=14308"},{"taxonomy":"post_tag","embeddable":true,"href":"https:\/\/redsemlac.com\/semmexico\/wp-json\/wp\/v2\/tags?post=14308"}],"curies":[{"name":"wp","href":"https:\/\/api.w.org\/{rel}","templated":true}]}}